{"id":2909,"date":"2016-05-23T05:48:29","date_gmt":"2016-05-23T03:48:29","guid":{"rendered":"http:\/\/www.milosnicylasu.olsztyn.pl\/?p=2909"},"modified":"2016-05-23T05:50:58","modified_gmt":"2016-05-23T03:50:58","slug":"bez-programu-500","status":"publish","type":"post","link":"https:\/\/www.milosnicylasu.olsztyn.pl\/?p=2909","title":{"rendered":"Bez programu 500+&#8230;&#8230;&#8230;."},"content":{"rendered":"<p><a href=\"http:\/\/www.milosnicylasu.olsztyn.pl\/wp-content\/uploads\/2016\/05\/\u0141omza-maj-2011-008-www.jpg\" rel=\"attachment wp-att-2910\" data-rel=\"lightbox-image-0\" data-magnific_type=\"image\" data-rl_title=\"\" data-rl_caption=\"\" title=\"\"><img loading=\"lazy\" decoding=\"async\" class=\"size-medium wp-image-2910 alignleft\" src=\"http:\/\/www.milosnicylasu.olsztyn.pl\/wp-content\/uploads\/2016\/05\/\u0141omza-maj-2011-008-www-300x225.jpg\" alt=\"\u0141omza maj 2011 008-www\" width=\"300\" height=\"225\" srcset=\"https:\/\/www.milosnicylasu.olsztyn.pl\/wp-content\/uploads\/2016\/05\/\u0141omza-maj-2011-008-www-300x225.jpg 300w, https:\/\/www.milosnicylasu.olsztyn.pl\/wp-content\/uploads\/2016\/05\/\u0141omza-maj-2011-008-www-768x576.jpg 768w, https:\/\/www.milosnicylasu.olsztyn.pl\/wp-content\/uploads\/2016\/05\/\u0141omza-maj-2011-008-www.jpg 1024w, https:\/\/www.milosnicylasu.olsztyn.pl\/wp-content\/uploads\/2016\/05\/\u0141omza-maj-2011-008-www-400x300.jpg 400w\" sizes=\"auto, (max-width: 300px) 100vw, 300px\" \/><\/a><\/p>\n<p>Taki przych\u00f3wek? A\u017c trudno policzy\u0107. Sk\u0105d ich tyle? A kto to wy\u017cywi !<\/p>\n<p>&nbsp;<\/p>\n<p>&#8211; dziwi\u0142a si\u0119 bociania mama<\/p>\n<p>&nbsp;<\/p>\n<p>Zdj\u0119cie zosta\u0142o zrobione z wie\u017cy zamku w Tykocinie &#8211; \u00a0przes\u0142a\u0142 \u00a0nasz kolega Kazimierz Milowski.<\/p>\n","protected":false},"excerpt":{"rendered":"<p>Taki przych\u00f3wek? A\u017c trudno policzy\u0107. Sk\u0105d ich tyle? A kto to wy\u017cywi ! &nbsp; &#8211; dziwi\u0142a si\u0119 bociania mama &nbsp; Zdj\u0119cie zosta\u0142o zrobione z wie\u017cy zamku w Tykocinie &#8211; \u00a0przes\u0142a\u0142 \u00a0nasz kolega Kazimierz Milowski.<\/p>\n","protected":false},"author":2,"featured_media":0,"comment_status":"open","ping_status":"open","sticky":false,"template":"","format":"standard","meta":{"footnotes":""},"categories":[1,9],"tags":[],"class_list":["post-2909","post","type-post","status-publish","format-standard","hentry","category-bez-kategorii","category-ciekawostki"],"_links":{"self":[{"href":"https:\/\/www.milosnicylasu.olsztyn.pl\/index.php?rest_route=\/wp\/v2\/posts\/2909","targetHints":{"allow":["GET"]}}],"collection":[{"href":"https:\/\/www.milosnicylasu.olsztyn.pl\/index.php?rest_route=\/wp\/v2\/posts"}],"about":[{"href":"https:\/\/www.milosnicylasu.olsztyn.pl\/index.php?rest_route=\/wp\/v2\/types\/post"}],"author":[{"embeddable":true,"href":"https:\/\/www.milosnicylasu.olsztyn.pl\/index.php?rest_route=\/wp\/v2\/users\/2"}],"replies":[{"embeddable":true,"href":"https:\/\/www.milosnicylasu.olsztyn.pl\/index.php?rest_route=%2Fwp%2Fv2%2Fcomments&post=2909"}],"version-history":[{"count":3,"href":"https:\/\/www.milosnicylasu.olsztyn.pl\/index.php?rest_route=\/wp\/v2\/posts\/2909\/revisions"}],"predecessor-version":[{"id":2913,"href":"https:\/\/www.milosnicylasu.olsztyn.pl\/index.php?rest_route=\/wp\/v2\/posts\/2909\/revisions\/2913"}],"wp:attachment":[{"href":"https:\/\/www.milosnicylasu.olsztyn.pl\/index.php?rest_route=%2Fwp%2Fv2%2Fmedia&parent=2909"}],"wp:term":[{"taxonomy":"category","embeddable":true,"href":"https:\/\/www.milosnicylasu.olsztyn.pl\/index.php?rest_route=%2Fwp%2Fv2%2Fcategories&post=2909"},{"taxonomy":"post_tag","embeddable":true,"href":"https:\/\/www.milosnicylasu.olsztyn.pl\/index.php?rest_route=%2Fwp%2Fv2%2Ftags&post=2909"}],"curies":[{"name":"wp","href":"https:\/\/api.w.org\/{rel}","templated":true}]}}