{"id":2915,"date":"2016-05-24T06:35:52","date_gmt":"2016-05-24T04:35:52","guid":{"rendered":"http:\/\/www.milosnicylasu.olsztyn.pl\/?p=2915"},"modified":"2016-05-24T20:04:39","modified_gmt":"2016-05-24T18:04:39","slug":"po-raz-drugi-w-goscinnym-nadlesnictwo-jagielek","status":"publish","type":"post","link":"https:\/\/www.milosnicylasu.olsztyn.pl\/?p=2915","title":{"rendered":"Po raz drugi w go\u015bcinnym Nadle\u015bnictwo Jagie\u0142ek"},"content":{"rendered":"<p><a href=\"http:\/\/www.milosnicylasu.olsztyn.pl\/wp-content\/uploads\/2016\/05\/DSCN7131-www.jpg\" rel=\"attachment wp-att-2916\" data-rel=\"lightbox-image-0\" data-magnific_type=\"image\" data-rl_title=\"\" data-rl_caption=\"\" title=\"\"><img loading=\"lazy\" decoding=\"async\" class=\"size-medium wp-image-2916 alignleft\" src=\"http:\/\/www.milosnicylasu.olsztyn.pl\/wp-content\/uploads\/2016\/05\/DSCN7131-www-300x225.jpg\" alt=\"DSCN7131-www\" width=\"300\" height=\"225\" srcset=\"https:\/\/www.milosnicylasu.olsztyn.pl\/wp-content\/uploads\/2016\/05\/DSCN7131-www-300x225.jpg 300w, https:\/\/www.milosnicylasu.olsztyn.pl\/wp-content\/uploads\/2016\/05\/DSCN7131-www-768x576.jpg 768w, https:\/\/www.milosnicylasu.olsztyn.pl\/wp-content\/uploads\/2016\/05\/DSCN7131-www.jpg 1024w, https:\/\/www.milosnicylasu.olsztyn.pl\/wp-content\/uploads\/2016\/05\/DSCN7131-www-400x300.jpg 400w\" sizes=\"auto, (max-width: 300px) 100vw, 300px\" \/><\/a>21 maja grupa 50 cz\u0142onk\u00f3w i sympatyk\u00f3w Ko\u0142a Mi\u0142o\u015bnik\u00f3w Lasu i Militari\u00f3w LOK przy ATW w Olsztynie odwiedzi\u0142a Nadle\u015bnictwo Jagie\u0142ek. By\u0142a \u00a0to ju\u017c nasza druga edukacja przyrodniczo-le\u015bna w tym\u00a0Nadle\u015bnictwie.<\/p>\n<p><a href=\"http:\/\/www.milosnicylasu.olsztyn.pl\/wp-content\/uploads\/2016\/05\/DSCN7080-www.jpg\" rel=\"attachment wp-att-2917\" data-rel=\"lightbox-image-1\" data-magnific_type=\"image\" data-rl_title=\"\" data-rl_caption=\"\" title=\"\"><img loading=\"lazy\" decoding=\"async\" class=\"size-medium wp-image-2917 alignright\" src=\"http:\/\/www.milosnicylasu.olsztyn.pl\/wp-content\/uploads\/2016\/05\/DSCN7080-www-300x225.jpg\" alt=\"DSCN7080-www\" width=\"300\" height=\"225\" srcset=\"https:\/\/www.milosnicylasu.olsztyn.pl\/wp-content\/uploads\/2016\/05\/DSCN7080-www-300x225.jpg 300w, https:\/\/www.milosnicylasu.olsztyn.pl\/wp-content\/uploads\/2016\/05\/DSCN7080-www-768x576.jpg 768w, https:\/\/www.milosnicylasu.olsztyn.pl\/wp-content\/uploads\/2016\/05\/DSCN7080-www.jpg 1024w, https:\/\/www.milosnicylasu.olsztyn.pl\/wp-content\/uploads\/2016\/05\/DSCN7080-www-400x300.jpg 400w\" sizes=\"auto, (max-width: 300px) 100vw, 300px\" \/><\/a>\u00a0Dzi\u0119ki Pani Bo\u017cenie Przes\u0142aw\u00a0&#8211; nadle\u015bniczemu Nadle\u015bnictwa, kt\u00f3ra nas zaprosi\u0142a, go\u015bci\u0142a, oprowadza\u0142a i<\/p>\n<p>opowiada\u0142a, \u00a0dowiedzieli\u015bmy si\u0119 wiele o historii, o lasach, o pracy le\u015bnik\u00f3w, wys\u0142ucha\u0107 sygnalisty, \u00a0a tak\u017ce mogli\u015bmy zobaczy\u0107 rezerwat \u00a0przyrody i ciekawe obiekty.<\/p>\n<p>Wed\u0142ug przekazu Jana D\u0142ugosza po bitwie pod Grunwaldem w 1410 roku kr\u00f3l W\u0142adys\u0142aw Jagie\u0142\u0142o odpoczywa\u0142 w okolicy Olsztynka. Od tego czasu miejsce to nosi nazw\u0119 Jagie\u0142ek i od niego wzi\u0119\u0142a si\u0119 nazwa Nadle\u015bnictwa.<\/p>\n<p><a href=\"http:\/\/www.milosnicylasu.olsztyn.pl\/wp-content\/uploads\/2016\/05\/DSCN7089-www.jpg\" rel=\"attachment wp-att-2919\" data-rel=\"lightbox-image-2\" data-magnific_type=\"image\" data-rl_title=\"\" data-rl_caption=\"\" title=\"\"><img loading=\"lazy\" decoding=\"async\" class=\"size-medium wp-image-2919 alignleft\" src=\"http:\/\/www.milosnicylasu.olsztyn.pl\/wp-content\/uploads\/2016\/05\/DSCN7089-www-300x225.jpg\" alt=\"DSCN7089-www\" width=\"300\" height=\"225\" srcset=\"https:\/\/www.milosnicylasu.olsztyn.pl\/wp-content\/uploads\/2016\/05\/DSCN7089-www-300x225.jpg 300w, https:\/\/www.milosnicylasu.olsztyn.pl\/wp-content\/uploads\/2016\/05\/DSCN7089-www-768x576.jpg 768w, https:\/\/www.milosnicylasu.olsztyn.pl\/wp-content\/uploads\/2016\/05\/DSCN7089-www.jpg 1024w, https:\/\/www.milosnicylasu.olsztyn.pl\/wp-content\/uploads\/2016\/05\/DSCN7089-www-400x300.jpg 400w\" sizes=\"auto, (max-width: 300px) 100vw, 300px\" \/><\/a><\/p>\n<p>&nbsp;<\/p>\n<p>Aktualnie w zarz\u0105dzie Nadle\u015bnictwa Jagie\u0142ek znajduje si\u0119 11 tys. ha las\u00f3w. G\u0142\u00f3wnie s\u0105 to lasy iglaste o znakomitym mikroklimacie, zasobne w grzyby i jagody oraz bogate w zwierzyn\u0119 le\u015bn\u0105.<\/p>\n<p>&nbsp;<\/p>\n<p><a href=\"http:\/\/www.milosnicylasu.olsztyn.pl\/wp-content\/uploads\/2016\/05\/DSCN7101-www.jpg\" rel=\"attachment wp-att-2928\" data-rel=\"lightbox-image-3\" data-magnific_type=\"image\" data-rl_title=\"\" data-rl_caption=\"\" title=\"\"><img loading=\"lazy\" decoding=\"async\" class=\"size-medium wp-image-2928 alignleft\" src=\"http:\/\/www.milosnicylasu.olsztyn.pl\/wp-content\/uploads\/2016\/05\/DSCN7101-www-225x300.jpg\" alt=\"DSCN7101-www\" width=\"225\" height=\"300\" srcset=\"https:\/\/www.milosnicylasu.olsztyn.pl\/wp-content\/uploads\/2016\/05\/DSCN7101-www-225x300.jpg 225w, https:\/\/www.milosnicylasu.olsztyn.pl\/wp-content\/uploads\/2016\/05\/DSCN7101-www.jpg 768w\" sizes=\"auto, (max-width: 225px) 100vw, 225px\" \/><\/a>Id\u0105c lasami Nadle\u015bnictwa podziwiali\u015bmy zabytkowe modrzewie, a jakie grube to wida\u0107 na zdj\u0119ciu. Po drodze przechodzili\u015bmy te\u017c ko\u0142o le\u015bnego jeziorka, wok\u00f3\u0142 kt\u00f3rego ro\u015bnie wiele ciekawych ro\u015blin, m.in rosiczka.<a href=\"http:\/\/www.milosnicylasu.olsztyn.pl\/wp-content\/uploads\/2016\/05\/DSCN7106-www.jpg\" rel=\"attachment wp-att-2931\" data-rel=\"lightbox-image-4\" data-magnific_type=\"image\" data-rl_title=\"\" data-rl_caption=\"\" title=\"\"><img loading=\"lazy\" decoding=\"async\" class=\"alignnone size-medium wp-image-2931\" src=\"http:\/\/www.milosnicylasu.olsztyn.pl\/wp-content\/uploads\/2016\/05\/DSCN7106-www-300x225.jpg\" alt=\"DSCN7106-www\" width=\"300\" height=\"225\" srcset=\"https:\/\/www.milosnicylasu.olsztyn.pl\/wp-content\/uploads\/2016\/05\/DSCN7106-www-300x225.jpg 300w, https:\/\/www.milosnicylasu.olsztyn.pl\/wp-content\/uploads\/2016\/05\/DSCN7106-www-768x576.jpg 768w, https:\/\/www.milosnicylasu.olsztyn.pl\/wp-content\/uploads\/2016\/05\/DSCN7106-www.jpg 1024w, https:\/\/www.milosnicylasu.olsztyn.pl\/wp-content\/uploads\/2016\/05\/DSCN7106-www-400x300.jpg 400w\" sizes=\"auto, (max-width: 300px) 100vw, 300px\" \/><\/a><\/p>\n<p><a href=\"http:\/\/www.milosnicylasu.olsztyn.pl\/wp-content\/uploads\/2016\/05\/DSCN7097-www.jpg\" rel=\"attachment wp-att-2920\" data-rel=\"lightbox-image-5\" data-magnific_type=\"image\" data-rl_title=\"\" data-rl_caption=\"\" title=\"\"><img loading=\"lazy\" decoding=\"async\" class=\"size-medium wp-image-2920 alignright\" src=\"http:\/\/www.milosnicylasu.olsztyn.pl\/wp-content\/uploads\/2016\/05\/DSCN7097-www-300x225.jpg\" alt=\"DSCN7097-www\" width=\"300\" height=\"225\" srcset=\"https:\/\/www.milosnicylasu.olsztyn.pl\/wp-content\/uploads\/2016\/05\/DSCN7097-www-300x225.jpg 300w, https:\/\/www.milosnicylasu.olsztyn.pl\/wp-content\/uploads\/2016\/05\/DSCN7097-www-768x576.jpg 768w, https:\/\/www.milosnicylasu.olsztyn.pl\/wp-content\/uploads\/2016\/05\/DSCN7097-www.jpg 1024w, https:\/\/www.milosnicylasu.olsztyn.pl\/wp-content\/uploads\/2016\/05\/DSCN7097-www-400x300.jpg 400w\" sizes=\"auto, (max-width: 300px) 100vw, 300px\" \/><\/a><\/p>\n<p><a href=\"http:\/\/www.milosnicylasu.olsztyn.pl\/wp-content\/uploads\/2016\/05\/DSCN7085-www.jpg\" rel=\"attachment wp-att-2918\" data-rel=\"lightbox-image-6\" data-magnific_type=\"image\" data-rl_title=\"\" data-rl_caption=\"\" title=\"\"><img loading=\"lazy\" decoding=\"async\" class=\"size-medium wp-image-2918 alignleft\" src=\"http:\/\/www.milosnicylasu.olsztyn.pl\/wp-content\/uploads\/2016\/05\/DSCN7085-www-300x225.jpg\" alt=\"DSCN7085-www\" width=\"300\" height=\"225\" srcset=\"https:\/\/www.milosnicylasu.olsztyn.pl\/wp-content\/uploads\/2016\/05\/DSCN7085-www-300x225.jpg 300w, https:\/\/www.milosnicylasu.olsztyn.pl\/wp-content\/uploads\/2016\/05\/DSCN7085-www-768x576.jpg 768w, https:\/\/www.milosnicylasu.olsztyn.pl\/wp-content\/uploads\/2016\/05\/DSCN7085-www.jpg 1024w, https:\/\/www.milosnicylasu.olsztyn.pl\/wp-content\/uploads\/2016\/05\/DSCN7085-www-400x300.jpg 400w\" sizes=\"auto, (max-width: 300px) 100vw, 300px\" \/><\/a><\/p>\n<p>&nbsp;<\/p>\n<p>Na terenach Nadle\u015bnictwa, w 1970 r. \u00a0zosta\u0142 utworzony rezerwat przyrody &#8222;Ostoja bobr\u00f3w na rzece Pas\u0142\u0119ce&#8221; obejmuj\u0105cy rzek\u0119 Pas\u0142\u0119k\u0119 wraz z przyleg\u0142ymi gruntami o szeroko\u015bci 100 m na gruntach pa\u0144stwa i 10 m na gruntach prywatnych. &#8222;Ostoja bobr\u00f3w na rzece Pas\u0142\u0119ce&#8221; jest rezerwatem faunistycznym maj\u0105cym na celu zachowanie stanowisk bobra.<\/p>\n<p>&nbsp;<\/p>\n<p><em>Pas\u0142\u0119ka jest drug\u0105 co do wielko\u015bci rzek\u0105 Mazur o d\u0142ugo\u015b\u0107 211 km. \u0179r\u00f3d\u0142a znajduj\u0105 si\u0119 w okolicy wsi Gry\u017aliny (na p\u00f3\u0142noc od Olsztynka), na wysoko\u015bci 157 m n.p.m. Pas\u0142\u0119ka w g\u00f3rnym biegu przep\u0142ywa przez jeziora: Pas\u0142\u0119k, Wym\u00f3j, Sar\u0105g, \u0141\u0119guty oraz Is\u0105g. Dalej p\u0142ynie przez r\u00f3wniny do Braniewa a nast\u0119pnie uchodzi do Zalewu Wi\u015blanego ko\u0142o Nowej Pas\u0142\u0119ki. Rzeka wyznacza granic\u0119 pomi\u0119dzy Warmi\u0105 i Mazurami.<\/em><\/p>\n<p><a href=\"http:\/\/www.milosnicylasu.olsztyn.pl\/wp-content\/uploads\/2016\/05\/DSCN7123-www.jpg\" rel=\"attachment wp-att-2921\" data-rel=\"lightbox-image-7\" data-magnific_type=\"image\" data-rl_title=\"\" data-rl_caption=\"\" title=\"\"><img loading=\"lazy\" decoding=\"async\" class=\"size-medium wp-image-2921 alignright\" src=\"http:\/\/www.milosnicylasu.olsztyn.pl\/wp-content\/uploads\/2016\/05\/DSCN7123-www-300x225.jpg\" alt=\"DSCN7123-www\" width=\"300\" height=\"225\" srcset=\"https:\/\/www.milosnicylasu.olsztyn.pl\/wp-content\/uploads\/2016\/05\/DSCN7123-www-300x225.jpg 300w, https:\/\/www.milosnicylasu.olsztyn.pl\/wp-content\/uploads\/2016\/05\/DSCN7123-www-768x576.jpg 768w, https:\/\/www.milosnicylasu.olsztyn.pl\/wp-content\/uploads\/2016\/05\/DSCN7123-www.jpg 1024w, https:\/\/www.milosnicylasu.olsztyn.pl\/wp-content\/uploads\/2016\/05\/DSCN7123-www-400x300.jpg 400w\" sizes=\"auto, (max-width: 300px) 100vw, 300px\" \/><\/a><\/p>\n<p>&nbsp;<\/p>\n<p>W izbie edukacyjnej w Le\u015bnictwie Mitelki ogl\u0105dn\u0119li\u015bmy bardzo ciekawy film, a nast\u0119pnie zostali\u015bmy zaproszeni na posi\u0142ek przy ognisku. Po le\u015bnych w\u0119dr\u00f3wkach pieczone kie\u0142baski smakowa\u0142y wyj\u0105tkowo.<a href=\"http:\/\/www.milosnicylasu.olsztyn.pl\/wp-content\/uploads\/2016\/05\/DSCN7145-www.jpg\" rel=\"attachment wp-att-2923\" data-rel=\"lightbox-image-8\" data-magnific_type=\"image\" data-rl_title=\"\" data-rl_caption=\"\" title=\"\"><img loading=\"lazy\" decoding=\"async\" class=\"size-medium wp-image-2923 alignright\" src=\"http:\/\/www.milosnicylasu.olsztyn.pl\/wp-content\/uploads\/2016\/05\/DSCN7145-www-300x225.jpg\" alt=\"DSCN7145-www\" width=\"300\" height=\"225\" srcset=\"https:\/\/www.milosnicylasu.olsztyn.pl\/wp-content\/uploads\/2016\/05\/DSCN7145-www-300x225.jpg 300w, https:\/\/www.milosnicylasu.olsztyn.pl\/wp-content\/uploads\/2016\/05\/DSCN7145-www-768x576.jpg 768w, https:\/\/www.milosnicylasu.olsztyn.pl\/wp-content\/uploads\/2016\/05\/DSCN7145-www.jpg 1024w, https:\/\/www.milosnicylasu.olsztyn.pl\/wp-content\/uploads\/2016\/05\/DSCN7145-www-400x300.jpg 400w\" sizes=\"auto, (max-width: 300px) 100vw, 300px\" \/><\/a><\/p>\n<p>&nbsp;<\/p>\n<p>Ciekawym punktem naszego pobytu w Nadle\u015bnictwie Jagie\u0142ek by\u0142o zwiedzenie fortyfikacji w Tomarynach, kt\u00f3re powsta\u0142y w latach 1897-1902. Obronne budowle strzeg\u0142y mostu kolejowego.<\/p>\n<p>&nbsp;<\/p>\n<p><a href=\"http:\/\/www.milosnicylasu.olsztyn.pl\/wp-content\/uploads\/2016\/05\/DSCN7140-www.jpg\" rel=\"attachment wp-att-2922\" data-rel=\"lightbox-image-9\" data-magnific_type=\"image\" data-rl_title=\"\" data-rl_caption=\"\" title=\"\"><img loading=\"lazy\" decoding=\"async\" class=\"size-medium wp-image-2922 alignleft\" src=\"http:\/\/www.milosnicylasu.olsztyn.pl\/wp-content\/uploads\/2016\/05\/DSCN7140-www-300x225.jpg\" alt=\"DSCN7140-www\" width=\"300\" height=\"225\" srcset=\"https:\/\/www.milosnicylasu.olsztyn.pl\/wp-content\/uploads\/2016\/05\/DSCN7140-www-300x225.jpg 300w, https:\/\/www.milosnicylasu.olsztyn.pl\/wp-content\/uploads\/2016\/05\/DSCN7140-www-768x576.jpg 768w, https:\/\/www.milosnicylasu.olsztyn.pl\/wp-content\/uploads\/2016\/05\/DSCN7140-www.jpg 1024w, https:\/\/www.milosnicylasu.olsztyn.pl\/wp-content\/uploads\/2016\/05\/DSCN7140-www-400x300.jpg 400w\" sizes=\"auto, (max-width: 300px) 100vw, 300px\" \/><\/a>Zesp\u00f3\u0142 budowli obronnych w Tomarynach sk\u0142ada si\u0119 z dw\u00f3ch<\/p>\n<p>&nbsp;<\/p>\n<p>czterokondygnacyjnych wie\u017c z otworami strzelniczymi, tunelu oraz ukryt\u0105 podziemn\u0105 komnat\u0105 o sklepieniu p\u00f3\u0142kolistym.<\/p>\n<p>&nbsp;<\/p>\n<p>Ciekawostk\u0105 jest, \u017ce na \u015bcianach przetrwa\u0142y oryginalne kierunkowe napisy miejscowo\u015bci \u00a0z prze\u0142omu XIX i XX wieku. Napisy te zapewnia\u0142y za\u0142odze orientacj\u0119 i u\u0142atwia\u0142y dzia\u0142ania podczas ewentualnej walki.<a href=\"http:\/\/www.milosnicylasu.olsztyn.pl\/wp-content\/uploads\/2016\/05\/DSCN7153-www.jpg\" rel=\"attachment wp-att-2924\" data-rel=\"lightbox-image-10\" data-magnific_type=\"image\" data-rl_title=\"\" data-rl_caption=\"\" title=\"\"><img loading=\"lazy\" decoding=\"async\" class=\"size-medium wp-image-2924 alignright\" src=\"http:\/\/www.milosnicylasu.olsztyn.pl\/wp-content\/uploads\/2016\/05\/DSCN7153-www-300x225.jpg\" alt=\"DSCN7153-www\" width=\"300\" height=\"225\" srcset=\"https:\/\/www.milosnicylasu.olsztyn.pl\/wp-content\/uploads\/2016\/05\/DSCN7153-www-300x225.jpg 300w, https:\/\/www.milosnicylasu.olsztyn.pl\/wp-content\/uploads\/2016\/05\/DSCN7153-www-768x576.jpg 768w, https:\/\/www.milosnicylasu.olsztyn.pl\/wp-content\/uploads\/2016\/05\/DSCN7153-www.jpg 1024w, https:\/\/www.milosnicylasu.olsztyn.pl\/wp-content\/uploads\/2016\/05\/DSCN7153-www-400x300.jpg 400w\" sizes=\"auto, (max-width: 300px) 100vw, 300px\" \/><\/a><\/p>\n<p>&nbsp;<\/p>\n<p>Pe\u0142ni wra\u017ce\u0144 wr\u00f3cili\u015bmy do autokaru a p\u00f3\u017aniej do Olsztyna.<\/p>\n<p>Pomys\u0142odawc\u0105 i organizatorem wyjazdu by\u0142 Anatol Leszczy\u0144ski, a zebraniem grupy i odp\u0142atno\u015bci zaj\u0119\u0142a si\u0119 Basia Bruzgo. Dzi\u0119kujemy organizatorom i sponsorowi wyjazdu Nadle\u015bnictwu Jagie\u0142ek. Pani Bo\u017cenie Przes\u0142aw i wsp\u00f3\u0142pracownikom dzi\u0119kujemy za zaproszenie, za serdeczno\u015b\u0107, za go\u015bcin\u0119, za przekazan\u0105 wiedz\u0119, za niecodzienny koncert.<\/p>\n","protected":false},"excerpt":{"rendered":"<p>21 maja grupa 50 cz\u0142onk\u00f3w i sympatyk\u00f3w Ko\u0142a Mi\u0142o\u015bnik\u00f3w Lasu i Militari\u00f3w LOK przy ATW w Olsztynie odwiedzi\u0142a Nadle\u015bnictwo Jagie\u0142ek. By\u0142a \u00a0to ju\u017c nasza druga edukacja przyrodniczo-le\u015bna w tym\u00a0Nadle\u015bnictwie. \u00a0Dzi\u0119ki Pani Bo\u017cenie Przes\u0142aw\u00a0&#8211; nadle\u015bniczemu Nadle\u015bnictwa, kt\u00f3ra nas zaprosi\u0142a, go\u015bci\u0142a, oprowadza\u0142a i opowiada\u0142a, \u00a0dowiedzieli\u015bmy si\u0119 wiele o historii, o lasach, o pracy le\u015bnik\u00f3w, wys\u0142ucha\u0107 sygnalisty, \u00a0a [&hellip;]<\/p>\n","protected":false},"author":2,"featured_media":2923,"comment_status":"open","ping_status":"open","sticky":false,"template":"","format":"standard","meta":{"footnotes":""},"categories":[1,9,5],"tags":[],"class_list":["post-2915","post","type-post","status-publish","format-standard","has-post-thumbnail","hentry","category-bez-kategorii","category-ciekawostki","category-wycieczki"],"_links":{"self":[{"href":"https:\/\/www.milosnicylasu.olsztyn.pl\/index.php?rest_route=\/wp\/v2\/posts\/2915","targetHints":{"allow":["GET"]}}],"collection":[{"href":"https:\/\/www.milosnicylasu.olsztyn.pl\/index.php?rest_route=\/wp\/v2\/posts"}],"about":[{"href":"https:\/\/www.milosnicylasu.olsztyn.pl\/index.php?rest_route=\/wp\/v2\/types\/post"}],"author":[{"embeddable":true,"href":"https:\/\/www.milosnicylasu.olsztyn.pl\/index.php?rest_route=\/wp\/v2\/users\/2"}],"replies":[{"embeddable":true,"href":"https:\/\/www.milosnicylasu.olsztyn.pl\/index.php?rest_route=%2Fwp%2Fv2%2Fcomments&post=2915"}],"version-history":[{"count":6,"href":"https:\/\/www.milosnicylasu.olsztyn.pl\/index.php?rest_route=\/wp\/v2\/posts\/2915\/revisions"}],"predecessor-version":[{"id":2933,"href":"https:\/\/www.milosnicylasu.olsztyn.pl\/index.php?rest_route=\/wp\/v2\/posts\/2915\/revisions\/2933"}],"wp:featuredmedia":[{"embeddable":true,"href":"https:\/\/www.milosnicylasu.olsztyn.pl\/index.php?rest_route=\/wp\/v2\/media\/2923"}],"wp:attachment":[{"href":"https:\/\/www.milosnicylasu.olsztyn.pl\/index.php?rest_route=%2Fwp%2Fv2%2Fmedia&parent=2915"}],"wp:term":[{"taxonomy":"category","embeddable":true,"href":"https:\/\/www.milosnicylasu.olsztyn.pl\/index.php?rest_route=%2Fwp%2Fv2%2Fcategories&post=2915"},{"taxonomy":"post_tag","embeddable":true,"href":"https:\/\/www.milosnicylasu.olsztyn.pl\/index.php?rest_route=%2Fwp%2Fv2%2Ftags&post=2915"}],"curies":[{"name":"wp","href":"https:\/\/api.w.org\/{rel}","templated":true}]}}