{"id":2938,"date":"2016-05-31T06:34:33","date_gmt":"2016-05-31T04:34:33","guid":{"rendered":"http:\/\/www.milosnicylasu.olsztyn.pl\/?p=2938"},"modified":"2016-05-31T06:36:27","modified_gmt":"2016-05-31T04:36:27","slug":"bogaty-to-ten","status":"publish","type":"post","link":"https:\/\/www.milosnicylasu.olsztyn.pl\/?p=2938","title":{"rendered":"Bogaty &#8211; to ten&#8230;&#8230;&#8230;&#8230;."},"content":{"rendered":"<p><strong><a href=\"http:\/\/www.milosnicylasu.olsztyn.pl\/wp-content\/uploads\/2016\/05\/IMG_20160528_112509-www.jpg\" rel=\"attachment wp-att-2939\" data-rel=\"lightbox-image-0\" data-magnific_type=\"image\" data-rl_title=\"\" data-rl_caption=\"\" title=\"\"><img loading=\"lazy\" decoding=\"async\" class=\"size-medium wp-image-2939 alignleft\" src=\"http:\/\/www.milosnicylasu.olsztyn.pl\/wp-content\/uploads\/2016\/05\/IMG_20160528_112509-www-300x225.jpg\" alt=\"IMG_20160528_112509-www\" width=\"300\" height=\"225\" srcset=\"https:\/\/www.milosnicylasu.olsztyn.pl\/wp-content\/uploads\/2016\/05\/IMG_20160528_112509-www-300x225.jpg 300w, https:\/\/www.milosnicylasu.olsztyn.pl\/wp-content\/uploads\/2016\/05\/IMG_20160528_112509-www-768x576.jpg 768w, https:\/\/www.milosnicylasu.olsztyn.pl\/wp-content\/uploads\/2016\/05\/IMG_20160528_112509-www.jpg 1024w, https:\/\/www.milosnicylasu.olsztyn.pl\/wp-content\/uploads\/2016\/05\/IMG_20160528_112509-www-400x300.jpg 400w\" sizes=\"auto, (max-width: 300px) 100vw, 300px\" \/><\/a>\u201eBogaty &#8211; to nie ten, kto ma du\u017co pieni\u0119dzy, lecz ten, kto mo\u017ce sobie pozwoli\u0107 na \u017cycie w\u015br\u00f3d urok\u00f3w, jakie roztacza wczesna wiosna.\u201d \u00a0napisa\u0142 Antoni Czechow.<\/strong><\/p>\n<p>Ja dodam, \u017ce ta p\u00f3\u017aniejsza wiosna ma coraz wi\u0119cej urok\u00f3w, o czym mog\u0105 si\u0119 przekona\u0107 cz\u0142onkowie Ko\u0142a Mi\u0142o\u015bnik\u00f3w Lasu i Militari\u00f3w podczas sobotnich spacer\u00f3w.<a href=\"http:\/\/www.milosnicylasu.olsztyn.pl\/wp-content\/uploads\/2016\/05\/IMG_20160528_115854-www.jpg\" rel=\"attachment wp-att-2940\" data-rel=\"lightbox-image-1\" data-magnific_type=\"image\" data-rl_title=\"\" data-rl_caption=\"\" title=\"\"><img loading=\"lazy\" decoding=\"async\" class=\"size-medium wp-image-2940 alignright\" src=\"http:\/\/www.milosnicylasu.olsztyn.pl\/wp-content\/uploads\/2016\/05\/IMG_20160528_115854-www-300x225.jpg\" alt=\"IMG_20160528_115854-www\" width=\"300\" height=\"225\" srcset=\"https:\/\/www.milosnicylasu.olsztyn.pl\/wp-content\/uploads\/2016\/05\/IMG_20160528_115854-www-300x225.jpg 300w, https:\/\/www.milosnicylasu.olsztyn.pl\/wp-content\/uploads\/2016\/05\/IMG_20160528_115854-www-768x576.jpg 768w, https:\/\/www.milosnicylasu.olsztyn.pl\/wp-content\/uploads\/2016\/05\/IMG_20160528_115854-www.jpg 1024w, https:\/\/www.milosnicylasu.olsztyn.pl\/wp-content\/uploads\/2016\/05\/IMG_20160528_115854-www-400x300.jpg 400w\" sizes=\"auto, (max-width: 300px) 100vw, 300px\" \/><\/a> \u00a0A, \u017ce odbywaj\u0105 si\u0119 one systematycznie, w ka\u017cd\u0105 sobot\u0119, to \u00a0mo\u017cemy obserwowa\u0107 ten proces na bie\u017c\u0105co. Poczu\u0107 zapach kwiat\u00f3w. pos\u0142ucha\u0107 \u015bpiewu ptak\u00f3w, poby\u0107 ze sob\u0105&#8230;&#8230;. i po\u015bpiewa\u0107.<\/p>\n<p>Sobotni rajd 28 maja poprowadzi\u0142 Waldek Chrzanowski. Fajnie, \u017ce w rajdzie wzi\u0119li udzia\u0142 r\u00f3wnie\u017c przedstawiciele m\u0142odego pokolenia.<\/p>\n","protected":false},"excerpt":{"rendered":"<p>\u201eBogaty &#8211; to nie ten, kto ma du\u017co pieni\u0119dzy, lecz ten, kto mo\u017ce sobie pozwoli\u0107 na \u017cycie w\u015br\u00f3d urok\u00f3w, jakie roztacza wczesna wiosna.\u201d \u00a0napisa\u0142 Antoni Czechow. Ja dodam, \u017ce ta p\u00f3\u017aniejsza wiosna ma coraz wi\u0119cej urok\u00f3w, o czym mog\u0105 si\u0119 przekona\u0107 cz\u0142onkowie Ko\u0142a Mi\u0142o\u015bnik\u00f3w Lasu i Militari\u00f3w podczas sobotnich spacer\u00f3w. \u00a0A, \u017ce odbywaj\u0105 si\u0119 one [&hellip;]<\/p>\n","protected":false},"author":2,"featured_media":0,"comment_status":"open","ping_status":"open","sticky":false,"template":"","format":"standard","meta":{"footnotes":""},"categories":[1,9,10,2],"tags":[],"class_list":["post-2938","post","type-post","status-publish","format-standard","hentry","category-bez-kategorii","category-ciekawostki","category-llesny-kompleks-promocyjny-lasy-olsztynskie","category-rajdy"],"_links":{"self":[{"href":"https:\/\/www.milosnicylasu.olsztyn.pl\/index.php?rest_route=\/wp\/v2\/posts\/2938","targetHints":{"allow":["GET"]}}],"collection":[{"href":"https:\/\/www.milosnicylasu.olsztyn.pl\/index.php?rest_route=\/wp\/v2\/posts"}],"about":[{"href":"https:\/\/www.milosnicylasu.olsztyn.pl\/index.php?rest_route=\/wp\/v2\/types\/post"}],"author":[{"embeddable":true,"href":"https:\/\/www.milosnicylasu.olsztyn.pl\/index.php?rest_route=\/wp\/v2\/users\/2"}],"replies":[{"embeddable":true,"href":"https:\/\/www.milosnicylasu.olsztyn.pl\/index.php?rest_route=%2Fwp%2Fv2%2Fcomments&post=2938"}],"version-history":[{"count":3,"href":"https:\/\/www.milosnicylasu.olsztyn.pl\/index.php?rest_route=\/wp\/v2\/posts\/2938\/revisions"}],"predecessor-version":[{"id":2943,"href":"https:\/\/www.milosnicylasu.olsztyn.pl\/index.php?rest_route=\/wp\/v2\/posts\/2938\/revisions\/2943"}],"wp:attachment":[{"href":"https:\/\/www.milosnicylasu.olsztyn.pl\/index.php?rest_route=%2Fwp%2Fv2%2Fmedia&parent=2938"}],"wp:term":[{"taxonomy":"category","embeddable":true,"href":"https:\/\/www.milosnicylasu.olsztyn.pl\/index.php?rest_route=%2Fwp%2Fv2%2Fcategories&post=2938"},{"taxonomy":"post_tag","embeddable":true,"href":"https:\/\/www.milosnicylasu.olsztyn.pl\/index.php?rest_route=%2Fwp%2Fv2%2Ftags&post=2938"}],"curies":[{"name":"wp","href":"https:\/\/api.w.org\/{rel}","templated":true}]}}