{"id":2944,"date":"2016-06-02T06:18:09","date_gmt":"2016-06-02T04:18:09","guid":{"rendered":"http:\/\/www.milosnicylasu.olsztyn.pl\/?p=2944"},"modified":"2016-06-02T06:18:09","modified_gmt":"2016-06-02T04:18:09","slug":"jest-takie-miejsce-manki","status":"publish","type":"post","link":"https:\/\/www.milosnicylasu.olsztyn.pl\/?p=2944","title":{"rendered":"Jest takie miejsce&#8230;.. Ma\u0144ki"},"content":{"rendered":"<p><a href=\"http:\/\/www.milosnicylasu.olsztyn.pl\/wp-content\/uploads\/2016\/06\/DSCN7196-www.jpg\" rel=\"attachment wp-att-2945\" data-rel=\"lightbox-image-0\" data-magnific_type=\"image\" data-rl_title=\"\" data-rl_caption=\"\" title=\"\"><img loading=\"lazy\" decoding=\"async\" class=\"size-medium wp-image-2945 alignleft\" src=\"http:\/\/www.milosnicylasu.olsztyn.pl\/wp-content\/uploads\/2016\/06\/DSCN7196-www-300x225.jpg\" alt=\"DSCN7196-www\" width=\"300\" height=\"225\" srcset=\"https:\/\/www.milosnicylasu.olsztyn.pl\/wp-content\/uploads\/2016\/06\/DSCN7196-www-300x225.jpg 300w, https:\/\/www.milosnicylasu.olsztyn.pl\/wp-content\/uploads\/2016\/06\/DSCN7196-www-768x576.jpg 768w, https:\/\/www.milosnicylasu.olsztyn.pl\/wp-content\/uploads\/2016\/06\/DSCN7196-www.jpg 1024w, https:\/\/www.milosnicylasu.olsztyn.pl\/wp-content\/uploads\/2016\/06\/DSCN7196-www-400x300.jpg 400w\" sizes=\"auto, (max-width: 300px) 100vw, 300px\" \/><\/a>Ma\u0144ki to niewielka wie\u015b po\u0142o\u017cona na trasie z Olsztynka do \u0141ukty. W 1939 roku w Mankach mieszka\u0142o 248 os\u00f3b, w wi\u0119kszo\u015bci Mazur\u00f3w. Po II wojnie \u015bwiatowej nast\u0105pi\u0142a wymiana ludno\u015bci. Niemcy i Mazurzy wyjechali a na ich miejsce \u00a0osiedli\u0142a si\u0119 ludno\u015b\u0107 polska i Ukrai\u0144cy przesiedleni w ramach akcji Wis\u0142a. Obecnie w Ma\u0144kach mieszka ok.100 os\u00f3b. Ko\u015bci\u00f3\u0142 usytuowany jest w centrum i znacz\u0105co g\u00f3ruje nad miejscowo\u015bci\u0105. \u015awi\u0105tynia zbudowana zosta\u0142a i konsekrowana w 1770 roku dla wiernych wyznania ewangelickiego. Niezwykle charakterystyczna drewniana wie\u017ca pochodzi natomiast z 1685 r. i jest jedyn\u0105 pozosta\u0142o\u015bci\u0105 starszego drewnianego ko\u015bcio\u0142a. Wierna kopia wie\u017cy znajduje si\u0119 w Muzeum Budownictwa Ludowego w Olsztynku, jako typowy przyk\u0142ad ludowego budownictwa sakralnego na Mazurach.<\/p>\n<p>Po II wojnie \u015bwiatowej przez pewien czas ko\u015bci\u00f3\u0142 by\u0142 w u\u017cytkowaniu wyznawc\u00f3w prawos\u0142awia. W 1991 r. przeszed\u0142 gruntowny remont i zosta\u0142 przej\u0119ty przez katolik\u00f3w, sta\u0142 si\u0119 fili\u0105 nowej parafii w Biesalu.<\/p>\n<p>Konstrukcja ko\u015bcio\u0142a to prosty halowy korpus, we wn\u0119trzu belkowy strop i typowe dla budowli ewangelickich drewniane empory boczne. Z dawnego wyposa\u017cenia \u015bwi\u0105tyni zachowa\u0142y si\u0119 organy, malowid\u0142a na suficie oraz ch\u00f3r, na kt\u00f3rym umieszczono inskrypcje upami\u0119tniaj\u0105ce poleg\u0142ych parafian podczas I wojny \u015bwiatowej.<a href=\"http:\/\/www.milosnicylasu.olsztyn.pl\/wp-content\/uploads\/2016\/06\/DSCN7198-www.jpg\" rel=\"attachment wp-att-2947\" data-rel=\"lightbox-image-1\" data-magnific_type=\"image\" data-rl_title=\"\" data-rl_caption=\"\" title=\"\"><img loading=\"lazy\" decoding=\"async\" class=\"size-medium wp-image-2947 alignright\" src=\"http:\/\/www.milosnicylasu.olsztyn.pl\/wp-content\/uploads\/2016\/06\/DSCN7198-www-300x225.jpg\" alt=\"DSCN7198-www\" width=\"300\" height=\"225\" srcset=\"https:\/\/www.milosnicylasu.olsztyn.pl\/wp-content\/uploads\/2016\/06\/DSCN7198-www-300x225.jpg 300w, https:\/\/www.milosnicylasu.olsztyn.pl\/wp-content\/uploads\/2016\/06\/DSCN7198-www-768x576.jpg 768w, https:\/\/www.milosnicylasu.olsztyn.pl\/wp-content\/uploads\/2016\/06\/DSCN7198-www.jpg 1024w, https:\/\/www.milosnicylasu.olsztyn.pl\/wp-content\/uploads\/2016\/06\/DSCN7198-www-400x300.jpg 400w\" sizes=\"auto, (max-width: 300px) 100vw, 300px\" \/><\/a><\/p>\n<p>Godne uwagi jest r\u00f3wnie\u017c obej\u015bcie \u015bwi\u0105tyni; znajdziemy tam pozosta\u0142o\u015bci starego ewangelickiego cmentarza z XIX w., z pi\u0119knymi nagrobkami starych mazurskich rod\u00f3w, wyko\u0144czonymi i obudowanymi \u017celiwnymi odlewami, opisanymi gotykiem w j\u0119zyku niemieckim. Na tym cmentarzu spoczywa r\u00f3wnie\u017c ostatni sprawuj\u0105cy tu pos\u0142ug\u0119 pastor, J\u00f3zef Ku\u0142ak, zmar\u0142y w 1987 roku. <a href=\"http:\/\/www.milosnicylasu.olsztyn.pl\/wp-content\/uploads\/2016\/06\/DSCN7197-www.jpg\" rel=\"attachment wp-att-2946\" data-rel=\"lightbox-image-2\" data-magnific_type=\"image\" data-rl_title=\"\" data-rl_caption=\"\" title=\"\"><img loading=\"lazy\" decoding=\"async\" class=\"size-medium wp-image-2946 alignleft\" src=\"http:\/\/www.milosnicylasu.olsztyn.pl\/wp-content\/uploads\/2016\/06\/DSCN7197-www-300x225.jpg\" alt=\"DSCN7197-www\" width=\"300\" height=\"225\" srcset=\"https:\/\/www.milosnicylasu.olsztyn.pl\/wp-content\/uploads\/2016\/06\/DSCN7197-www-300x225.jpg 300w, https:\/\/www.milosnicylasu.olsztyn.pl\/wp-content\/uploads\/2016\/06\/DSCN7197-www-768x576.jpg 768w, https:\/\/www.milosnicylasu.olsztyn.pl\/wp-content\/uploads\/2016\/06\/DSCN7197-www.jpg 1024w, https:\/\/www.milosnicylasu.olsztyn.pl\/wp-content\/uploads\/2016\/06\/DSCN7197-www-400x300.jpg 400w\" sizes=\"auto, (max-width: 300px) 100vw, 300px\" \/><\/a><\/p>\n<p>W jednym z naro\u017cnik\u00f3w mo\u017cemy odnale\u017a\u0107 niewielki pomnik po\u015bwi\u0119cony poleg\u0142ym w czasie I wojny<\/p>\n","protected":false},"excerpt":{"rendered":"<p>Ma\u0144ki to niewielka wie\u015b po\u0142o\u017cona na trasie z Olsztynka do \u0141ukty. W 1939 roku w Mankach mieszka\u0142o 248 os\u00f3b, w wi\u0119kszo\u015bci Mazur\u00f3w. Po II wojnie \u015bwiatowej nast\u0105pi\u0142a wymiana ludno\u015bci. Niemcy i Mazurzy wyjechali a na ich miejsce \u00a0osiedli\u0142a si\u0119 ludno\u015b\u0107 polska i Ukrai\u0144cy przesiedleni w ramach akcji Wis\u0142a. Obecnie w Ma\u0144kach mieszka ok.100 os\u00f3b. Ko\u015bci\u00f3\u0142 [&hellip;]<\/p>\n","protected":false},"author":2,"featured_media":0,"comment_status":"open","ping_status":"open","sticky":false,"template":"","format":"standard","meta":{"footnotes":""},"categories":[1,9,5],"tags":[],"class_list":["post-2944","post","type-post","status-publish","format-standard","hentry","category-bez-kategorii","category-ciekawostki","category-wycieczki"],"_links":{"self":[{"href":"https:\/\/www.milosnicylasu.olsztyn.pl\/index.php?rest_route=\/wp\/v2\/posts\/2944","targetHints":{"allow":["GET"]}}],"collection":[{"href":"https:\/\/www.milosnicylasu.olsztyn.pl\/index.php?rest_route=\/wp\/v2\/posts"}],"about":[{"href":"https:\/\/www.milosnicylasu.olsztyn.pl\/index.php?rest_route=\/wp\/v2\/types\/post"}],"author":[{"embeddable":true,"href":"https:\/\/www.milosnicylasu.olsztyn.pl\/index.php?rest_route=\/wp\/v2\/users\/2"}],"replies":[{"embeddable":true,"href":"https:\/\/www.milosnicylasu.olsztyn.pl\/index.php?rest_route=%2Fwp%2Fv2%2Fcomments&post=2944"}],"version-history":[{"count":1,"href":"https:\/\/www.milosnicylasu.olsztyn.pl\/index.php?rest_route=\/wp\/v2\/posts\/2944\/revisions"}],"predecessor-version":[{"id":2948,"href":"https:\/\/www.milosnicylasu.olsztyn.pl\/index.php?rest_route=\/wp\/v2\/posts\/2944\/revisions\/2948"}],"wp:attachment":[{"href":"https:\/\/www.milosnicylasu.olsztyn.pl\/index.php?rest_route=%2Fwp%2Fv2%2Fmedia&parent=2944"}],"wp:term":[{"taxonomy":"category","embeddable":true,"href":"https:\/\/www.milosnicylasu.olsztyn.pl\/index.php?rest_route=%2Fwp%2Fv2%2Fcategories&post=2944"},{"taxonomy":"post_tag","embeddable":true,"href":"https:\/\/www.milosnicylasu.olsztyn.pl\/index.php?rest_route=%2Fwp%2Fv2%2Ftags&post=2944"}],"curies":[{"name":"wp","href":"https:\/\/api.w.org\/{rel}","templated":true}]}}