{"id":2953,"date":"2016-06-15T09:17:37","date_gmt":"2016-06-15T07:17:37","guid":{"rendered":"http:\/\/www.milosnicylasu.olsztyn.pl\/?p=2953"},"modified":"2016-06-15T20:35:08","modified_gmt":"2016-06-15T18:35:08","slug":"o-pszczolach-i-nie-tylko","status":"publish","type":"post","link":"https:\/\/www.milosnicylasu.olsztyn.pl\/?p=2953","title":{"rendered":"O pszczo\u0142ach i nie tylko"},"content":{"rendered":"<p><a href=\"http:\/\/www.milosnicylasu.olsztyn.pl\/wp-content\/uploads\/2016\/06\/DSCN7231-www.jpg\" rel=\"attachment wp-att-2954\" data-rel=\"lightbox-image-0\" data-magnific_type=\"image\" data-rl_title=\"\" data-rl_caption=\"\" title=\"\"><img loading=\"lazy\" decoding=\"async\" class=\"size-medium wp-image-2954 alignleft\" src=\"http:\/\/www.milosnicylasu.olsztyn.pl\/wp-content\/uploads\/2016\/06\/DSCN7231-www-300x225.jpg\" alt=\"DSCN7231-www\" width=\"300\" height=\"225\" srcset=\"https:\/\/www.milosnicylasu.olsztyn.pl\/wp-content\/uploads\/2016\/06\/DSCN7231-www-300x225.jpg 300w, https:\/\/www.milosnicylasu.olsztyn.pl\/wp-content\/uploads\/2016\/06\/DSCN7231-www-768x576.jpg 768w, https:\/\/www.milosnicylasu.olsztyn.pl\/wp-content\/uploads\/2016\/06\/DSCN7231-www.jpg 1024w, https:\/\/www.milosnicylasu.olsztyn.pl\/wp-content\/uploads\/2016\/06\/DSCN7231-www-400x300.jpg 400w\" sizes=\"auto, (max-width: 300px) 100vw, 300px\" \/><\/a><\/p>\n<p>&nbsp;<\/p>\n<p>2\u00a0\u00a0czerwca odby\u0142o si\u0119 ostatnie przed wakacjami czwartkowe spotkanie cz\u0142onk\u00f3w Ko\u0142a Mi\u0142o\u015bnik\u00f3w Lasu i Militari\u00f3w LOK przy ATW w Olsztynie.<a href=\"http:\/\/www.milosnicylasu.olsztyn.pl\/wp-content\/uploads\/2016\/06\/DSCN7227-www.jpg\" rel=\"attachment wp-att-2955\" data-rel=\"lightbox-image-1\" data-magnific_type=\"image\" data-rl_title=\"\" data-rl_caption=\"\" title=\"\"><img loading=\"lazy\" decoding=\"async\" class=\"size-medium wp-image-2955 alignright\" src=\"http:\/\/www.milosnicylasu.olsztyn.pl\/wp-content\/uploads\/2016\/06\/DSCN7227-www-300x225.jpg\" alt=\"DSCN7227-www\" width=\"300\" height=\"225\" srcset=\"https:\/\/www.milosnicylasu.olsztyn.pl\/wp-content\/uploads\/2016\/06\/DSCN7227-www-300x225.jpg 300w, https:\/\/www.milosnicylasu.olsztyn.pl\/wp-content\/uploads\/2016\/06\/DSCN7227-www-768x576.jpg 768w, https:\/\/www.milosnicylasu.olsztyn.pl\/wp-content\/uploads\/2016\/06\/DSCN7227-www.jpg 1024w, https:\/\/www.milosnicylasu.olsztyn.pl\/wp-content\/uploads\/2016\/06\/DSCN7227-www-400x300.jpg 400w\" sizes=\"auto, (max-width: 300px) 100vw, 300px\" \/><\/a><\/p>\n<p>&nbsp;<\/p>\n<p>&nbsp;<\/p>\n<p><span style=\"font-weight: 300;\">Go\u015bcili\u015bmy pana Andrzeja Przybylskiego, kt\u00f3ry ciekawie opowiada\u0142 o pszczo\u0142ach. Kolejny raz przekonali\u015bmy si\u0119 jak ma\u0142o wiemy o otaczaj\u0105cej nas przyrodzie, tym razem o pszczo\u0142ach.<\/span><\/p>\n<p>Na \u015bwiecie istnieje oko\u0142o 20 000 gatunk\u00f3w pszcz\u00f3\u0142. Wi\u0119kszo\u015b\u0107 z nich nie zosta\u0142a jeszcze opisana, a wi\u0119c liczba ta mo\u017ce by\u0107 du\u017co wi\u0119ksza.<\/p>\n<p>Pszczo\u0142y miodne \u017cyj\u0105 w rojach. W jednym roju \u017cyje oko\u0142o dwudziestu tysi\u0119cy pszcz\u00f3\u0142 cho\u0107 zdarza si\u0119, \u017ce nawet do stu tysi\u0119cy. Jest w\u015br\u00f3d nich jedna kr\u00f3lowa, setki trutni i tysi\u0105ce robotnic. \u00a0\u00a0Robotnice to samice, ale nie rozmna\u017caj\u0105 si\u0119. Kr\u00f3lowa zapewnia potomstwo. Trutnie, to osobniki p\u0142ci m\u0119skiej, nie posiadaj\u0105 \u017c\u0105de\u0142. Gotowe do unasiennienia kr\u00f3lowe s\u0105 zmuszane przez pszczo\u0142y do kilkukrotnych lot\u00f3w godowych (2-5 km), na wys. 15-30 m s\u0105 unasienniane przez 8-15 trutni. Po stosunku trutnie natychmiast umieraj\u0105 i spadaj\u0105 na ziemi\u0119.\u00a0\u00a0 \u00a0Kr\u00f3lowa pszczela potrafi znie\u015b\u0107 ok. 2000 jajeczek dziennie.<\/p>\n<p>Pszczo\u0142a to jedyny owad, kt\u00f3ry wytwarza dla siebie \u017cywno\u015b\u0107 jak cz\u0142owiek.\u00a0\u00a0 \u00a0Podczas lotu pszczo\u0142a zu\u017cywa w ci\u0105gu ka\u017cdej minuty ponad 0.3 mg pokarmu. \u00a0\u00a0Podczas jednego &#8222;kursu&#8221; po nektar pszczo\u0142a odwiedza 50-100 kwiat\u00f3w.\u00a0 Potrafi lecie\u0107 z pr\u0119dko\u015bci\u0105 25 km\/h. \u00a0\u00a0Pszczo\u0142y musz\u0105 odwiedzi\u0107 oko\u0142o 4 milion\u00f3w kwiat\u00f3w, aby zebra\u0107 nektar na 1 kg miodu.<\/p>\n<p>Pszczo\u0142y do nawigacji u\u017cywaj\u0105 s\u0142o\u0144ca jako kompasu.<\/p>\n<p>W wielu krajach utrzymuje si\u0119 pasieki wy\u0142\u0105cznie w celu zapewnienia odpowiedniego zapylenia upraw. Mi\u00f3d jest bardzo cennym, ale dodatkowych \u201eowocem\u201d pracy pszcz\u00f3\u0142.\u00a0\u00a0 \u00a0O tym jak wielk\u0105 rol\u0119 spe\u0142niaj\u0105 pszczo\u0142y przy zapylaniu ro\u015blin mo\u017ce \u015bwiadczy\u0107 fakt, \u017ce na zebranie 1 kg miodu odwiedzaj\u0105 prawie 8 500 000 kwiat\u00f3w akacji \u00a0lub 20 milion\u00f3w kwiat\u00f3w koniczyny.<\/p>\n<p>Niezwykle wa\u017cn\u0105 rol\u0119 odgrywaj\u0105 pszczo\u0142y w le\u015bnictwie. Ich praca s\u0142u\u017cy zwi\u0119kszeniu ilo\u015bci zdrowych i p\u0142odnych nasion potrzebnych do odnowienia lasu, po\u017cywienia dla ptactwa, jak i do zwi\u0119kszenia urodzaju owoc\u00f3w le\u015bnych (poziomek, bor\u00f3wek, czarnych jag\u00f3d, je\u017cyn, malin).<\/p>\n<p>To tylko znikoma cz\u0119\u015b\u0107 ciekawych informacji o pszczo\u0142ach. Dzi\u0119kujemy Panu Andrzejowi za ciekawe spotkanie.<\/p>\n<p>W cz\u0119\u015bci organizacyjnej prezes Ko\u0142a Anatol Leszczy\u0144ski poinformowa\u0142 o wykonaniu planu pracy w maju, \u00a0wyje\u017adzie na edukacj\u0119 przyrodniczo-le\u015bn\u0105 \u00a017 czerwca 2016 do Puszczy Boreckiej, \u00a0 dwudniowym lipcowym pobycie w Go\u0142dapi.<\/p>\n<p><a href=\"http:\/\/www.milosnicylasu.olsztyn.pl\/wp-content\/uploads\/2016\/06\/DSCN7237-www.jpg\" rel=\"attachment wp-att-2956\" data-rel=\"lightbox-image-2\" data-magnific_type=\"image\" data-rl_title=\"\" data-rl_caption=\"\" title=\"\"><img loading=\"lazy\" decoding=\"async\" class=\"size-medium wp-image-2956 alignleft\" src=\"http:\/\/www.milosnicylasu.olsztyn.pl\/wp-content\/uploads\/2016\/06\/DSCN7237-www-300x225.jpg\" alt=\"DSCN7237-www\" width=\"300\" height=\"225\" srcset=\"https:\/\/www.milosnicylasu.olsztyn.pl\/wp-content\/uploads\/2016\/06\/DSCN7237-www-300x225.jpg 300w, https:\/\/www.milosnicylasu.olsztyn.pl\/wp-content\/uploads\/2016\/06\/DSCN7237-www-768x576.jpg 768w, https:\/\/www.milosnicylasu.olsztyn.pl\/wp-content\/uploads\/2016\/06\/DSCN7237-www.jpg 1024w, https:\/\/www.milosnicylasu.olsztyn.pl\/wp-content\/uploads\/2016\/06\/DSCN7237-www-400x300.jpg 400w\" sizes=\"auto, (max-width: 300px) 100vw, 300px\" \/><\/a><\/p>\n<p>&nbsp;<\/p>\n<p>Mi\u0142ym akcentem czwartkowego zebrania by\u0142o uroczyste wr\u0119czenie legitymacji cz\u0142onkowskiej \u00a0nowej kole\u017cance Jolancie Warmi\u0144skiej-Radyko, Witamy w gronie os\u00f3b kochaj\u0105cym \u00a0przyrod\u0119, las.<\/p>\n<p>&nbsp;<\/p>\n<p><a href=\"http:\/\/www.milosnicylasu.olsztyn.pl\/wp-content\/uploads\/2016\/06\/DSCN7234-www.jpg\" rel=\"attachment wp-att-2957\" data-rel=\"lightbox-image-3\" data-magnific_type=\"image\" data-rl_title=\"\" data-rl_caption=\"\" title=\"\"><img loading=\"lazy\" decoding=\"async\" class=\"size-medium wp-image-2957 alignright\" src=\"http:\/\/www.milosnicylasu.olsztyn.pl\/wp-content\/uploads\/2016\/06\/DSCN7234-www-300x225.jpg\" alt=\"DSCN7234-www\" width=\"300\" height=\"225\" srcset=\"https:\/\/www.milosnicylasu.olsztyn.pl\/wp-content\/uploads\/2016\/06\/DSCN7234-www-300x225.jpg 300w, https:\/\/www.milosnicylasu.olsztyn.pl\/wp-content\/uploads\/2016\/06\/DSCN7234-www-768x576.jpg 768w, https:\/\/www.milosnicylasu.olsztyn.pl\/wp-content\/uploads\/2016\/06\/DSCN7234-www.jpg 1024w, https:\/\/www.milosnicylasu.olsztyn.pl\/wp-content\/uploads\/2016\/06\/DSCN7234-www-400x300.jpg 400w\" sizes=\"auto, (max-width: 300px) 100vw, 300px\" \/><\/a>Wr\u0119czono r\u00f3wnie\u017c odznaczenia osobom, kt\u00f3re nie mog\u0142y uczestniczy\u0107 w majowym , rocznicowym spotkaniu.<\/p>\n<p>Gratulujemy.<\/p>\n<p>&nbsp;<\/p>\n<p>&nbsp;<\/p>\n","protected":false},"excerpt":{"rendered":"<p>&nbsp; 2\u00a0\u00a0czerwca odby\u0142o si\u0119 ostatnie przed wakacjami czwartkowe spotkanie cz\u0142onk\u00f3w Ko\u0142a Mi\u0142o\u015bnik\u00f3w Lasu i Militari\u00f3w LOK przy ATW w Olsztynie. &nbsp; &nbsp; Go\u015bcili\u015bmy pana Andrzeja Przybylskiego, kt\u00f3ry ciekawie opowiada\u0142 o pszczo\u0142ach. Kolejny raz przekonali\u015bmy si\u0119 jak ma\u0142o wiemy o otaczaj\u0105cej nas przyrodzie, tym razem o pszczo\u0142ach. Na \u015bwiecie istnieje oko\u0142o 20 000 gatunk\u00f3w pszcz\u00f3\u0142. Wi\u0119kszo\u015b\u0107 [&hellip;]<\/p>\n","protected":false},"author":2,"featured_media":0,"comment_status":"open","ping_status":"open","sticky":false,"template":"","format":"standard","meta":{"footnotes":""},"categories":[1,9,6,3],"tags":[],"class_list":["post-2953","post","type-post","status-publish","format-standard","hentry","category-bez-kategorii","category-ciekawostki","category-odznaczenia","category-zebrania"],"_links":{"self":[{"href":"https:\/\/www.milosnicylasu.olsztyn.pl\/index.php?rest_route=\/wp\/v2\/posts\/2953","targetHints":{"allow":["GET"]}}],"collection":[{"href":"https:\/\/www.milosnicylasu.olsztyn.pl\/index.php?rest_route=\/wp\/v2\/posts"}],"about":[{"href":"https:\/\/www.milosnicylasu.olsztyn.pl\/index.php?rest_route=\/wp\/v2\/types\/post"}],"author":[{"embeddable":true,"href":"https:\/\/www.milosnicylasu.olsztyn.pl\/index.php?rest_route=\/wp\/v2\/users\/2"}],"replies":[{"embeddable":true,"href":"https:\/\/www.milosnicylasu.olsztyn.pl\/index.php?rest_route=%2Fwp%2Fv2%2Fcomments&post=2953"}],"version-history":[{"count":2,"href":"https:\/\/www.milosnicylasu.olsztyn.pl\/index.php?rest_route=\/wp\/v2\/posts\/2953\/revisions"}],"predecessor-version":[{"id":2959,"href":"https:\/\/www.milosnicylasu.olsztyn.pl\/index.php?rest_route=\/wp\/v2\/posts\/2953\/revisions\/2959"}],"wp:attachment":[{"href":"https:\/\/www.milosnicylasu.olsztyn.pl\/index.php?rest_route=%2Fwp%2Fv2%2Fmedia&parent=2953"}],"wp:term":[{"taxonomy":"category","embeddable":true,"href":"https:\/\/www.milosnicylasu.olsztyn.pl\/index.php?rest_route=%2Fwp%2Fv2%2Fcategories&post=2953"},{"taxonomy":"post_tag","embeddable":true,"href":"https:\/\/www.milosnicylasu.olsztyn.pl\/index.php?rest_route=%2Fwp%2Fv2%2Ftags&post=2953"}],"curies":[{"name":"wp","href":"https:\/\/api.w.org\/{rel}","templated":true}]}}