{"id":2963,"date":"2016-06-18T06:38:41","date_gmt":"2016-06-18T04:38:41","guid":{"rendered":"http:\/\/www.milosnicylasu.olsztyn.pl\/?p=2963"},"modified":"2016-06-18T06:38:41","modified_gmt":"2016-06-18T04:38:41","slug":"noc-swietojanska-w-parku-centralnym","status":"publish","type":"post","link":"https:\/\/www.milosnicylasu.olsztyn.pl\/?p=2963","title":{"rendered":"Noc \u015awi\u0119toja\u0144ska w Parku Centralnym"},"content":{"rendered":"<p><strong>24 czerwca w Parku Centralnym w Olsztynie odb\u0119dzie si\u0119 Noc \u015awi\u0119toja\u0144sk\u0105, \u201d. Na jeden wiecz\u00f3r park Centralny stanie si\u0119 stolic\u0105 ta\u0144ca, muzyki folkowej i ksi\u0105\u017cki. Mo\u017ce cz\u0142onkowie Ko\u0142a skorzystaj\u0105 z zaproszenia?<\/strong><\/p>\n<p>Zabawa rozpocznie si\u0119 o godz. 17 i potrwa do 21. Podczas Nocy \u015awi\u0119toja\u0144skiej ka\u017cdy znajdzie co\u015b dla siebie. B\u0119dzie strefa dla mi\u0142o\u015bnik\u00f3w ta\u0144ca przy d\u017awi\u0119kach muzyki\u00a0folkowej, b\u0119dzie gratka dla ksi\u0105\u017ckowych moli, znajdzie si\u0119 te\u017c miejsce na sztuk\u0119 i histori\u0119. A wszystko to w tradycyjnym, \u015bwi\u0119toja\u0144skim klimacie.<\/p>\n","protected":false},"excerpt":{"rendered":"<p>24 czerwca w Parku Centralnym w Olsztynie odb\u0119dzie si\u0119 Noc \u015awi\u0119toja\u0144sk\u0105, \u201d. Na jeden wiecz\u00f3r park Centralny stanie si\u0119 stolic\u0105 ta\u0144ca, muzyki folkowej i ksi\u0105\u017cki. Mo\u017ce cz\u0142onkowie Ko\u0142a skorzystaj\u0105 z zaproszenia? Zabawa rozpocznie si\u0119 o godz. 17 i potrwa do 21. Podczas Nocy \u015awi\u0119toja\u0144skiej ka\u017cdy znajdzie co\u015b dla siebie. B\u0119dzie strefa dla mi\u0142o\u015bnik\u00f3w ta\u0144ca przy [&hellip;]<\/p>\n","protected":false},"author":2,"featured_media":0,"comment_status":"open","ping_status":"open","sticky":false,"template":"","format":"standard","meta":{"footnotes":""},"categories":[1,9],"tags":[],"class_list":["post-2963","post","type-post","status-publish","format-standard","hentry","category-bez-kategorii","category-ciekawostki"],"_links":{"self":[{"href":"https:\/\/www.milosnicylasu.olsztyn.pl\/index.php?rest_route=\/wp\/v2\/posts\/2963","targetHints":{"allow":["GET"]}}],"collection":[{"href":"https:\/\/www.milosnicylasu.olsztyn.pl\/index.php?rest_route=\/wp\/v2\/posts"}],"about":[{"href":"https:\/\/www.milosnicylasu.olsztyn.pl\/index.php?rest_route=\/wp\/v2\/types\/post"}],"author":[{"embeddable":true,"href":"https:\/\/www.milosnicylasu.olsztyn.pl\/index.php?rest_route=\/wp\/v2\/users\/2"}],"replies":[{"embeddable":true,"href":"https:\/\/www.milosnicylasu.olsztyn.pl\/index.php?rest_route=%2Fwp%2Fv2%2Fcomments&post=2963"}],"version-history":[{"count":1,"href":"https:\/\/www.milosnicylasu.olsztyn.pl\/index.php?rest_route=\/wp\/v2\/posts\/2963\/revisions"}],"predecessor-version":[{"id":2964,"href":"https:\/\/www.milosnicylasu.olsztyn.pl\/index.php?rest_route=\/wp\/v2\/posts\/2963\/revisions\/2964"}],"wp:attachment":[{"href":"https:\/\/www.milosnicylasu.olsztyn.pl\/index.php?rest_route=%2Fwp%2Fv2%2Fmedia&parent=2963"}],"wp:term":[{"taxonomy":"category","embeddable":true,"href":"https:\/\/www.milosnicylasu.olsztyn.pl\/index.php?rest_route=%2Fwp%2Fv2%2Fcategories&post=2963"},{"taxonomy":"post_tag","embeddable":true,"href":"https:\/\/www.milosnicylasu.olsztyn.pl\/index.php?rest_route=%2Fwp%2Fv2%2Ftags&post=2963"}],"curies":[{"name":"wp","href":"https:\/\/api.w.org\/{rel}","templated":true}]}}