{"id":2966,"date":"2016-06-22T07:22:57","date_gmt":"2016-06-22T05:22:57","guid":{"rendered":"http:\/\/www.milosnicylasu.olsztyn.pl\/?p=2966"},"modified":"2016-06-22T08:55:03","modified_gmt":"2016-06-22T06:55:03","slug":"edukacja-w-puszczy","status":"publish","type":"post","link":"https:\/\/www.milosnicylasu.olsztyn.pl\/?p=2966","title":{"rendered":"Edukacja w puszczy"},"content":{"rendered":"<p><a href=\"http:\/\/www.milosnicylasu.olsztyn.pl\/wp-content\/uploads\/2016\/06\/DSCN7313-www.jpg\" rel=\"attachment wp-att-2967\" data-rel=\"lightbox-image-0\" data-magnific_type=\"image\" data-rl_title=\"\" data-rl_caption=\"\" title=\"\"><img loading=\"lazy\" decoding=\"async\" class=\"size-medium wp-image-2967 alignleft\" src=\"http:\/\/www.milosnicylasu.olsztyn.pl\/wp-content\/uploads\/2016\/06\/DSCN7313-www-300x225.jpg\" alt=\"DSCN7313-www\" width=\"300\" height=\"225\" srcset=\"https:\/\/www.milosnicylasu.olsztyn.pl\/wp-content\/uploads\/2016\/06\/DSCN7313-www-300x225.jpg 300w, https:\/\/www.milosnicylasu.olsztyn.pl\/wp-content\/uploads\/2016\/06\/DSCN7313-www-768x576.jpg 768w, https:\/\/www.milosnicylasu.olsztyn.pl\/wp-content\/uploads\/2016\/06\/DSCN7313-www.jpg 1024w, https:\/\/www.milosnicylasu.olsztyn.pl\/wp-content\/uploads\/2016\/06\/DSCN7313-www-400x300.jpg 400w\" sizes=\"auto, (max-width: 300px) 100vw, 300px\" \/><\/a><\/p>\n<p>17 czerwca cz\u0142onkowie Ligi Ochrony Przyrody, kt\u00f3rzy s\u0105 jednocze\u015bnie w Kole Mi\u0142o\u015bnik\u00f3w Lasu i Militari\u00f3w LOK przy ATW w Olsztynie wyjechali do Puszczy Boreckiej na edukacj\u0119 le\u015bn\u0105.<\/p>\n<p>Go\u015bcili\u015bmy w Nadle\u015bnictwie Borki. W pi\u0119knej siedzibie Nadle\u015bnictwa wys\u0142uchali\u015bmy wyk\u0142ad\u00f3w popartych wieloma zdj\u0119ciami. Pocz\u0105tkowo Pan Kazimierz Sarzy\u0144ski pe\u0142ni\u0105cy obowi\u0105zki nadle\u015bniczego przybli\u017cy\u0142 nam \u00a0Nadle\u015bnictwo Borki.<a href=\"http:\/\/www.milosnicylasu.olsztyn.pl\/wp-content\/uploads\/2016\/06\/DSCN7288-www.jpg\" rel=\"attachment wp-att-2968\" data-rel=\"lightbox-image-1\" data-magnific_type=\"image\" data-rl_title=\"\" data-rl_caption=\"\" title=\"\"><img loading=\"lazy\" decoding=\"async\" class=\"size-medium wp-image-2968 alignright\" src=\"http:\/\/www.milosnicylasu.olsztyn.pl\/wp-content\/uploads\/2016\/06\/DSCN7288-www-300x225.jpg\" alt=\"DSCN7288-www\" width=\"300\" height=\"225\" srcset=\"https:\/\/www.milosnicylasu.olsztyn.pl\/wp-content\/uploads\/2016\/06\/DSCN7288-www-300x225.jpg 300w, https:\/\/www.milosnicylasu.olsztyn.pl\/wp-content\/uploads\/2016\/06\/DSCN7288-www-768x576.jpg 768w, https:\/\/www.milosnicylasu.olsztyn.pl\/wp-content\/uploads\/2016\/06\/DSCN7288-www.jpg 1024w, https:\/\/www.milosnicylasu.olsztyn.pl\/wp-content\/uploads\/2016\/06\/DSCN7288-www-400x300.jpg 400w\" sizes=\"auto, (max-width: 300px) 100vw, 300px\" \/><\/a><\/p>\n<p>Powierzchnia zarz\u0105dzana przez Nadle\u015bnictwo wynosi niespe\u0142na 26 tys. ha (\u0142\u0105cznie z gruntami we wsp\u00f3\u0142w\u0142asno\u015bci) i charakteryzuje si\u0119 du\u017cym zr\u00f3\u017cnicowaniem kompleks\u00f3w le\u015bnych.<\/p>\n<p>W zasi\u0119gu terytorialnym Nadle\u015bnictwa znajduje si\u0119 du\u017ca cz\u0119\u015b\u0107 Krainy Wielkich Jezior<br \/>\nMazurskich oraz wi\u0119kszo\u015b\u0107 obszaru Puszczy Boreckiej. Nadle\u015bnictwo Borki obejmuje po\u0142udniow\u0105 i zachodni\u0105 cz\u0119\u015b\u0107 Puszczy Boreckiej (obr\u0119by Borki i Przerwanki) i lasy po\u0142o\u017cone wok\u00f3\u0142 Jeziora Mamry oraz lasy po\u0142o\u017cone na p\u00f3\u0142nocy, granicz\u0105ce z Obwodem Kaliningradzkim Federacji Rosyjskiej (obr\u0119b W\u0119gorzewo).<\/p>\n<p>Po\u0142\u0105czenie dziesi\u0105tek\u00a0jezior \u2013 od wielkich jak Mamry i Dargin po bezimienne oczka ukryte w\u015br\u00f3d\u00a0las\u00f3w \u2013 z du\u017cym kompleksem Puszczy i wieloma mniejszymi rozlokowanymi<br \/>\nw\u015br\u00f3d urozmaiconego morenowego krajobrazu, skutkuje du\u017cym bogactwem<br \/>\nprzyrodniczym.<\/p>\n<p><a href=\"http:\/\/www.milosnicylasu.olsztyn.pl\/wp-content\/uploads\/2016\/06\/DSCN7304-www.jpg\" rel=\"attachment wp-att-2969\" data-rel=\"lightbox-image-2\" data-magnific_type=\"image\" data-rl_title=\"\" data-rl_caption=\"\" title=\"\"><img loading=\"lazy\" decoding=\"async\" class=\"size-medium wp-image-2969 alignleft\" src=\"http:\/\/www.milosnicylasu.olsztyn.pl\/wp-content\/uploads\/2016\/06\/DSCN7304-www-300x225.jpg\" alt=\"DSCN7304-www\" width=\"300\" height=\"225\" srcset=\"https:\/\/www.milosnicylasu.olsztyn.pl\/wp-content\/uploads\/2016\/06\/DSCN7304-www-300x225.jpg 300w, https:\/\/www.milosnicylasu.olsztyn.pl\/wp-content\/uploads\/2016\/06\/DSCN7304-www-768x576.jpg 768w, https:\/\/www.milosnicylasu.olsztyn.pl\/wp-content\/uploads\/2016\/06\/DSCN7304-www.jpg 1024w, https:\/\/www.milosnicylasu.olsztyn.pl\/wp-content\/uploads\/2016\/06\/DSCN7304-www-400x300.jpg 400w\" sizes=\"auto, (max-width: 300px) 100vw, 300px\" \/><\/a><\/p>\n<p>O tym bogactwie, o unikatowych ro\u015blinach i zwierz\u0119tach wyst\u0119puj\u0105cych na terenie Nadle\u015bnictwa Borki dowiedzieli\u015bmy si\u0119 z kolejnego wyk\u0142adu &#8211; Pana Daniela Doktora, kt\u00f3ry zajmuje si\u0119 ochron\u0105 przyrody.\u00a0Puszcza Borecka znana jest ze wzgl\u0119du na r\u00f3\u017cnorodno\u015b\u0107 fauny. \u017byj\u0105 tam ma\u0142e drapie\u017cniki, jak\u00a0lisy, jenoty, borsuki, kuny le\u015bne, tch\u00f3rze i pi\u017cmaki, a tak\u017ce wi\u0119ksze, jak wilki i rysie, \u0142osie, s\u0105 te\u017c jelenie i dziki. Najwi\u0119ksz\u0105 atrakcj\u0105 puszczy s\u0105 \u017cyj\u0105ce na wolno\u015bci \u017cubry.<\/p>\n<p><a href=\"http:\/\/www.milosnicylasu.olsztyn.pl\/wp-content\/uploads\/2016\/06\/DSCN7295-www.jpg\" rel=\"attachment wp-att-2972\" data-rel=\"lightbox-image-3\" data-magnific_type=\"image\" data-rl_title=\"\" data-rl_caption=\"\" title=\"\"><img loading=\"lazy\" decoding=\"async\" class=\"size-medium wp-image-2972 alignright\" src=\"http:\/\/www.milosnicylasu.olsztyn.pl\/wp-content\/uploads\/2016\/06\/DSCN7295-www-300x225.jpg\" alt=\"DSCN7295-www\" width=\"300\" height=\"225\" srcset=\"https:\/\/www.milosnicylasu.olsztyn.pl\/wp-content\/uploads\/2016\/06\/DSCN7295-www-300x225.jpg 300w, https:\/\/www.milosnicylasu.olsztyn.pl\/wp-content\/uploads\/2016\/06\/DSCN7295-www-768x576.jpg 768w, https:\/\/www.milosnicylasu.olsztyn.pl\/wp-content\/uploads\/2016\/06\/DSCN7295-www.jpg 1024w, https:\/\/www.milosnicylasu.olsztyn.pl\/wp-content\/uploads\/2016\/06\/DSCN7295-www-400x300.jpg 400w\" sizes=\"auto, (max-width: 300px) 100vw, 300px\" \/><\/a>O \u017cubrach &#8211; wszystko albo prawie wszystko wie Pan Krzysztof Oniszczuk naczelnik Wydzia\u0142u Ochrony Lasu RDLP w Bia\u0142ymstoku. Przyjecha\u0142 na spotkanie z nami aby &#8222;zapozna\u0107 nas&#8221; z tymi wielkimi ssakami.<\/p>\n<p>&nbsp;<\/p>\n<p><a href=\"http:\/\/www.milosnicylasu.olsztyn.pl\/wp-content\/uploads\/2016\/06\/DSCN7326-www.jpg\" rel=\"attachment wp-att-2973\" data-rel=\"lightbox-image-4\" data-magnific_type=\"image\" data-rl_title=\"\" data-rl_caption=\"\" title=\"\"><img loading=\"lazy\" decoding=\"async\" class=\"size-medium wp-image-2973 alignleft\" src=\"http:\/\/www.milosnicylasu.olsztyn.pl\/wp-content\/uploads\/2016\/06\/DSCN7326-www-300x225.jpg\" alt=\"DSCN7326-www\" width=\"300\" height=\"225\" srcset=\"https:\/\/www.milosnicylasu.olsztyn.pl\/wp-content\/uploads\/2016\/06\/DSCN7326-www-300x225.jpg 300w, https:\/\/www.milosnicylasu.olsztyn.pl\/wp-content\/uploads\/2016\/06\/DSCN7326-www-768x576.jpg 768w, https:\/\/www.milosnicylasu.olsztyn.pl\/wp-content\/uploads\/2016\/06\/DSCN7326-www.jpg 1024w, https:\/\/www.milosnicylasu.olsztyn.pl\/wp-content\/uploads\/2016\/06\/DSCN7326-www-400x300.jpg 400w\" sizes=\"auto, (max-width: 300px) 100vw, 300px\" \/><\/a>\u017bubry w Puszczy Boreckiej \u017cyj\u0105 od 1956 r., gdy naukowcy z Polskiej Akademii Nauk przywie\u017ali je do zagrody w Wolisku. W 1977\u00a0roku podczas remontu zagrody stado uciek\u0142o do lasu i od tej pory zwierz\u0119ta \u017cyj\u0105 na wolno\u015bci.<\/p>\n<p>&nbsp;<\/p>\n<p><a href=\"http:\/\/www.milosnicylasu.olsztyn.pl\/wp-content\/uploads\/2016\/06\/DSCN7327-www.jpg\" rel=\"attachment wp-att-2974\" data-rel=\"lightbox-image-5\" data-magnific_type=\"image\" data-rl_title=\"\" data-rl_caption=\"\" title=\"\"><img loading=\"lazy\" decoding=\"async\" class=\"size-medium wp-image-2974 alignright\" src=\"http:\/\/www.milosnicylasu.olsztyn.pl\/wp-content\/uploads\/2016\/06\/DSCN7327-www-300x225.jpg\" alt=\"DSCN7327-www\" width=\"300\" height=\"225\" srcset=\"https:\/\/www.milosnicylasu.olsztyn.pl\/wp-content\/uploads\/2016\/06\/DSCN7327-www-300x225.jpg 300w, https:\/\/www.milosnicylasu.olsztyn.pl\/wp-content\/uploads\/2016\/06\/DSCN7327-www-768x576.jpg 768w, https:\/\/www.milosnicylasu.olsztyn.pl\/wp-content\/uploads\/2016\/06\/DSCN7327-www.jpg 1024w, https:\/\/www.milosnicylasu.olsztyn.pl\/wp-content\/uploads\/2016\/06\/DSCN7327-www-400x300.jpg 400w\" sizes=\"auto, (max-width: 300px) 100vw, 300px\" \/><\/a>W O\u015brodku Hodowli \u017bubr\u00f3w w Wolisku, niedaleko le\u015bnicz\u00f3wki, znajduje si\u0119 teren z platform\u0105 widokow\u0105, sk\u0105d po przej\u015bciu \u015bcie\u017ck\u0105 przyrodniczo-le\u015bn\u0105, \u00a0podgl\u0105dali\u015bmy \u00a0\u017cubry.<\/p>\n<p>Nast\u0119pnie prezes Ko\u0142a Anatol Leszczy\u0144ski i Tadeusz Pampuch, zwyci\u0119zcom konkursu o Puszczy Boreckiej \u00a0i o \u017cubrach, wr\u0119czyli nagrody ksi\u0105\u017ckowe.<a href=\"http:\/\/www.milosnicylasu.olsztyn.pl\/wp-content\/uploads\/2016\/06\/DSCN7407-www.jpg\" rel=\"attachment wp-att-2975\" data-rel=\"lightbox-image-6\" data-magnific_type=\"image\" data-rl_title=\"\" data-rl_caption=\"\" title=\"\"><img loading=\"lazy\" decoding=\"async\" class=\"size-medium wp-image-2975 alignleft\" src=\"http:\/\/www.milosnicylasu.olsztyn.pl\/wp-content\/uploads\/2016\/06\/DSCN7407-www-300x225.jpg\" alt=\"DSCN7407-www\" width=\"300\" height=\"225\" srcset=\"https:\/\/www.milosnicylasu.olsztyn.pl\/wp-content\/uploads\/2016\/06\/DSCN7407-www-300x225.jpg 300w, https:\/\/www.milosnicylasu.olsztyn.pl\/wp-content\/uploads\/2016\/06\/DSCN7407-www-768x576.jpg 768w, https:\/\/www.milosnicylasu.olsztyn.pl\/wp-content\/uploads\/2016\/06\/DSCN7407-www.jpg 1024w, https:\/\/www.milosnicylasu.olsztyn.pl\/wp-content\/uploads\/2016\/06\/DSCN7407-www-400x300.jpg 400w\" sizes=\"auto, (max-width: 300px) 100vw, 300px\" \/><\/a><\/p>\n<p>&nbsp;<\/p>\n<p>Najlepsz\u0105 wiedz\u0105 wykaza\u0142a si\u0119 Helenka Fiedoruk.<\/p>\n<p>&nbsp;<\/p>\n<p>&nbsp;<\/p>\n<p>&nbsp;<\/p>\n<p>&nbsp;<\/p>\n<p><a href=\"http:\/\/www.milosnicylasu.olsztyn.pl\/wp-content\/uploads\/2016\/06\/DSCN7411-www.jpg\" rel=\"attachment wp-att-2976\" data-rel=\"lightbox-image-7\" data-magnific_type=\"image\" data-rl_title=\"\" data-rl_caption=\"\" title=\"\"><img loading=\"lazy\" decoding=\"async\" class=\"size-medium wp-image-2976 alignright\" src=\"http:\/\/www.milosnicylasu.olsztyn.pl\/wp-content\/uploads\/2016\/06\/DSCN7411-www-300x225.jpg\" alt=\"DSCN7411-www\" width=\"300\" height=\"225\" srcset=\"https:\/\/www.milosnicylasu.olsztyn.pl\/wp-content\/uploads\/2016\/06\/DSCN7411-www-300x225.jpg 300w, https:\/\/www.milosnicylasu.olsztyn.pl\/wp-content\/uploads\/2016\/06\/DSCN7411-www-768x576.jpg 768w, https:\/\/www.milosnicylasu.olsztyn.pl\/wp-content\/uploads\/2016\/06\/DSCN7411-www.jpg 1024w, https:\/\/www.milosnicylasu.olsztyn.pl\/wp-content\/uploads\/2016\/06\/DSCN7411-www-400x300.jpg 400w\" sizes=\"auto, (max-width: 300px) 100vw, 300px\" \/><\/a><\/p>\n<p>&nbsp;<\/p>\n<p>A ksi\u0105\u017cki by\u0142y zaskakuj\u0105co \u00a0ciekawe<a href=\"http:\/\/www.milosnicylasu.olsztyn.pl\/wp-content\/uploads\/2016\/06\/DSCN7390-www.jpg\" rel=\"attachment wp-att-2978\" data-rel=\"lightbox-image-8\" data-magnific_type=\"image\" data-rl_title=\"\" data-rl_caption=\"\" title=\"\"><img loading=\"lazy\" decoding=\"async\" class=\"size-medium wp-image-2978 alignleft\" src=\"http:\/\/www.milosnicylasu.olsztyn.pl\/wp-content\/uploads\/2016\/06\/DSCN7390-www-300x225.jpg\" alt=\"DSCN7390-www\" width=\"300\" height=\"225\" srcset=\"https:\/\/www.milosnicylasu.olsztyn.pl\/wp-content\/uploads\/2016\/06\/DSCN7390-www-300x225.jpg 300w, https:\/\/www.milosnicylasu.olsztyn.pl\/wp-content\/uploads\/2016\/06\/DSCN7390-www-768x576.jpg 768w, https:\/\/www.milosnicylasu.olsztyn.pl\/wp-content\/uploads\/2016\/06\/DSCN7390-www.jpg 1024w, https:\/\/www.milosnicylasu.olsztyn.pl\/wp-content\/uploads\/2016\/06\/DSCN7390-www-400x300.jpg 400w\" sizes=\"auto, (max-width: 300px) 100vw, 300px\" \/><\/a><\/p>\n<p>&nbsp;<\/p>\n<p>&nbsp;<\/p>\n<p>&nbsp;<\/p>\n<p>Na zako\u0144czenie spotkania le\u015bnicy przygotowali ognisko.<\/p>\n<p>Ten pi\u0119kny i pouczaj\u0105cy wyjazd by\u0142 mo\u017cliwy dzi\u0119ki pracownikom Nadle\u015bnictwa Borki, Panu Tadeuszowi Pampuchowi &#8211; prezesowi Oddzia\u0142u LOP w Olsztynie, wsparciu finansowemu Oddzia\u0142u Wojew\u00f3dzkiego \u00a0 Ochrony \u015arodowiska w Olsztynie oraz organizatorom z naszego Ko\u0142a &#8211; Anatolowi Leszczy\u0144skiemu i Basi Bruzgo. Dzi\u0119kujemy! <a href=\"http:\/\/www.milosnicylasu.olsztyn.pl\/wp-content\/uploads\/2016\/06\/DSCN7404-www.jpg\" rel=\"attachment wp-att-2979\" data-rel=\"lightbox-image-9\" data-magnific_type=\"image\" data-rl_title=\"\" data-rl_caption=\"\" title=\"\"><img loading=\"lazy\" decoding=\"async\" class=\"size-medium wp-image-2979 aligncenter\" src=\"http:\/\/www.milosnicylasu.olsztyn.pl\/wp-content\/uploads\/2016\/06\/DSCN7404-www-300x225.jpg\" alt=\"DSCN7404-www\" width=\"300\" height=\"225\" srcset=\"https:\/\/www.milosnicylasu.olsztyn.pl\/wp-content\/uploads\/2016\/06\/DSCN7404-www-300x225.jpg 300w, https:\/\/www.milosnicylasu.olsztyn.pl\/wp-content\/uploads\/2016\/06\/DSCN7404-www-768x576.jpg 768w, https:\/\/www.milosnicylasu.olsztyn.pl\/wp-content\/uploads\/2016\/06\/DSCN7404-www.jpg 1024w, https:\/\/www.milosnicylasu.olsztyn.pl\/wp-content\/uploads\/2016\/06\/DSCN7404-www-400x300.jpg 400w\" sizes=\"auto, (max-width: 300px) 100vw, 300px\" \/><\/a><\/p>\n","protected":false},"excerpt":{"rendered":"<p>17 czerwca cz\u0142onkowie Ligi Ochrony Przyrody, kt\u00f3rzy s\u0105 jednocze\u015bnie w Kole Mi\u0142o\u015bnik\u00f3w Lasu i Militari\u00f3w LOK przy ATW w Olsztynie wyjechali do Puszczy Boreckiej na edukacj\u0119 le\u015bn\u0105. Go\u015bcili\u015bmy w Nadle\u015bnictwie Borki. W pi\u0119knej siedzibie Nadle\u015bnictwa wys\u0142uchali\u015bmy wyk\u0142ad\u00f3w popartych wieloma zdj\u0119ciami. Pocz\u0105tkowo Pan Kazimierz Sarzy\u0144ski pe\u0142ni\u0105cy obowi\u0105zki nadle\u015bniczego przybli\u017cy\u0142 nam \u00a0Nadle\u015bnictwo Borki. Powierzchnia zarz\u0105dzana przez Nadle\u015bnictwo [&hellip;]<\/p>\n","protected":false},"author":2,"featured_media":0,"comment_status":"open","ping_status":"open","sticky":false,"template":"","format":"standard","meta":{"footnotes":""},"categories":[1,9,5],"tags":[],"class_list":["post-2966","post","type-post","status-publish","format-standard","hentry","category-bez-kategorii","category-ciekawostki","category-wycieczki"],"_links":{"self":[{"href":"https:\/\/www.milosnicylasu.olsztyn.pl\/index.php?rest_route=\/wp\/v2\/posts\/2966","targetHints":{"allow":["GET"]}}],"collection":[{"href":"https:\/\/www.milosnicylasu.olsztyn.pl\/index.php?rest_route=\/wp\/v2\/posts"}],"about":[{"href":"https:\/\/www.milosnicylasu.olsztyn.pl\/index.php?rest_route=\/wp\/v2\/types\/post"}],"author":[{"embeddable":true,"href":"https:\/\/www.milosnicylasu.olsztyn.pl\/index.php?rest_route=\/wp\/v2\/users\/2"}],"replies":[{"embeddable":true,"href":"https:\/\/www.milosnicylasu.olsztyn.pl\/index.php?rest_route=%2Fwp%2Fv2%2Fcomments&post=2966"}],"version-history":[{"count":4,"href":"https:\/\/www.milosnicylasu.olsztyn.pl\/index.php?rest_route=\/wp\/v2\/posts\/2966\/revisions"}],"predecessor-version":[{"id":2983,"href":"https:\/\/www.milosnicylasu.olsztyn.pl\/index.php?rest_route=\/wp\/v2\/posts\/2966\/revisions\/2983"}],"wp:attachment":[{"href":"https:\/\/www.milosnicylasu.olsztyn.pl\/index.php?rest_route=%2Fwp%2Fv2%2Fmedia&parent=2966"}],"wp:term":[{"taxonomy":"category","embeddable":true,"href":"https:\/\/www.milosnicylasu.olsztyn.pl\/index.php?rest_route=%2Fwp%2Fv2%2Fcategories&post=2966"},{"taxonomy":"post_tag","embeddable":true,"href":"https:\/\/www.milosnicylasu.olsztyn.pl\/index.php?rest_route=%2Fwp%2Fv2%2Ftags&post=2966"}],"curies":[{"name":"wp","href":"https:\/\/api.w.org\/{rel}","templated":true}]}}