{"id":2985,"date":"2016-06-26T09:15:14","date_gmt":"2016-06-26T07:15:14","guid":{"rendered":"http:\/\/www.milosnicylasu.olsztyn.pl\/?p=2985"},"modified":"2016-06-30T14:40:44","modified_gmt":"2016-06-30T12:40:44","slug":"wyjezdzamy-do-goldapi","status":"publish","type":"post","link":"https:\/\/www.milosnicylasu.olsztyn.pl\/?p=2985","title":{"rendered":"Wyje\u017cd\u017camy do Go\u0142dapi"},"content":{"rendered":"<p><a href=\"http:\/\/www.milosnicylasu.olsztyn.pl\/wp-content\/uploads\/2015\/07\/P7170029-www.jpg\" rel=\"attachment wp-att-2053\" data-rel=\"lightbox-image-0\" data-magnific_type=\"image\" data-rl_title=\"\" data-rl_caption=\"\" title=\"\"><img loading=\"lazy\" decoding=\"async\" class=\"size-medium wp-image-2053 alignleft\" src=\"http:\/\/www.milosnicylasu.olsztyn.pl\/wp-content\/uploads\/2015\/07\/P7170029-www-300x225.jpg\" alt=\"P7170029-www\" width=\"300\" height=\"225\" srcset=\"https:\/\/www.milosnicylasu.olsztyn.pl\/wp-content\/uploads\/2015\/07\/P7170029-www-300x225.jpg 300w, https:\/\/www.milosnicylasu.olsztyn.pl\/wp-content\/uploads\/2015\/07\/P7170029-www-400x300.jpg 400w, https:\/\/www.milosnicylasu.olsztyn.pl\/wp-content\/uploads\/2015\/07\/P7170029-www.jpg 1024w\" sizes=\"auto, (max-width: 300px) 100vw, 300px\" \/><\/a>W najbli\u017csz\u0105 sobot\u0119 &#8211; 2 lipca, \u00a0o godzinie 7.45 wyje\u017cd\u017camy na zwiedzanie Go\u0142dapi i okolic. Przypominamy, \u017ce\u00a0w ramach odp\u0142atno\u015bci za wycieczk\u0119 organizatorzy zapewniaj\u0105 \u00a0kolacj\u0119 &#8211; 2 lipca, \u00a0\u015bniadanie i obiad &#8211; 3 lipca oraz i &#8230;&#8230;&#8230;to niespodzianka &#8211; wieczorem 2 lipca &#8211; ognisko.<a href=\"http:\/\/www.milosnicylasu.olsztyn.pl\/wp-content\/uploads\/2015\/07\/DSCN2712-www.jpg\" rel=\"attachment wp-att-2063\" data-rel=\"lightbox-image-1\" data-magnific_type=\"image\" data-rl_title=\"\" data-rl_caption=\"\" title=\"\"><img loading=\"lazy\" decoding=\"async\" class=\"size-medium wp-image-2063 alignright\" src=\"http:\/\/www.milosnicylasu.olsztyn.pl\/wp-content\/uploads\/2015\/07\/DSCN2712-www-225x300.jpg\" alt=\"DSCN2712-www\" width=\"225\" height=\"300\" srcset=\"https:\/\/www.milosnicylasu.olsztyn.pl\/wp-content\/uploads\/2015\/07\/DSCN2712-www-225x300.jpg 225w, https:\/\/www.milosnicylasu.olsztyn.pl\/wp-content\/uploads\/2015\/07\/DSCN2712-www.jpg 768w\" sizes=\"auto, (max-width: 225px) 100vw, 225px\" \/><\/a><\/p>\n<p>W zwi\u0105zku z tym, prosimy o zabranie prowiantu na pierwszy dzie\u0144 naszej wyprawy jak r\u00f3wnie\u017c r\u0119cznik\u00f3w. O\u015brodek, w kt\u00f3rym si\u0119 zatrzymamy, gwarantuje nam noclegi w pokojach wieloosobowych.<\/p>\n<p>&nbsp;<\/p>\n<p>Do zobaczenia!<\/p>\n","protected":false},"excerpt":{"rendered":"<p>W najbli\u017csz\u0105 sobot\u0119 &#8211; 2 lipca, \u00a0o godzinie 7.45 wyje\u017cd\u017camy na zwiedzanie Go\u0142dapi i okolic. Przypominamy, \u017ce\u00a0w ramach odp\u0142atno\u015bci za wycieczk\u0119 organizatorzy zapewniaj\u0105 \u00a0kolacj\u0119 &#8211; 2 lipca, \u00a0\u015bniadanie i obiad &#8211; 3 lipca oraz i &#8230;&#8230;&#8230;to niespodzianka &#8211; wieczorem 2 lipca &#8211; ognisko. W zwi\u0105zku z tym, prosimy o zabranie prowiantu na pierwszy dzie\u0144 naszej [&hellip;]<\/p>\n","protected":false},"author":2,"featured_media":0,"comment_status":"open","ping_status":"open","sticky":false,"template":"","format":"standard","meta":{"footnotes":""},"categories":[1,9,5],"tags":[],"class_list":["post-2985","post","type-post","status-publish","format-standard","hentry","category-bez-kategorii","category-ciekawostki","category-wycieczki"],"_links":{"self":[{"href":"https:\/\/www.milosnicylasu.olsztyn.pl\/index.php?rest_route=\/wp\/v2\/posts\/2985","targetHints":{"allow":["GET"]}}],"collection":[{"href":"https:\/\/www.milosnicylasu.olsztyn.pl\/index.php?rest_route=\/wp\/v2\/posts"}],"about":[{"href":"https:\/\/www.milosnicylasu.olsztyn.pl\/index.php?rest_route=\/wp\/v2\/types\/post"}],"author":[{"embeddable":true,"href":"https:\/\/www.milosnicylasu.olsztyn.pl\/index.php?rest_route=\/wp\/v2\/users\/2"}],"replies":[{"embeddable":true,"href":"https:\/\/www.milosnicylasu.olsztyn.pl\/index.php?rest_route=%2Fwp%2Fv2%2Fcomments&post=2985"}],"version-history":[{"count":2,"href":"https:\/\/www.milosnicylasu.olsztyn.pl\/index.php?rest_route=\/wp\/v2\/posts\/2985\/revisions"}],"predecessor-version":[{"id":2987,"href":"https:\/\/www.milosnicylasu.olsztyn.pl\/index.php?rest_route=\/wp\/v2\/posts\/2985\/revisions\/2987"}],"wp:attachment":[{"href":"https:\/\/www.milosnicylasu.olsztyn.pl\/index.php?rest_route=%2Fwp%2Fv2%2Fmedia&parent=2985"}],"wp:term":[{"taxonomy":"category","embeddable":true,"href":"https:\/\/www.milosnicylasu.olsztyn.pl\/index.php?rest_route=%2Fwp%2Fv2%2Fcategories&post=2985"},{"taxonomy":"post_tag","embeddable":true,"href":"https:\/\/www.milosnicylasu.olsztyn.pl\/index.php?rest_route=%2Fwp%2Fv2%2Ftags&post=2985"}],"curies":[{"name":"wp","href":"https:\/\/api.w.org\/{rel}","templated":true}]}}