{"id":2989,"date":"2016-07-08T07:47:15","date_gmt":"2016-07-08T05:47:15","guid":{"rendered":"http:\/\/www.milosnicylasu.olsztyn.pl\/?p=2989"},"modified":"2016-07-10T11:45:14","modified_gmt":"2016-07-10T09:45:14","slug":"kierunek-goldap-cz-i","status":"publish","type":"post","link":"https:\/\/www.milosnicylasu.olsztyn.pl\/?p=2989","title":{"rendered":"Kierunek Go\u0142dap Cz. I"},"content":{"rendered":"<p>2 lipca 2016 roku, na dwa dni \u00a0wyruszyli\u015bmy do Go\u0142dapi, a po drodze zwiedzili\u015bmy \u00a0wiele ciekawych miejsc.<\/p>\n<p>W miejscowo\u015bci Grodzisko znajduj\u0105 si\u0119 \u015blady pocz\u0105tk\u00f3w naszego pa\u0144stwa. Tereny te zamieszkiwane by\u0142y przez Ja\u0107wing\u00f3w. Podczas prac archeologicznych w XX w. znaleziono m.in. pozosta\u0142o\u015bci po grodzisku obronnym z okresu \u015bredniowiecza.<\/p>\n<p><a href=\"http:\/\/www.milosnicylasu.olsztyn.pl\/wp-content\/uploads\/2016\/07\/DSCN7436-www.jpg\" rel=\"attachment wp-att-2997\" data-rel=\"lightbox-image-0\" data-magnific_type=\"image\" data-rl_title=\"\" data-rl_caption=\"\" title=\"\"><img loading=\"lazy\" decoding=\"async\" class=\"size-medium wp-image-2997 alignright\" src=\"http:\/\/www.milosnicylasu.olsztyn.pl\/wp-content\/uploads\/2016\/07\/DSCN7436-www-300x225.jpg\" alt=\"DSCN7436-www\" width=\"300\" height=\"225\" srcset=\"https:\/\/www.milosnicylasu.olsztyn.pl\/wp-content\/uploads\/2016\/07\/DSCN7436-www-300x225.jpg 300w, https:\/\/www.milosnicylasu.olsztyn.pl\/wp-content\/uploads\/2016\/07\/DSCN7436-www-768x576.jpg 768w, https:\/\/www.milosnicylasu.olsztyn.pl\/wp-content\/uploads\/2016\/07\/DSCN7436-www.jpg 1024w, https:\/\/www.milosnicylasu.olsztyn.pl\/wp-content\/uploads\/2016\/07\/DSCN7436-www-400x300.jpg 400w\" sizes=\"auto, (max-width: 300px) 100vw, 300px\" \/><\/a><\/p>\n<p>&nbsp;<\/p>\n<p>We wsi \u00a0W\u00f3lka \u00a0zadziwi\u0142a nas ciekawa pasieka, <a href=\"http:\/\/www.milosnicylasu.olsztyn.pl\/wp-content\/uploads\/2016\/07\/DSCN7694-www.jpg\" rel=\"attachment wp-att-2990\" data-rel=\"lightbox-image-1\" data-magnific_type=\"image\" data-rl_title=\"\" data-rl_caption=\"\" title=\"\"><img loading=\"lazy\" decoding=\"async\" class=\"size-medium wp-image-2990 alignleft\" src=\"http:\/\/www.milosnicylasu.olsztyn.pl\/wp-content\/uploads\/2016\/07\/DSCN7694-www-300x225.jpg\" alt=\"DSCN7694-www\" width=\"300\" height=\"225\" srcset=\"https:\/\/www.milosnicylasu.olsztyn.pl\/wp-content\/uploads\/2016\/07\/DSCN7694-www-300x225.jpg 300w, https:\/\/www.milosnicylasu.olsztyn.pl\/wp-content\/uploads\/2016\/07\/DSCN7694-www-768x576.jpg 768w, https:\/\/www.milosnicylasu.olsztyn.pl\/wp-content\/uploads\/2016\/07\/DSCN7694-www.jpg 1024w, https:\/\/www.milosnicylasu.olsztyn.pl\/wp-content\/uploads\/2016\/07\/DSCN7694-www-400x300.jpg 400w\" sizes=\"auto, (max-width: 300px) 100vw, 300px\" \/><\/a><\/p>\n<p>&nbsp;<\/p>\n<p>&nbsp;<\/p>\n<p>&nbsp;<\/p>\n<p>&nbsp;<\/p>\n<p>a w Zaka\u0142czach Wielkich zobaczyli\u015bmy kaplic\u0119 rodow\u0105 i cmentarz rodziny Steinert.<\/p>\n<p>&nbsp;<\/p>\n<p><a href=\"http:\/\/www.milosnicylasu.olsztyn.pl\/wp-content\/uploads\/2016\/07\/DSCN7695-www.jpg\" rel=\"attachment wp-att-2991\" data-rel=\"lightbox-image-2\" data-magnific_type=\"image\" data-rl_title=\"\" data-rl_caption=\"\" title=\"\"><img loading=\"lazy\" decoding=\"async\" class=\"size-medium wp-image-2991 alignright\" src=\"http:\/\/www.milosnicylasu.olsztyn.pl\/wp-content\/uploads\/2016\/07\/DSCN7695-www-300x225.jpg\" alt=\"DSCN7695-www\" width=\"300\" height=\"225\" srcset=\"https:\/\/www.milosnicylasu.olsztyn.pl\/wp-content\/uploads\/2016\/07\/DSCN7695-www-300x225.jpg 300w, https:\/\/www.milosnicylasu.olsztyn.pl\/wp-content\/uploads\/2016\/07\/DSCN7695-www-768x576.jpg 768w, https:\/\/www.milosnicylasu.olsztyn.pl\/wp-content\/uploads\/2016\/07\/DSCN7695-www.jpg 1024w, https:\/\/www.milosnicylasu.olsztyn.pl\/wp-content\/uploads\/2016\/07\/DSCN7695-www-400x300.jpg 400w\" sizes=\"auto, (max-width: 300px) 100vw, 300px\" \/><\/a><\/p>\n<p>&nbsp;<\/p>\n<p>&nbsp;<\/p>\n<p>&nbsp;<\/p>\n<p>Piramida w \u00a0Rapie &#8211; grobowiec Fraheiheid\u00f3w , zaprojektowany przez du\u0144skiego rze\u017abiarza Bartela Thoryaldsena jest najbardziej znan\u0105 budowl\u0105 tego typu w Polsce.<\/p>\n<p>&nbsp;<\/p>\n<p>&nbsp;<\/p>\n<p><a href=\"http:\/\/www.milosnicylasu.olsztyn.pl\/wp-content\/uploads\/2016\/07\/DSCN7709-www.jpg\" rel=\"attachment wp-att-2992\" data-rel=\"lightbox-image-3\" data-magnific_type=\"image\" data-rl_title=\"\" data-rl_caption=\"\" title=\"\"><img loading=\"lazy\" decoding=\"async\" class=\"size-medium wp-image-2992 alignleft\" src=\"http:\/\/www.milosnicylasu.olsztyn.pl\/wp-content\/uploads\/2016\/07\/DSCN7709-www-300x225.jpg\" alt=\"DSCN7709-www\" width=\"300\" height=\"225\" srcset=\"https:\/\/www.milosnicylasu.olsztyn.pl\/wp-content\/uploads\/2016\/07\/DSCN7709-www-300x225.jpg 300w, https:\/\/www.milosnicylasu.olsztyn.pl\/wp-content\/uploads\/2016\/07\/DSCN7709-www-768x576.jpg 768w, https:\/\/www.milosnicylasu.olsztyn.pl\/wp-content\/uploads\/2016\/07\/DSCN7709-www.jpg 1024w, https:\/\/www.milosnicylasu.olsztyn.pl\/wp-content\/uploads\/2016\/07\/DSCN7709-www-400x300.jpg 400w\" sizes=\"auto, (max-width: 300px) 100vw, 300px\" \/><\/a><\/p>\n<p>&nbsp;<\/p>\n<p>Pa\u0142ac z XIX w. W Mieduniszkach Wielkich by\u0142 niegdy\u015b posiad\u0142o\u015bci\u0105 rodziny Stauffenberg. Dzi\u015b&#8230; trzeba du\u017cej wyobra\u017ani, \u017ceby dostrzec jak by\u0142 to kiedy\u015b wspania\u0142y obiekt.<\/p>\n<p><a href=\"http:\/\/www.milosnicylasu.olsztyn.pl\/wp-content\/uploads\/2016\/07\/DSCN7715-www.jpg\" rel=\"attachment wp-att-2993\" data-rel=\"lightbox-image-4\" data-magnific_type=\"image\" data-rl_title=\"\" data-rl_caption=\"\" title=\"\"><img loading=\"lazy\" decoding=\"async\" class=\"size-medium wp-image-2993 alignright\" src=\"http:\/\/www.milosnicylasu.olsztyn.pl\/wp-content\/uploads\/2016\/07\/DSCN7715-www-300x225.jpg\" alt=\"DSCN7715-www\" width=\"300\" height=\"225\" srcset=\"https:\/\/www.milosnicylasu.olsztyn.pl\/wp-content\/uploads\/2016\/07\/DSCN7715-www-300x225.jpg 300w, https:\/\/www.milosnicylasu.olsztyn.pl\/wp-content\/uploads\/2016\/07\/DSCN7715-www-768x576.jpg 768w, https:\/\/www.milosnicylasu.olsztyn.pl\/wp-content\/uploads\/2016\/07\/DSCN7715-www.jpg 1024w, https:\/\/www.milosnicylasu.olsztyn.pl\/wp-content\/uploads\/2016\/07\/DSCN7715-www-400x300.jpg 400w\" sizes=\"auto, (max-width: 300px) 100vw, 300px\" \/><\/a><\/p>\n<p>&nbsp;<\/p>\n<p>Na p\u00f3\u0142noc od wsi Kapojcie na pocz\u0105tku XX wieku zbudowano most &#8211; dzi\u015b nazywany &#8222;Ma\u0142e Sta\u0144czyki&#8221;.<\/p>\n<p><a href=\"http:\/\/www.milosnicylasu.olsztyn.pl\/wp-content\/uploads\/2016\/07\/DSCN7719-www.jpg\" rel=\"attachment wp-att-2994\" data-rel=\"lightbox-image-5\" data-magnific_type=\"image\" data-rl_title=\"\" data-rl_caption=\"\" title=\"\"><img loading=\"lazy\" decoding=\"async\" class=\"size-medium wp-image-2994 alignleft\" src=\"http:\/\/www.milosnicylasu.olsztyn.pl\/wp-content\/uploads\/2016\/07\/DSCN7719-www-300x225.jpg\" alt=\"DSCN7719-www\" width=\"300\" height=\"225\" srcset=\"https:\/\/www.milosnicylasu.olsztyn.pl\/wp-content\/uploads\/2016\/07\/DSCN7719-www-300x225.jpg 300w, https:\/\/www.milosnicylasu.olsztyn.pl\/wp-content\/uploads\/2016\/07\/DSCN7719-www-768x576.jpg 768w, https:\/\/www.milosnicylasu.olsztyn.pl\/wp-content\/uploads\/2016\/07\/DSCN7719-www.jpg 1024w, https:\/\/www.milosnicylasu.olsztyn.pl\/wp-content\/uploads\/2016\/07\/DSCN7719-www-400x300.jpg 400w\" sizes=\"auto, (max-width: 300px) 100vw, 300px\" \/><\/a><\/p>\n<p>&nbsp;<\/p>\n<p>&nbsp;<\/p>\n<p>&nbsp;<\/p>\n<p>W Sta\u0144czykach najciekawszym obiektem s\u0105 mosty i wiadukty nieczynnej linii kolejowej Go\u0142dap- \u017bytkiejmy- Czistyje-Prudy-Gusiew zaprojektowane przez w\u0142oskich architekt\u00f3w jeszcze przed pierwsz\u0105 wojn\u0105 \u015bwiatow\u0105.<a href=\"http:\/\/www.milosnicylasu.olsztyn.pl\/wp-content\/uploads\/2016\/07\/DSCN7724-www.jpg\" rel=\"attachment wp-att-2995\" data-rel=\"lightbox-image-6\" data-magnific_type=\"image\" data-rl_title=\"\" data-rl_caption=\"\" title=\"\"><img loading=\"lazy\" decoding=\"async\" class=\"size-medium wp-image-2995 alignright\" src=\"http:\/\/www.milosnicylasu.olsztyn.pl\/wp-content\/uploads\/2016\/07\/DSCN7724-www-300x225.jpg\" alt=\"DSCN7724-www\" width=\"300\" height=\"225\" srcset=\"https:\/\/www.milosnicylasu.olsztyn.pl\/wp-content\/uploads\/2016\/07\/DSCN7724-www-300x225.jpg 300w, https:\/\/www.milosnicylasu.olsztyn.pl\/wp-content\/uploads\/2016\/07\/DSCN7724-www-768x576.jpg 768w, https:\/\/www.milosnicylasu.olsztyn.pl\/wp-content\/uploads\/2016\/07\/DSCN7724-www.jpg 1024w, https:\/\/www.milosnicylasu.olsztyn.pl\/wp-content\/uploads\/2016\/07\/DSCN7724-www-400x300.jpg 400w\" sizes=\"auto, (max-width: 300px) 100vw, 300px\" \/><\/a><\/p>\n<p>&nbsp;<\/p>\n<p>&nbsp;<\/p>\n<p>&nbsp;<\/p>\n<p>&nbsp;<\/p>\n<p>P\u00f3\u0142nocny wiadukt wybudowano w latach 1912-1914, drugi otwarto dopiero w pa\u017adzierniku 1927 roku. Wiadukty maj\u0105 d\u0142ugo\u015b\u0107 182 m i wysoko\u015b\u0107 36,5m<\/p>\n<p>&nbsp;<\/p>\n<p>&nbsp;<\/p>\n<p>&nbsp;<\/p>\n","protected":false},"excerpt":{"rendered":"<p>2 lipca 2016 roku, na dwa dni \u00a0wyruszyli\u015bmy do Go\u0142dapi, a po drodze zwiedzili\u015bmy \u00a0wiele ciekawych miejsc. W miejscowo\u015bci Grodzisko znajduj\u0105 si\u0119 \u015blady pocz\u0105tk\u00f3w naszego pa\u0144stwa. Tereny te zamieszkiwane by\u0142y przez Ja\u0107wing\u00f3w. Podczas prac archeologicznych w XX w. znaleziono m.in. pozosta\u0142o\u015bci po grodzisku obronnym z okresu \u015bredniowiecza. &nbsp; We wsi \u00a0W\u00f3lka \u00a0zadziwi\u0142a nas ciekawa pasieka, [&hellip;]<\/p>\n","protected":false},"author":2,"featured_media":0,"comment_status":"open","ping_status":"open","sticky":false,"template":"","format":"standard","meta":{"footnotes":""},"categories":[1,9,5],"tags":[],"class_list":["post-2989","post","type-post","status-publish","format-standard","hentry","category-bez-kategorii","category-ciekawostki","category-wycieczki"],"_links":{"self":[{"href":"https:\/\/www.milosnicylasu.olsztyn.pl\/index.php?rest_route=\/wp\/v2\/posts\/2989","targetHints":{"allow":["GET"]}}],"collection":[{"href":"https:\/\/www.milosnicylasu.olsztyn.pl\/index.php?rest_route=\/wp\/v2\/posts"}],"about":[{"href":"https:\/\/www.milosnicylasu.olsztyn.pl\/index.php?rest_route=\/wp\/v2\/types\/post"}],"author":[{"embeddable":true,"href":"https:\/\/www.milosnicylasu.olsztyn.pl\/index.php?rest_route=\/wp\/v2\/users\/2"}],"replies":[{"embeddable":true,"href":"https:\/\/www.milosnicylasu.olsztyn.pl\/index.php?rest_route=%2Fwp%2Fv2%2Fcomments&post=2989"}],"version-history":[{"count":5,"href":"https:\/\/www.milosnicylasu.olsztyn.pl\/index.php?rest_route=\/wp\/v2\/posts\/2989\/revisions"}],"predecessor-version":[{"id":3011,"href":"https:\/\/www.milosnicylasu.olsztyn.pl\/index.php?rest_route=\/wp\/v2\/posts\/2989\/revisions\/3011"}],"wp:attachment":[{"href":"https:\/\/www.milosnicylasu.olsztyn.pl\/index.php?rest_route=%2Fwp%2Fv2%2Fmedia&parent=2989"}],"wp:term":[{"taxonomy":"category","embeddable":true,"href":"https:\/\/www.milosnicylasu.olsztyn.pl\/index.php?rest_route=%2Fwp%2Fv2%2Fcategories&post=2989"},{"taxonomy":"post_tag","embeddable":true,"href":"https:\/\/www.milosnicylasu.olsztyn.pl\/index.php?rest_route=%2Fwp%2Fv2%2Ftags&post=2989"}],"curies":[{"name":"wp","href":"https:\/\/api.w.org\/{rel}","templated":true}]}}