{"id":3000,"date":"2016-07-08T13:58:27","date_gmt":"2016-07-08T11:58:27","guid":{"rendered":"http:\/\/www.milosnicylasu.olsztyn.pl\/?p=3000"},"modified":"2016-07-10T05:21:04","modified_gmt":"2016-07-10T03:21:04","slug":"kierunek-goldap-cz-ii","status":"publish","type":"post","link":"https:\/\/www.milosnicylasu.olsztyn.pl\/?p=3000","title":{"rendered":"Kierunek Go\u0142dap cz.II"},"content":{"rendered":"<p><a href=\"http:\/\/www.milosnicylasu.olsztyn.pl\/wp-content\/uploads\/2016\/07\/DSCN7747-www.jpg\" rel=\"attachment wp-att-3001\" data-rel=\"lightbox-image-0\" data-magnific_type=\"image\" data-rl_title=\"\" data-rl_caption=\"\" title=\"\"><img loading=\"lazy\" decoding=\"async\" class=\"size-medium wp-image-3001 alignleft\" src=\"http:\/\/www.milosnicylasu.olsztyn.pl\/wp-content\/uploads\/2016\/07\/DSCN7747-www-300x225.jpg\" alt=\"DSCN7747-www\" width=\"300\" height=\"225\" srcset=\"https:\/\/www.milosnicylasu.olsztyn.pl\/wp-content\/uploads\/2016\/07\/DSCN7747-www-300x225.jpg 300w, https:\/\/www.milosnicylasu.olsztyn.pl\/wp-content\/uploads\/2016\/07\/DSCN7747-www-768x576.jpg 768w, https:\/\/www.milosnicylasu.olsztyn.pl\/wp-content\/uploads\/2016\/07\/DSCN7747-www.jpg 1024w, https:\/\/www.milosnicylasu.olsztyn.pl\/wp-content\/uploads\/2016\/07\/DSCN7747-www-400x300.jpg 400w\" sizes=\"auto, (max-width: 300px) 100vw, 300px\" \/><\/a><\/p>\n<p>Zwiedzili\u015bmy Park Zdrojowy w Go\u0142dapi a w nim Pijalni\u0119 W\u00f3d, w kt\u00f3rej pili\u015bmy\u00a0wod\u0119 lecznicz\u0105 \u00a0i wod\u0119 mineraln\u0105\u00a0&#8222;Go\u0142dap Zdr\u00f3j&#8221; oraz czwarte w Polsce t\u0119\u017cnie solankowe o d\u0142ugo\u015bci 220 m i wysoko\u015bci 8 m. Przebywaj\u0105c przy t\u0119\u017cniach leczymy g\u00f3rne drogi oddechowe, zatoki, rozedm\u0119 p\u0142uc, nadci\u015bnienie t\u0119tnicze, alergi\u0119, nerwic\u0119, depresj\u0119, stres i og\u00f3lne wyczerpanie organizmu. Tyle z m\u0105drej ulotki&#8230; a jak to zadzia\u0142a\u0142o na uczestnik\u00f3w wycieczki&#8230;&#8230;. By\u0142o fajnie, tylko chyba za kr\u00f3tko.\u00a0<a href=\"http:\/\/www.milosnicylasu.olsztyn.pl\/wp-content\/uploads\/2016\/07\/DSCN7734-www.jpg\" rel=\"attachment wp-att-3002\" data-rel=\"lightbox-image-1\" data-magnific_type=\"image\" data-rl_title=\"\" data-rl_caption=\"\" title=\"\"><img loading=\"lazy\" decoding=\"async\" class=\"size-medium wp-image-3002 alignright\" src=\"http:\/\/www.milosnicylasu.olsztyn.pl\/wp-content\/uploads\/2016\/07\/DSCN7734-www-300x225.jpg\" alt=\"DSCN7734-www\" width=\"300\" height=\"225\" srcset=\"https:\/\/www.milosnicylasu.olsztyn.pl\/wp-content\/uploads\/2016\/07\/DSCN7734-www-300x225.jpg 300w, https:\/\/www.milosnicylasu.olsztyn.pl\/wp-content\/uploads\/2016\/07\/DSCN7734-www-768x576.jpg 768w, https:\/\/www.milosnicylasu.olsztyn.pl\/wp-content\/uploads\/2016\/07\/DSCN7734-www.jpg 1024w, https:\/\/www.milosnicylasu.olsztyn.pl\/wp-content\/uploads\/2016\/07\/DSCN7734-www-400x300.jpg 400w\" sizes=\"auto, (max-width: 300px) 100vw, 300px\" \/><\/a><\/p>\n<p>2 lipca uczestniczyli\u015bmy te\u017c kr\u00f3ciutko w uroczysto\u015bci weselnej, kt\u00f3ra odbywa\u0142a si\u0119 w o\u015brodku, w kt\u00f3rym byli\u015bmy zakwaterowani.<a href=\"http:\/\/www.milosnicylasu.olsztyn.pl\/wp-content\/uploads\/2016\/07\/DSCN7737-www.jpg\" rel=\"attachment wp-att-3003\" data-rel=\"lightbox-image-2\" data-magnific_type=\"image\" data-rl_title=\"\" data-rl_caption=\"\" title=\"\"><img loading=\"lazy\" decoding=\"async\" class=\"size-medium wp-image-3003 alignleft\" src=\"http:\/\/www.milosnicylasu.olsztyn.pl\/wp-content\/uploads\/2016\/07\/DSCN7737-www-300x225.jpg\" alt=\"DSCN7737-www\" width=\"300\" height=\"225\" srcset=\"https:\/\/www.milosnicylasu.olsztyn.pl\/wp-content\/uploads\/2016\/07\/DSCN7737-www-300x225.jpg 300w, https:\/\/www.milosnicylasu.olsztyn.pl\/wp-content\/uploads\/2016\/07\/DSCN7737-www-768x576.jpg 768w, https:\/\/www.milosnicylasu.olsztyn.pl\/wp-content\/uploads\/2016\/07\/DSCN7737-www.jpg 1024w, https:\/\/www.milosnicylasu.olsztyn.pl\/wp-content\/uploads\/2016\/07\/DSCN7737-www-400x300.jpg 400w\" sizes=\"auto, (max-width: 300px) 100vw, 300px\" \/><\/a><\/p>\n<p>&nbsp;<\/p>\n<p>&nbsp;<\/p>\n<p>&nbsp;<\/p>\n<p>Pi\u0119kna &#8222;brama&#8221; i \u017cyczenia z wi\u0105zank\u0105 polnych kwiat\u00f3w ucieszy\u0142a m\u0142odych a nam&#8230;&#8230;.. zapewni\u0142a napoje do ogniska.<\/p>\n<p>&nbsp;<\/p>\n<p>&nbsp;<\/p>\n<p><a href=\"http:\/\/www.milosnicylasu.olsztyn.pl\/wp-content\/uploads\/2016\/07\/DSCN7770-www.jpg\" rel=\"attachment wp-att-3008\" data-rel=\"lightbox-image-3\" data-magnific_type=\"image\" data-rl_title=\"\" data-rl_caption=\"\" title=\"\"><img loading=\"lazy\" decoding=\"async\" class=\"size-medium wp-image-3008 alignleft\" src=\"http:\/\/www.milosnicylasu.olsztyn.pl\/wp-content\/uploads\/2016\/07\/DSCN7770-www-300x225.jpg\" alt=\"DSCN7770-www\" width=\"300\" height=\"225\" srcset=\"https:\/\/www.milosnicylasu.olsztyn.pl\/wp-content\/uploads\/2016\/07\/DSCN7770-www-300x225.jpg 300w, https:\/\/www.milosnicylasu.olsztyn.pl\/wp-content\/uploads\/2016\/07\/DSCN7770-www-768x576.jpg 768w, https:\/\/www.milosnicylasu.olsztyn.pl\/wp-content\/uploads\/2016\/07\/DSCN7770-www.jpg 1024w, https:\/\/www.milosnicylasu.olsztyn.pl\/wp-content\/uploads\/2016\/07\/DSCN7770-www-400x300.jpg 400w\" sizes=\"auto, (max-width: 300px) 100vw, 300px\" \/><\/a><\/p>\n<p>&nbsp;<\/p>\n<p>Ciep\u0142y, letni wiecz\u00f3r,\u00a0dobry nastr\u00f3j po ca\u0142ym dniu zwiedzania, a mo\u017ce zabiegi przy t\u0119\u017cniach &#8211; to wszystko sprawi\u0142o, \u017ce zabawa przy ognisku trwa\u0142a do p\u00f3\u0142nocy a mo\u017ce troch\u0119 d\u0142u\u017cej.<\/p>\n","protected":false},"excerpt":{"rendered":"<p>Zwiedzili\u015bmy Park Zdrojowy w Go\u0142dapi a w nim Pijalni\u0119 W\u00f3d, w kt\u00f3rej pili\u015bmy\u00a0wod\u0119 lecznicz\u0105 \u00a0i wod\u0119 mineraln\u0105\u00a0&#8222;Go\u0142dap Zdr\u00f3j&#8221; oraz czwarte w Polsce t\u0119\u017cnie solankowe o d\u0142ugo\u015bci 220 m i wysoko\u015bci 8 m. Przebywaj\u0105c przy t\u0119\u017cniach leczymy g\u00f3rne drogi oddechowe, zatoki, rozedm\u0119 p\u0142uc, nadci\u015bnienie t\u0119tnicze, alergi\u0119, nerwic\u0119, depresj\u0119, stres i og\u00f3lne wyczerpanie organizmu. Tyle z m\u0105drej [&hellip;]<\/p>\n","protected":false},"author":2,"featured_media":0,"comment_status":"open","ping_status":"open","sticky":false,"template":"","format":"standard","meta":{"footnotes":""},"categories":[1],"tags":[],"class_list":["post-3000","post","type-post","status-publish","format-standard","hentry","category-bez-kategorii"],"_links":{"self":[{"href":"https:\/\/www.milosnicylasu.olsztyn.pl\/index.php?rest_route=\/wp\/v2\/posts\/3000","targetHints":{"allow":["GET"]}}],"collection":[{"href":"https:\/\/www.milosnicylasu.olsztyn.pl\/index.php?rest_route=\/wp\/v2\/posts"}],"about":[{"href":"https:\/\/www.milosnicylasu.olsztyn.pl\/index.php?rest_route=\/wp\/v2\/types\/post"}],"author":[{"embeddable":true,"href":"https:\/\/www.milosnicylasu.olsztyn.pl\/index.php?rest_route=\/wp\/v2\/users\/2"}],"replies":[{"embeddable":true,"href":"https:\/\/www.milosnicylasu.olsztyn.pl\/index.php?rest_route=%2Fwp%2Fv2%2Fcomments&post=3000"}],"version-history":[{"count":4,"href":"https:\/\/www.milosnicylasu.olsztyn.pl\/index.php?rest_route=\/wp\/v2\/posts\/3000\/revisions"}],"predecessor-version":[{"id":3009,"href":"https:\/\/www.milosnicylasu.olsztyn.pl\/index.php?rest_route=\/wp\/v2\/posts\/3000\/revisions\/3009"}],"wp:attachment":[{"href":"https:\/\/www.milosnicylasu.olsztyn.pl\/index.php?rest_route=%2Fwp%2Fv2%2Fmedia&parent=3000"}],"wp:term":[{"taxonomy":"category","embeddable":true,"href":"https:\/\/www.milosnicylasu.olsztyn.pl\/index.php?rest_route=%2Fwp%2Fv2%2Fcategories&post=3000"},{"taxonomy":"post_tag","embeddable":true,"href":"https:\/\/www.milosnicylasu.olsztyn.pl\/index.php?rest_route=%2Fwp%2Fv2%2Ftags&post=3000"}],"curies":[{"name":"wp","href":"https:\/\/api.w.org\/{rel}","templated":true}]}}