{"id":3010,"date":"2016-07-11T07:43:42","date_gmt":"2016-07-11T05:43:42","guid":{"rendered":"http:\/\/www.milosnicylasu.olsztyn.pl\/?p=3010"},"modified":"2016-07-11T07:55:01","modified_gmt":"2016-07-11T05:55:01","slug":"kierunek-goldap-cz-iii","status":"publish","type":"post","link":"https:\/\/www.milosnicylasu.olsztyn.pl\/?p=3010","title":{"rendered":"Kierunek Go\u0142dap  cz.III"},"content":{"rendered":"<p>W drugim dniu naszej wyprawy do Go\u0142dapi &#8211; 3 lipca, zwiedzali\u015bmy miasto, a w nim katedr\u0119, pomnik Kanta, zabytkowa wie\u017c\u0119 ci\u015bnie\u0144, jeszcze raz leczyli\u015bmy si\u0119 pod t\u0119\u017cniami, z okien autokaru \/z powodu deszczu\/ podziwiali\u015bmy Pi\u0119kn\u0105 G\u00f3r\u0119 \u00a0i w drodze powrotnej wys\u0142uchali\u015bmy koncertu organowego w \u015awi\u0119tej Lipce.<\/p>\n<p><a href=\"http:\/\/www.milosnicylasu.olsztyn.pl\/wp-content\/uploads\/2016\/07\/DSCN7515-www.jpg\" rel=\"attachment wp-att-3012\" data-rel=\"lightbox-image-0\" data-magnific_type=\"image\" data-rl_title=\"\" data-rl_caption=\"\" title=\"\"><img loading=\"lazy\" decoding=\"async\" class=\"size-medium wp-image-3012 alignleft\" src=\"http:\/\/www.milosnicylasu.olsztyn.pl\/wp-content\/uploads\/2016\/07\/DSCN7515-www-300x225.jpg\" alt=\"DSCN7515-www\" width=\"300\" height=\"225\" srcset=\"https:\/\/www.milosnicylasu.olsztyn.pl\/wp-content\/uploads\/2016\/07\/DSCN7515-www-300x225.jpg 300w, https:\/\/www.milosnicylasu.olsztyn.pl\/wp-content\/uploads\/2016\/07\/DSCN7515-www-768x576.jpg 768w, https:\/\/www.milosnicylasu.olsztyn.pl\/wp-content\/uploads\/2016\/07\/DSCN7515-www.jpg 1024w, https:\/\/www.milosnicylasu.olsztyn.pl\/wp-content\/uploads\/2016\/07\/DSCN7515-www-400x300.jpg 400w\" sizes=\"auto, (max-width: 300px) 100vw, 300px\" \/><\/a>Go\u0142dap to magiczne miejsce, z najczystszym w Polsce powietrzem. Jako jedyne uzdrowisko na Warmii i Mazurach, jest pr\u0119\u017cnie rozwijaj\u0105cym si\u0119 o\u015brodkiem turystyczno\u2013 wypoczynkowym, le\u017c\u0105cym na skraju Garbu Szeskiego, nad jeziorem i rzek\u0105, gdzie rozci\u0105ga si\u0119 legendarna Puszcza Romincka.<\/p>\n<p>Sam\u0105 miejscowo\u015b\u0107 w roku 1564 roku za\u0142o\u017cy\u0142\u00a0ksi\u0105\u017c\u0119\u00a0Albrecht, a prawa miejskie uzyska\u0142a ona 14 maja 1570 roku. Miasto wielokrotnie by\u0142o niszczone przez \u017cywio\u0142y. Wyst\u0119powa\u0142y po\u017cary oraz choroby zaka\u017ane. W roku 1677 Go\u0142dap mia\u0142a oko\u0142o 450 mieszka\u0144c\u00f3w i p\u00f3\u017aniej rozwijaj\u0105c si\u0119 pr\u0119\u017cnie ludno\u015bci przybywa\u0142o \u2013 w 1757 roku oko\u0142o 2200 os\u00f3b, w 1855 \u2013 4021, w 1933 prawie 10 tysi\u0119cy, dzisiaj ponad 13 500.\u00a0<a href=\"http:\/\/www.milosnicylasu.olsztyn.pl\/wp-content\/uploads\/2016\/07\/DSCN7517-www.jpg\" rel=\"attachment wp-att-3013\" data-rel=\"lightbox-image-1\" data-magnific_type=\"image\" data-rl_title=\"\" data-rl_caption=\"\" title=\"\"><img loading=\"lazy\" decoding=\"async\" class=\"size-medium wp-image-3013 alignright\" src=\"http:\/\/www.milosnicylasu.olsztyn.pl\/wp-content\/uploads\/2016\/07\/DSCN7517-www-300x225.jpg\" alt=\"DSCN7517-www\" width=\"300\" height=\"225\" srcset=\"https:\/\/www.milosnicylasu.olsztyn.pl\/wp-content\/uploads\/2016\/07\/DSCN7517-www-300x225.jpg 300w, https:\/\/www.milosnicylasu.olsztyn.pl\/wp-content\/uploads\/2016\/07\/DSCN7517-www-768x576.jpg 768w, https:\/\/www.milosnicylasu.olsztyn.pl\/wp-content\/uploads\/2016\/07\/DSCN7517-www.jpg 1024w, https:\/\/www.milosnicylasu.olsztyn.pl\/wp-content\/uploads\/2016\/07\/DSCN7517-www-400x300.jpg 400w\" sizes=\"auto, (max-width: 300px) 100vw, 300px\" \/><\/a><\/p>\n<p>Ko\u015bci\u00f3\u0142 jako budowla przeby\u0142 d\u0142ug\u0105 drog\u0119 by stan\u0105\u0107\u00a0\u00a0pod wezwaniem Naj\u015bwi\u0119tszej Mary i Panny Matki Ko\u015bcio\u0142a. Pocz\u0105tkowo mie\u015bci\u0142a si\u0119 tu parafia protestancka (za\u0142o\u017cenie datowano na 1568 rok), cho\u0107 sam ko\u015bci\u00f3\u0142 wzniesiono w drugiej po\u0142owie XVIII wieku. By\u0142a to budowla halowa, z ceg\u0142y, z masywn\u0105 wie\u017c\u0105 od strony zachodniej, w stylu gotyckim. Oko\u0142o 1700 roku w ko\u015bciele zamontowano barokowy o\u0142tarz. Odbywa\u0142y si\u0119 tu msze w j\u0119zyku polskim, litewskim oraz niemieckim.<\/p>\n<p><a href=\"http:\/\/www.milosnicylasu.olsztyn.pl\/wp-content\/uploads\/2016\/07\/DSCN7783-www.jpg\" rel=\"attachment wp-att-3021\" data-rel=\"lightbox-image-2\" data-magnific_type=\"image\" data-rl_title=\"\" data-rl_caption=\"\" title=\"\"><img loading=\"lazy\" decoding=\"async\" class=\"size-medium wp-image-3021 alignleft\" src=\"http:\/\/www.milosnicylasu.olsztyn.pl\/wp-content\/uploads\/2016\/07\/DSCN7783-www-300x225.jpg\" alt=\"DSCN7783-www\" width=\"300\" height=\"225\" srcset=\"https:\/\/www.milosnicylasu.olsztyn.pl\/wp-content\/uploads\/2016\/07\/DSCN7783-www-300x225.jpg 300w, https:\/\/www.milosnicylasu.olsztyn.pl\/wp-content\/uploads\/2016\/07\/DSCN7783-www-768x576.jpg 768w, https:\/\/www.milosnicylasu.olsztyn.pl\/wp-content\/uploads\/2016\/07\/DSCN7783-www.jpg 1024w, https:\/\/www.milosnicylasu.olsztyn.pl\/wp-content\/uploads\/2016\/07\/DSCN7783-www-400x300.jpg 400w\" sizes=\"auto, (max-width: 300px) 100vw, 300px\" \/><\/a>Parafi\u0119 katolick\u0105 pw. NMP Matki Ko\u015bcio\u0142a w Go\u0142dapi erygowa\u0142 biskup Jan Ob\u0142\u0105k 26 sierpnia 1984 roku. Na ko\u015bci\u00f3\u0142 parafialny przeznaczono \u015bwi\u0105tyni\u0119 protestanck\u0105, kt\u00f3ra zosta\u0142a podczas dzia\u0142a\u0144 wojennych (1944-1945) prawie ca\u0142kowicie zniszczona i od wielu lat straszy\u0142a ruin\u0105. Dzi\u0119ki uporowi mieszka\u0144c\u00f3w oraz ksi\u0119\u017cy w latach 1981 \u2013 1984 zosta\u0142a ona odbudowana i przeznaczona do kultu Bo\u017cego. W 1992 roku Jan Pawe\u0142 II podni\u00f3s\u0142 ko\u015bci\u00f3\u0142 w Go\u0142dapi pw. NMP Matki Ko\u015bcio\u0142a do godno\u015bci konkatedry w nowo utworzonej diecezji e\u0142ckiej.<\/p>\n<p class=\"art-lead\"><strong><a href=\"http:\/\/www.milosnicylasu.olsztyn.pl\/wp-content\/uploads\/2016\/07\/DSCN7525-www.jpg\" rel=\"attachment wp-att-3015\" data-rel=\"lightbox-image-3\" data-magnific_type=\"image\" data-rl_title=\"\" data-rl_caption=\"\" title=\"\"><img loading=\"lazy\" decoding=\"async\" class=\"size-medium wp-image-3015 alignleft\" src=\"http:\/\/www.milosnicylasu.olsztyn.pl\/wp-content\/uploads\/2016\/07\/DSCN7525-www-300x225.jpg\" alt=\"DSCN7525-www\" width=\"300\" height=\"225\" srcset=\"https:\/\/www.milosnicylasu.olsztyn.pl\/wp-content\/uploads\/2016\/07\/DSCN7525-www-300x225.jpg 300w, https:\/\/www.milosnicylasu.olsztyn.pl\/wp-content\/uploads\/2016\/07\/DSCN7525-www-768x576.jpg 768w, https:\/\/www.milosnicylasu.olsztyn.pl\/wp-content\/uploads\/2016\/07\/DSCN7525-www.jpg 1024w, https:\/\/www.milosnicylasu.olsztyn.pl\/wp-content\/uploads\/2016\/07\/DSCN7525-www-400x300.jpg 400w\" sizes=\"auto, (max-width: 300px) 100vw, 300px\" \/><\/a>Immanuel Kant, jeden z najwybitniejszych filozof\u00f3w w dziejach ludzko\u015bci, tylko raz w \u017cyciu opu\u015bci\u0142 sw\u00f3j rodzinny Kr\u00f3lewiec. Pojecha\u0142 do Go\u0142dapi. <\/strong><\/p>\n<div class=\"art-text intextAd\">Immanuel Kant\u00a0przyj\u0105\u0142 zaproszenie dow\u00f3dcy garnizonu go\u0142dapskiego gen. von Lossowa i przyjecha\u0142 do Go\u0142dapi. By\u0142o to zim\u0105 1775\/1776 roku. Przez lata uwa\u017cano, \u017ce Kant nigdy nie wyje\u017cd\u017ca\u0142 z Kr\u00f3lewca. Z Go\u0142dapi do Kr\u00f3lewca jest w linii prostej oko\u0142o 12O kilometr\u00f3w.\u00a0Aby upami\u0119tni\u0107 to wydarzenie przy ulicy Lipowej postawiono pomnik.<br \/>\n<b><i><\/i><\/b><\/div>\n<div class=\"art-text intextAd\"><\/div>\n<p><strong><a href=\"http:\/\/www.milosnicylasu.olsztyn.pl\/wp-content\/uploads\/2016\/07\/DSCN7523-www.jpg\" rel=\"attachment wp-att-3016\" data-rel=\"lightbox-image-4\" data-magnific_type=\"image\" data-rl_title=\"\" data-rl_caption=\"\" title=\"\"><img loading=\"lazy\" decoding=\"async\" class=\"size-medium wp-image-3016 alignright\" src=\"http:\/\/www.milosnicylasu.olsztyn.pl\/wp-content\/uploads\/2016\/07\/DSCN7523-www-300x225.jpg\" alt=\"DSCN7523-www\" width=\"300\" height=\"225\" srcset=\"https:\/\/www.milosnicylasu.olsztyn.pl\/wp-content\/uploads\/2016\/07\/DSCN7523-www-300x225.jpg 300w, https:\/\/www.milosnicylasu.olsztyn.pl\/wp-content\/uploads\/2016\/07\/DSCN7523-www-768x576.jpg 768w, https:\/\/www.milosnicylasu.olsztyn.pl\/wp-content\/uploads\/2016\/07\/DSCN7523-www.jpg 1024w, https:\/\/www.milosnicylasu.olsztyn.pl\/wp-content\/uploads\/2016\/07\/DSCN7523-www-400x300.jpg 400w\" sizes=\"auto, (max-width: 300px) 100vw, 300px\" \/><\/a>Romincki jele\u0144<\/strong><br \/>\nNiepisanym symbolem Go\u0142dapi jest jele\u0144. Jego rogi znajduj\u0105 si\u0119 na fladze powiatu Go\u0142dapskiego, doczeka\u0142 si\u0119 nawet swojej podobizny w formie maskotki promuj\u0105cej miasto. Na ulicy Lipowej w Go\u0142dapi stoi jego pomnik, w Puszczy Rominckiej mo\u017cna spotka\u0107 obeliski upami\u0119tniaj\u0105ce jelenie upolowane przez cesarza Wilhelma II. Co ciekawe populacja rominckiego jelenia , kt\u00f3ra w okresie mi\u0119dzywojennym liczy\u0142a ok. 1500 sztuk wygin\u0119\u0142a, ale jele\u0144 ci\u0105gle pozostaje w \u015bwiadomo\u015bci ludzi ikon\u0105 jednoznacznie powi\u0105zan\u0105 z okolicami Go\u0142dapi<\/p>\n<p><strong><a href=\"http:\/\/www.milosnicylasu.olsztyn.pl\/wp-content\/uploads\/2016\/07\/DSCN7534-www.jpg\" rel=\"attachment wp-att-3017\" data-rel=\"lightbox-image-5\" data-magnific_type=\"image\" data-rl_title=\"\" data-rl_caption=\"\" title=\"\"><img loading=\"lazy\" decoding=\"async\" class=\"size-medium wp-image-3017 alignleft\" src=\"http:\/\/www.milosnicylasu.olsztyn.pl\/wp-content\/uploads\/2016\/07\/DSCN7534-www-225x300.jpg\" alt=\"DSCN7534-www\" width=\"225\" height=\"300\" srcset=\"https:\/\/www.milosnicylasu.olsztyn.pl\/wp-content\/uploads\/2016\/07\/DSCN7534-www-225x300.jpg 225w, https:\/\/www.milosnicylasu.olsztyn.pl\/wp-content\/uploads\/2016\/07\/DSCN7534-www.jpg 768w\" sizes=\"auto, (max-width: 225px) 100vw, 225px\" \/><\/a>Wie\u017c\u0119 ci\u015bnie\u0144\u00a0<\/strong>wybudowana zosta\u0142a\u00a0w 1905 roku przez gda\u0144sk\u0105 firm\u0119 \u201eA W. Muller&#8221; i stanowi\u0142a element miejskiej sieci doprowadzaj\u0105cej wod\u0119 dla mieszka\u0144c\u00f3w miasta.\u00a0W ca\u0142o\u015bci jest wzniesiona\u00a0z czerwonej ceg\u0142y w kszta\u0142cie ko\u0142a. W parterze, zewn\u0119trzne \u015bciany ukszta\u0142towano w formie sze\u015bciok\u0105ta. Budowla ma wysoko\u015b\u0107 46,5 metra, siedem kondygnacji. Mieszcz\u0105cy si\u0119 w niej zbiornik mie\u015bci\u0142 oko\u0142o 250 m3 wody. Wie\u017ca opar\u0142a si\u0119 zniszczeniom obu wojen. Zosta\u0142a zniszczona tylko w niewielkim stopniu, by\u0142y to g\u0142\u00f3wnie uszkodzenia \u015bcian po ostrza\u0142ach.<\/p>\n<p><a href=\"http:\/\/www.milosnicylasu.olsztyn.pl\/wp-content\/uploads\/2016\/07\/DSCN7823-www.jpg\" rel=\"attachment wp-att-3020\" data-rel=\"lightbox-image-6\" data-magnific_type=\"image\" data-rl_title=\"\" data-rl_caption=\"\" title=\"\"><img loading=\"lazy\" decoding=\"async\" class=\"size-medium wp-image-3020 alignright\" src=\"http:\/\/www.milosnicylasu.olsztyn.pl\/wp-content\/uploads\/2016\/07\/DSCN7823-www-300x225.jpg\" alt=\"DSCN7823-www\" width=\"300\" height=\"225\" srcset=\"https:\/\/www.milosnicylasu.olsztyn.pl\/wp-content\/uploads\/2016\/07\/DSCN7823-www-300x225.jpg 300w, https:\/\/www.milosnicylasu.olsztyn.pl\/wp-content\/uploads\/2016\/07\/DSCN7823-www-768x576.jpg 768w, https:\/\/www.milosnicylasu.olsztyn.pl\/wp-content\/uploads\/2016\/07\/DSCN7823-www.jpg 1024w, https:\/\/www.milosnicylasu.olsztyn.pl\/wp-content\/uploads\/2016\/07\/DSCN7823-www-400x300.jpg 400w\" sizes=\"auto, (max-width: 300px) 100vw, 300px\" \/><\/a>Wie\u017ca zaopatrywa\u0142a Go\u0142dapian w wod\u0119 do zimy 1986 roku, kiedy to na skutek p\u0119kni\u0119cia zbiornika zosta\u0142a wy\u0142\u0105czona z eksploatacji. Od tego czasu zacz\u0119\u0142a popada\u0107 w ruin\u0119. Wie\u017c\u0119 kupi\u0142 prywatny inwestor, kt\u00f3ry Zbudowa\u0142 dwa nowoczesne tarasy widokowe, na jej szczycie w przytulnej kawiarence mo\u017cemy napi\u0107 si\u0119 kawy, za\u015b na parterze sklepik z pami\u0105tkami. Z wie\u017cy roztacza si\u0119 z nich pi\u0119kny widok na miasto oraz otaczaj\u0105ce je lasy.<\/p>\n<p>&nbsp;<\/p>\n<p><strong>Bazylika Nawiedzenia Naj\u015bwi\u0119tszej Maryi Panny w \u015awi\u0119tej Lipce.<\/strong><\/p>\n<p><a href=\"http:\/\/www.milosnicylasu.olsztyn.pl\/wp-content\/uploads\/2016\/07\/DSCN7608-www.jpg\" rel=\"attachment wp-att-3018\" data-rel=\"lightbox-image-7\" data-magnific_type=\"image\" data-rl_title=\"\" data-rl_caption=\"\" title=\"\"><img loading=\"lazy\" decoding=\"async\" class=\"size-medium wp-image-3018 alignright\" src=\"http:\/\/www.milosnicylasu.olsztyn.pl\/wp-content\/uploads\/2016\/07\/DSCN7608-www-300x225.jpg\" alt=\"DSCN7608-www\" width=\"300\" height=\"225\" srcset=\"https:\/\/www.milosnicylasu.olsztyn.pl\/wp-content\/uploads\/2016\/07\/DSCN7608-www-300x225.jpg 300w, https:\/\/www.milosnicylasu.olsztyn.pl\/wp-content\/uploads\/2016\/07\/DSCN7608-www-768x576.jpg 768w, https:\/\/www.milosnicylasu.olsztyn.pl\/wp-content\/uploads\/2016\/07\/DSCN7608-www.jpg 1024w, https:\/\/www.milosnicylasu.olsztyn.pl\/wp-content\/uploads\/2016\/07\/DSCN7608-www-400x300.jpg 400w\" sizes=\"auto, (max-width: 300px) 100vw, 300px\" \/><\/a>W pi\u0119knej bazylice wys\u0142uchali\u015bmy wspania\u0142ego koncertu organowego.<\/p>\n<p>Pocz\u0105tki kultu Matki Boskiej w \u015awi\u0119tej Lipce si\u0119gaj\u0105 XIV w. Wed\u0142ug ustnie przekazywanej informacji wi\u0119ziony w lochach k\u0119trzy\u0144skiego ko\u015bcio\u0142a skazaniec dzi\u0119ki interwencji Matki Bo\u017cej wyrze\u017abi\u0142 w drewnie Jej figurk\u0119 z Dzieci\u0105tkiem. Po wykonaniu rze\u017aby zosta\u0142 uwolniony, a figurk\u0119 zawiesi\u0142 na lipie przy drodze z K\u0119trzyna do Reszla. Rze\u017aba Matki Bo\u017cej z Dzieci\u0105tkiem zas\u0142yn\u0119\u0142a cudami<\/p>\n<p>Wzniesienie obecnego ko\u015bcio\u0142a nast\u0105pi\u0142o z inicjatywy jezuit\u00f3w w l688-1693 wed\u0142ug projektu nieznanego architekta, a fasada zosta\u0142a uko\u0144czona w roku1730. Budow\u0119 ko\u015bcio\u0142a realizowa\u0142 Jerzy Ertli z Wilna. Przed rozpocz\u0119ciem budowy trzeba by\u0142o ustabilizowa\u0107 grunt, przez wbicie we\u0144 10\u00a0000 pali z drewna olchowego, poniewa\u017c plac budowy wchodzi\u0142 na bagnisty teren mi\u0119dzy jeziorem Wirowym i Dejnowa.<\/p>\n<p>&nbsp;<\/p>\n","protected":false},"excerpt":{"rendered":"<p>W drugim dniu naszej wyprawy do Go\u0142dapi &#8211; 3 lipca, zwiedzali\u015bmy miasto, a w nim katedr\u0119, pomnik Kanta, zabytkowa wie\u017c\u0119 ci\u015bnie\u0144, jeszcze raz leczyli\u015bmy si\u0119 pod t\u0119\u017cniami, z okien autokaru \/z powodu deszczu\/ podziwiali\u015bmy Pi\u0119kn\u0105 G\u00f3r\u0119 \u00a0i w drodze powrotnej wys\u0142uchali\u015bmy koncertu organowego w \u015awi\u0119tej Lipce. Go\u0142dap to magiczne miejsce, z najczystszym w Polsce powietrzem. [&hellip;]<\/p>\n","protected":false},"author":2,"featured_media":0,"comment_status":"open","ping_status":"open","sticky":false,"template":"","format":"standard","meta":{"footnotes":""},"categories":[1,9,5],"tags":[],"class_list":["post-3010","post","type-post","status-publish","format-standard","hentry","category-bez-kategorii","category-ciekawostki","category-wycieczki"],"_links":{"self":[{"href":"https:\/\/www.milosnicylasu.olsztyn.pl\/index.php?rest_route=\/wp\/v2\/posts\/3010","targetHints":{"allow":["GET"]}}],"collection":[{"href":"https:\/\/www.milosnicylasu.olsztyn.pl\/index.php?rest_route=\/wp\/v2\/posts"}],"about":[{"href":"https:\/\/www.milosnicylasu.olsztyn.pl\/index.php?rest_route=\/wp\/v2\/types\/post"}],"author":[{"embeddable":true,"href":"https:\/\/www.milosnicylasu.olsztyn.pl\/index.php?rest_route=\/wp\/v2\/users\/2"}],"replies":[{"embeddable":true,"href":"https:\/\/www.milosnicylasu.olsztyn.pl\/index.php?rest_route=%2Fwp%2Fv2%2Fcomments&post=3010"}],"version-history":[{"count":3,"href":"https:\/\/www.milosnicylasu.olsztyn.pl\/index.php?rest_route=\/wp\/v2\/posts\/3010\/revisions"}],"predecessor-version":[{"id":3023,"href":"https:\/\/www.milosnicylasu.olsztyn.pl\/index.php?rest_route=\/wp\/v2\/posts\/3010\/revisions\/3023"}],"wp:attachment":[{"href":"https:\/\/www.milosnicylasu.olsztyn.pl\/index.php?rest_route=%2Fwp%2Fv2%2Fmedia&parent=3010"}],"wp:term":[{"taxonomy":"category","embeddable":true,"href":"https:\/\/www.milosnicylasu.olsztyn.pl\/index.php?rest_route=%2Fwp%2Fv2%2Fcategories&post=3010"},{"taxonomy":"post_tag","embeddable":true,"href":"https:\/\/www.milosnicylasu.olsztyn.pl\/index.php?rest_route=%2Fwp%2Fv2%2Ftags&post=3010"}],"curies":[{"name":"wp","href":"https:\/\/api.w.org\/{rel}","templated":true}]}}