{"id":3029,"date":"2016-08-02T20:03:34","date_gmt":"2016-08-02T18:03:34","guid":{"rendered":"http:\/\/www.milosnicylasu.olsztyn.pl\/?p=3029"},"modified":"2016-08-03T13:08:24","modified_gmt":"2016-08-03T11:08:24","slug":"nasi-w-krakowie-zwiedzaja","status":"publish","type":"post","link":"https:\/\/www.milosnicylasu.olsztyn.pl\/?p=3029","title":{"rendered":"Nasi w Krakowie zwiedzaj\u0105 &#8230;&#8230;"},"content":{"rendered":"<p><a href=\"http:\/\/www.milosnicylasu.olsztyn.pl\/wp-content\/uploads\/2016\/08\/DSC08325-www.jpg\" rel=\"attachment wp-att-3030\" data-rel=\"lightbox-image-0\" data-magnific_type=\"image\" data-rl_title=\"\" data-rl_caption=\"\" title=\"\"><img loading=\"lazy\" decoding=\"async\" class=\"size-medium wp-image-3030 alignleft\" src=\"http:\/\/www.milosnicylasu.olsztyn.pl\/wp-content\/uploads\/2016\/08\/DSC08325-www-300x225.jpg\" alt=\"DSC08325-www\" width=\"300\" height=\"225\" srcset=\"https:\/\/www.milosnicylasu.olsztyn.pl\/wp-content\/uploads\/2016\/08\/DSC08325-www-300x225.jpg 300w, https:\/\/www.milosnicylasu.olsztyn.pl\/wp-content\/uploads\/2016\/08\/DSC08325-www-768x576.jpg 768w, https:\/\/www.milosnicylasu.olsztyn.pl\/wp-content\/uploads\/2016\/08\/DSC08325-www.jpg 1024w, https:\/\/www.milosnicylasu.olsztyn.pl\/wp-content\/uploads\/2016\/08\/DSC08325-www-400x300.jpg 400w\" sizes=\"auto, (max-width: 300px) 100vw, 300px\" \/><\/a>Pozdrowienia z Krakowa przes\u0142ali Zosia i Waldek Chrzanowski oraz Stefania i Antoni Jarczykowie. Zwiedzali Krak\u00f3w i jak przysta\u0142o na cz\u0142onk\u00f3w Ko\u0142a, kt\u00f3re ma w swojej nazwie &#8221; Militaria&#8221; udali si\u0119 do\u00a0Fortu 51 \u00bd \u201eSwoszowice\u201d zbudowanego w latach 1897-1898. Podstawowym jego zadaniem by\u0142o zwalczanie we wsp\u00f3\u0142pracy z s\u0105siednimi fortami nieprzyjacielskiej piechoty id\u0105cej do szturmu od strony Wr\u00f3blowic i wzd\u0142u\u017c Traktu Wiede\u0144skiego (obecna Zakopianka) oraz wspieranie obrony fortu \u201eRajsko\u201d. G\u0142\u00f3wne uzbrojenie, w postaci czterech lekkich armat, umieszczono w nim pod os\u0142on\u0105 obrotowych wie\u017c pancernych (z\u0142omowanych niestety w okresie okupacji niemieckiej). Fort tworz\u0105: schron bojowo-koszarowy otoczony wa\u0142em ziemnym ze stanowiskami piechoty, obronna wartownia w przeje\u017adzie przez wa\u0142 oraz otaczaj\u0105ca ca\u0142o\u015b\u0107 fosa.<a href=\"http:\/\/www.milosnicylasu.olsztyn.pl\/wp-content\/uploads\/2016\/08\/DSC08327-www.jpg\" rel=\"attachment wp-att-3031\" data-rel=\"lightbox-image-1\" data-magnific_type=\"image\" data-rl_title=\"\" data-rl_caption=\"\" title=\"\"><img loading=\"lazy\" decoding=\"async\" class=\"size-medium wp-image-3031 alignright\" src=\"http:\/\/www.milosnicylasu.olsztyn.pl\/wp-content\/uploads\/2016\/08\/DSC08327-www-300x225.jpg\" alt=\"DSC08327-www\" width=\"300\" height=\"225\" srcset=\"https:\/\/www.milosnicylasu.olsztyn.pl\/wp-content\/uploads\/2016\/08\/DSC08327-www-300x225.jpg 300w, https:\/\/www.milosnicylasu.olsztyn.pl\/wp-content\/uploads\/2016\/08\/DSC08327-www-768x576.jpg 768w, https:\/\/www.milosnicylasu.olsztyn.pl\/wp-content\/uploads\/2016\/08\/DSC08327-www.jpg 1024w, https:\/\/www.milosnicylasu.olsztyn.pl\/wp-content\/uploads\/2016\/08\/DSC08327-www-400x300.jpg 400w\" sizes=\"auto, (max-width: 300px) 100vw, 300px\" \/><\/a><\/p>\n<p>W pomieszczeniach schronu bojowo-koszarowego mo\u017cna ogl\u0105da\u0107 wystaw\u0119 znalezisk z p\u00f3l bitewnych pierwszej wojny \u015bwiatowej. Kolekcja obejmuje elementy uzbrojenia, wyposa\u017cenia i umundurowania \u017co\u0142nierskiego, sprz\u0119tu artyleryjskiego wraz z amunicj\u0105 i wyposa\u017cenia fortyfikacji. Nie brak takich unikat\u00f3w jak cz\u0119\u015bci armaty M.2, stanowi\u0105cej uzbrojenie wie\u017c wysuwalno -obrotowych, u\u017cytych w liczbie zaledwie 10 egzemplarzy w twierdzach: Krak\u00f3w (fort 44 \u201eTonie\u201d) i Przemy\u015bl (fort 1\/1 \u201e\u0141ysiczka\u201d, XI \u201eDu\u0144kowiczki\u201d). Trzy pomieszczenia przeznaczono na ekspozycj\u0119 przygotowan\u0105 przez Stowarzyszenie Rekonstrukcji Historycznej \u201eWrzesie\u0144 39\u201d, po\u015bwi\u0119con\u0105 Wojsku Polskiemu w okresie mi\u0119dzywojennym. Przedstawiono tam wyposa\u017cenie lazaretu oraz repliki uzbrojenia, w tym m.in. armatki przeciwpancernej, lekkiego mo\u017adzierza, granatnika, ckm i karabinu przeciwpancernego.<\/p>\n<p><a href=\"http:\/\/www.milosnicylasu.olsztyn.pl\/wp-content\/uploads\/2016\/08\/DSC_1577-www.jpg\" rel=\"attachment wp-att-3034\" data-rel=\"lightbox-image-2\" data-magnific_type=\"image\" data-rl_title=\"\" data-rl_caption=\"\" title=\"\"><img loading=\"lazy\" decoding=\"async\" class=\"size-medium wp-image-3034 alignleft\" src=\"http:\/\/www.milosnicylasu.olsztyn.pl\/wp-content\/uploads\/2016\/08\/DSC_1577-www-300x199.jpg\" alt=\"DSC_1577-www\" width=\"300\" height=\"199\" srcset=\"https:\/\/www.milosnicylasu.olsztyn.pl\/wp-content\/uploads\/2016\/08\/DSC_1577-www-300x199.jpg 300w, https:\/\/www.milosnicylasu.olsztyn.pl\/wp-content\/uploads\/2016\/08\/DSC_1577-www-768x509.jpg 768w, https:\/\/www.milosnicylasu.olsztyn.pl\/wp-content\/uploads\/2016\/08\/DSC_1577-www.jpg 1024w, https:\/\/www.milosnicylasu.olsztyn.pl\/wp-content\/uploads\/2016\/08\/DSC_1577-www-453x300.jpg 453w\" sizes=\"auto, (max-width: 300px) 100vw, 300px\" \/><\/a><\/p>\n<p>&nbsp;<\/p>\n<p>Pobyt w Krakowie by\u0142 te\u017c okazj\u0105 do\u00a0wr\u0119czenia nagr\u00f3d fance naszego Ko\u0142a Basi Sternal &#8211; za konkursy umieszczane na stronie Ko\u0142a. Gratulujemy wiedzy !<\/p>\n","protected":false},"excerpt":{"rendered":"<p>Pozdrowienia z Krakowa przes\u0142ali Zosia i Waldek Chrzanowski oraz Stefania i Antoni Jarczykowie. Zwiedzali Krak\u00f3w i jak przysta\u0142o na cz\u0142onk\u00f3w Ko\u0142a, kt\u00f3re ma w swojej nazwie &#8221; Militaria&#8221; udali si\u0119 do\u00a0Fortu 51 \u00bd \u201eSwoszowice\u201d zbudowanego w latach 1897-1898. Podstawowym jego zadaniem by\u0142o zwalczanie we wsp\u00f3\u0142pracy z s\u0105siednimi fortami nieprzyjacielskiej piechoty id\u0105cej do szturmu od strony [&hellip;]<\/p>\n","protected":false},"author":2,"featured_media":0,"comment_status":"open","ping_status":"open","sticky":false,"template":"","format":"standard","meta":{"footnotes":""},"categories":[1,9,5],"tags":[],"class_list":["post-3029","post","type-post","status-publish","format-standard","hentry","category-bez-kategorii","category-ciekawostki","category-wycieczki"],"_links":{"self":[{"href":"https:\/\/www.milosnicylasu.olsztyn.pl\/index.php?rest_route=\/wp\/v2\/posts\/3029","targetHints":{"allow":["GET"]}}],"collection":[{"href":"https:\/\/www.milosnicylasu.olsztyn.pl\/index.php?rest_route=\/wp\/v2\/posts"}],"about":[{"href":"https:\/\/www.milosnicylasu.olsztyn.pl\/index.php?rest_route=\/wp\/v2\/types\/post"}],"author":[{"embeddable":true,"href":"https:\/\/www.milosnicylasu.olsztyn.pl\/index.php?rest_route=\/wp\/v2\/users\/2"}],"replies":[{"embeddable":true,"href":"https:\/\/www.milosnicylasu.olsztyn.pl\/index.php?rest_route=%2Fwp%2Fv2%2Fcomments&post=3029"}],"version-history":[{"count":4,"href":"https:\/\/www.milosnicylasu.olsztyn.pl\/index.php?rest_route=\/wp\/v2\/posts\/3029\/revisions"}],"predecessor-version":[{"id":3039,"href":"https:\/\/www.milosnicylasu.olsztyn.pl\/index.php?rest_route=\/wp\/v2\/posts\/3029\/revisions\/3039"}],"wp:attachment":[{"href":"https:\/\/www.milosnicylasu.olsztyn.pl\/index.php?rest_route=%2Fwp%2Fv2%2Fmedia&parent=3029"}],"wp:term":[{"taxonomy":"category","embeddable":true,"href":"https:\/\/www.milosnicylasu.olsztyn.pl\/index.php?rest_route=%2Fwp%2Fv2%2Fcategories&post=3029"},{"taxonomy":"post_tag","embeddable":true,"href":"https:\/\/www.milosnicylasu.olsztyn.pl\/index.php?rest_route=%2Fwp%2Fv2%2Ftags&post=3029"}],"curies":[{"name":"wp","href":"https:\/\/api.w.org\/{rel}","templated":true}]}}