{"id":3045,"date":"2016-08-12T06:46:35","date_gmt":"2016-08-12T04:46:35","guid":{"rendered":"http:\/\/www.milosnicylasu.olsztyn.pl\/?p=3045"},"modified":"2016-08-16T20:15:03","modified_gmt":"2016-08-16T18:15:03","slug":"jest-takie-miejsce-kiejdany","status":"publish","type":"post","link":"https:\/\/www.milosnicylasu.olsztyn.pl\/?p=3045","title":{"rendered":"Jest takie miejsce&#8230;&#8230;. Kiejdany"},"content":{"rendered":"<p>Kiejdany to miasto w \u015brodkowej cz\u0119\u015bci Litwy, po\u0142o\u017cone nad rzek\u0105 Niewia\u017c\u0105 (dop\u0142yw Niemna) &#8211;\u00a0miejscowo\u015b\u0107 o bogatej historii, lecz dzi\u015b ju\u017c raczej prowincjonalna i zapomniana.\u00a0Dzisiejsze Kiejdany licz\u0105 oko\u0142o 30 tysi\u0119cy mieszka\u0144c\u00f3w.<\/p>\n<p><a href=\"http:\/\/www.milosnicylasu.olsztyn.pl\/wp-content\/uploads\/2016\/08\/P8050013-www.jpg\" rel=\"attachment wp-att-3046\" data-rel=\"lightbox-image-0\" data-magnific_type=\"image\" data-rl_title=\"\" data-rl_caption=\"\" title=\"\"><img loading=\"lazy\" decoding=\"async\" class=\"size-medium wp-image-3046 alignleft\" src=\"http:\/\/www.milosnicylasu.olsztyn.pl\/wp-content\/uploads\/2016\/08\/P8050013-www-300x225.jpg\" alt=\"OLYMPUS DIGITAL CAMERA\" width=\"300\" height=\"225\" srcset=\"https:\/\/www.milosnicylasu.olsztyn.pl\/wp-content\/uploads\/2016\/08\/P8050013-www-300x225.jpg 300w, https:\/\/www.milosnicylasu.olsztyn.pl\/wp-content\/uploads\/2016\/08\/P8050013-www-768x576.jpg 768w, https:\/\/www.milosnicylasu.olsztyn.pl\/wp-content\/uploads\/2016\/08\/P8050013-www.jpg 1024w, https:\/\/www.milosnicylasu.olsztyn.pl\/wp-content\/uploads\/2016\/08\/P8050013-www-400x300.jpg 400w\" sizes=\"auto, (max-width: 300px) 100vw, 300px\" \/><\/a><\/p>\n<p>&nbsp;<\/p>\n<p>Zachowa\u0142a si\u0119 tam bardzo urokliwa star\u00f3wka z zabudow\u0105 z XVII-XIX wieku.<\/p>\n<p>&nbsp;<\/p>\n<p>&nbsp;<\/p>\n<p>Na kiejda\u0144skim rynku w centralnym miejscu stoi pomnik Jonu\u0161asa Radvila znanego u nas jako ksi\u0105\u017c\u0119 Janusz Radziwi\u0142\u0142 (1612-1655).<\/p>\n<p><a href=\"http:\/\/www.milosnicylasu.olsztyn.pl\/wp-content\/uploads\/2016\/08\/P8050021-www.jpg\" rel=\"attachment wp-att-3047\" data-rel=\"lightbox-image-1\" data-magnific_type=\"image\" data-rl_title=\"\" data-rl_caption=\"\" title=\"\"><img loading=\"lazy\" decoding=\"async\" class=\"size-medium wp-image-3047 alignright\" src=\"http:\/\/www.milosnicylasu.olsztyn.pl\/wp-content\/uploads\/2016\/08\/P8050021-www-300x225.jpg\" alt=\"OLYMPUS DIGITAL CAMERA\" width=\"300\" height=\"225\" srcset=\"https:\/\/www.milosnicylasu.olsztyn.pl\/wp-content\/uploads\/2016\/08\/P8050021-www-300x225.jpg 300w, https:\/\/www.milosnicylasu.olsztyn.pl\/wp-content\/uploads\/2016\/08\/P8050021-www-768x576.jpg 768w, https:\/\/www.milosnicylasu.olsztyn.pl\/wp-content\/uploads\/2016\/08\/P8050021-www.jpg 1024w, https:\/\/www.milosnicylasu.olsztyn.pl\/wp-content\/uploads\/2016\/08\/P8050021-www-400x300.jpg 400w\" sizes=\"auto, (max-width: 300px) 100vw, 300px\" \/><\/a><\/p>\n<p>Litwini postawili mu pomnik za ugod\u0119 kiejda\u0144sk\u0105 jak\u0105 ksi\u0105\u017c\u0119 podpisa\u0142 w 1655 roku ze szwedami. <strong>Na jej mocy Litwa zrywa\u0142a uni\u0119 z Korona i zawi\u0105zywa\u0142a j\u0105 ze Szwecj\u0105.<\/strong><\/p>\n<p>Sienkiewicz w &#8222;Potopie&#8221; przedstawi\u0142 ksi\u0119cia Janusza jako posta\u0107 wyj\u0105tkowo niesympatyczn\u0105. Jako zdrajc\u0119, kt\u00f3ry kierowa\u0142 si\u0119 tylko swoim egoizmem.<\/p>\n<p>Przy ocenie dzia\u0142a\u0144 Janusza Radziwi\u0142\u0142a i Bogus\u0142awa Radziwi\u0142\u0142a nale\u017cy mie\u0107 na wzgl\u0119dzie fakt, \u017ce Litwa zosta\u0142a otoczona wrogimi pa\u0144stwami z trzech stron. Na po\u0142udniu Kozacy, z kt\u00f3rymi walczy\u0142a Rzeczypospolita od 1648 r. Na wschodzie Moskwa, z kt\u00f3r\u0105 dzia\u0142ania wojenne by\u0142y toczone od 1654 r., a od 1655 r. Szwecja.<\/p>\n<p>Radziwi\u0142\u0142 widz\u0105c z jednej strony wojska moskiewskie, kt\u00f3re zostawia\u0142y za sob\u0105 spl\u0105drowane ziemie, przesiedla\u0142y mieszka\u0144c\u00f3w ziem litewskich w g\u0142\u0105b swojego terytorium, zdecydowa\u0142 si\u0119 na pertraktacje ze Szwedami.<\/p>\n<p>Pozytywnie co do wojny ze Szwecj\u0105 nie mog\u0142y nastraja\u0107 wie\u015bci dochodz\u0105ce z Korony, w kt\u00f3rej to 25 lipca skapitulowa\u0142o pospolite ruszenie pod Uj\u015bciem, zdobycie Warszawy, przegranej pod \u017barnowem z wojskami kr\u00f3lewskimi i ucieczka kr\u00f3la na \u015al\u0105sk.<\/p>\n<p>Nie maj\u0105c si\u0142 do walki ze Moskalami i Szwedami Radziwi\u0142\u0142 podpisa\u0142 pakt z szwedzkim kr\u00f3lem.<\/p>\n<p>Uczyni\u0142 to w Kiejdanach (lit. K\u0117dainiai).<\/p>\n<p><a href=\"http:\/\/www.milosnicylasu.olsztyn.pl\/wp-content\/uploads\/2016\/08\/P8050122-www.jpg\" rel=\"attachment wp-att-3048\" data-rel=\"lightbox-image-2\" data-magnific_type=\"image\" data-rl_title=\"\" data-rl_caption=\"\" title=\"\"><img loading=\"lazy\" decoding=\"async\" class=\"size-medium wp-image-3048 alignleft\" src=\"http:\/\/www.milosnicylasu.olsztyn.pl\/wp-content\/uploads\/2016\/08\/P8050122-www-300x225.jpg\" alt=\"OLYMPUS DIGITAL CAMERA\" width=\"300\" height=\"225\" srcset=\"https:\/\/www.milosnicylasu.olsztyn.pl\/wp-content\/uploads\/2016\/08\/P8050122-www-300x225.jpg 300w, https:\/\/www.milosnicylasu.olsztyn.pl\/wp-content\/uploads\/2016\/08\/P8050122-www-768x576.jpg 768w, https:\/\/www.milosnicylasu.olsztyn.pl\/wp-content\/uploads\/2016\/08\/P8050122-www.jpg 1024w, https:\/\/www.milosnicylasu.olsztyn.pl\/wp-content\/uploads\/2016\/08\/P8050122-www-400x300.jpg 400w\" sizes=\"auto, (max-width: 300px) 100vw, 300px\" \/><\/a><\/p>\n<p>&nbsp;<\/p>\n<p>&nbsp;<\/p>\n<p>Tam te\u017c zosta\u0142 pochowany w krypcie ko\u015bcio\u0142a ewangelicko-reformowanego<\/p>\n<p>&nbsp;<\/p>\n<p>&nbsp;<\/p>\n<p>&nbsp;<\/p>\n<p><a href=\"http:\/\/www.milosnicylasu.olsztyn.pl\/wp-content\/uploads\/2016\/08\/P8050107-www-1.jpg\" rel=\"attachment wp-att-3055\" data-rel=\"lightbox-image-3\" data-magnific_type=\"image\" data-rl_title=\"\" data-rl_caption=\"\" title=\"\"><img loading=\"lazy\" decoding=\"async\" class=\"size-medium wp-image-3055 alignright\" src=\"http:\/\/www.milosnicylasu.olsztyn.pl\/wp-content\/uploads\/2016\/08\/P8050107-www-1-300x225.jpg\" alt=\"OLYMPUS DIGITAL CAMERA\" width=\"300\" height=\"225\" srcset=\"https:\/\/www.milosnicylasu.olsztyn.pl\/wp-content\/uploads\/2016\/08\/P8050107-www-1-300x225.jpg 300w, https:\/\/www.milosnicylasu.olsztyn.pl\/wp-content\/uploads\/2016\/08\/P8050107-www-1-768x576.jpg 768w, https:\/\/www.milosnicylasu.olsztyn.pl\/wp-content\/uploads\/2016\/08\/P8050107-www-1.jpg 1024w, https:\/\/www.milosnicylasu.olsztyn.pl\/wp-content\/uploads\/2016\/08\/P8050107-www-1-400x300.jpg 400w\" sizes=\"auto, (max-width: 300px) 100vw, 300px\" \/><\/a>W Kiejdanach warto zobaczy\u0107: zb\u00f3r lutera\u0144ski (1629-40), obecnie muzeum krajoznawcze, renesansowy zb\u00f3r kalwi\u0144ski (1631-53) z krypt\u0105 z grobami Radziwi\u0142\u00f3w,<\/p>\n<p><a href=\"http:\/\/www.milosnicylasu.olsztyn.pl\/wp-content\/uploads\/2016\/08\/P8050089-www.jpg\" rel=\"attachment wp-att-3050\" data-rel=\"lightbox-image-4\" data-magnific_type=\"image\" data-rl_title=\"\" data-rl_caption=\"\" title=\"\"><img loading=\"lazy\" decoding=\"async\" class=\"size-medium wp-image-3050 alignleft\" src=\"http:\/\/www.milosnicylasu.olsztyn.pl\/wp-content\/uploads\/2016\/08\/P8050089-www-300x225.jpg\" alt=\"OLYMPUS DIGITAL CAMERA\" width=\"300\" height=\"225\" srcset=\"https:\/\/www.milosnicylasu.olsztyn.pl\/wp-content\/uploads\/2016\/08\/P8050089-www-300x225.jpg 300w, https:\/\/www.milosnicylasu.olsztyn.pl\/wp-content\/uploads\/2016\/08\/P8050089-www-768x576.jpg 768w, https:\/\/www.milosnicylasu.olsztyn.pl\/wp-content\/uploads\/2016\/08\/P8050089-www.jpg 1024w, https:\/\/www.milosnicylasu.olsztyn.pl\/wp-content\/uploads\/2016\/08\/P8050089-www-400x300.jpg 400w\" sizes=\"auto, (max-width: 300px) 100vw, 300px\" \/><\/a><\/p>\n<p>&nbsp;<\/p>\n<p>&nbsp;<\/p>\n<p>&nbsp;<\/p>\n<p>ko\u015bci\u00f3\u0142 \u015bw. J\u00f3zefa z 1710 roku oraz synagog\u0119 z XVII wieku.<\/p>\n<p>&nbsp;<\/p>\n<p>Dzisiaj w Kiejdanach i okolicy mieszka ponad 500 Polak\u00f3w. Od 1996 roku w Kiejdanach dzia\u0142a odzia\u0142 Zwi\u0105zku Polak\u00f3w na Litwie &#8222;Lauda&#8221;.<\/p>\n","protected":false},"excerpt":{"rendered":"<p>Kiejdany to miasto w \u015brodkowej cz\u0119\u015bci Litwy, po\u0142o\u017cone nad rzek\u0105 Niewia\u017c\u0105 (dop\u0142yw Niemna) &#8211;\u00a0miejscowo\u015b\u0107 o bogatej historii, lecz dzi\u015b ju\u017c raczej prowincjonalna i zapomniana.\u00a0Dzisiejsze Kiejdany licz\u0105 oko\u0142o 30 tysi\u0119cy mieszka\u0144c\u00f3w. &nbsp; Zachowa\u0142a si\u0119 tam bardzo urokliwa star\u00f3wka z zabudow\u0105 z XVII-XIX wieku. &nbsp; &nbsp; Na kiejda\u0144skim rynku w centralnym miejscu stoi pomnik Jonu\u0161asa Radvila znanego [&hellip;]<\/p>\n","protected":false},"author":2,"featured_media":0,"comment_status":"open","ping_status":"open","sticky":false,"template":"","format":"standard","meta":{"footnotes":""},"categories":[1,9],"tags":[],"class_list":["post-3045","post","type-post","status-publish","format-standard","hentry","category-bez-kategorii","category-ciekawostki"],"_links":{"self":[{"href":"https:\/\/www.milosnicylasu.olsztyn.pl\/index.php?rest_route=\/wp\/v2\/posts\/3045","targetHints":{"allow":["GET"]}}],"collection":[{"href":"https:\/\/www.milosnicylasu.olsztyn.pl\/index.php?rest_route=\/wp\/v2\/posts"}],"about":[{"href":"https:\/\/www.milosnicylasu.olsztyn.pl\/index.php?rest_route=\/wp\/v2\/types\/post"}],"author":[{"embeddable":true,"href":"https:\/\/www.milosnicylasu.olsztyn.pl\/index.php?rest_route=\/wp\/v2\/users\/2"}],"replies":[{"embeddable":true,"href":"https:\/\/www.milosnicylasu.olsztyn.pl\/index.php?rest_route=%2Fwp%2Fv2%2Fcomments&post=3045"}],"version-history":[{"count":7,"href":"https:\/\/www.milosnicylasu.olsztyn.pl\/index.php?rest_route=\/wp\/v2\/posts\/3045\/revisions"}],"predecessor-version":[{"id":3071,"href":"https:\/\/www.milosnicylasu.olsztyn.pl\/index.php?rest_route=\/wp\/v2\/posts\/3045\/revisions\/3071"}],"wp:attachment":[{"href":"https:\/\/www.milosnicylasu.olsztyn.pl\/index.php?rest_route=%2Fwp%2Fv2%2Fmedia&parent=3045"}],"wp:term":[{"taxonomy":"category","embeddable":true,"href":"https:\/\/www.milosnicylasu.olsztyn.pl\/index.php?rest_route=%2Fwp%2Fv2%2Fcategories&post=3045"},{"taxonomy":"post_tag","embeddable":true,"href":"https:\/\/www.milosnicylasu.olsztyn.pl\/index.php?rest_route=%2Fwp%2Fv2%2Ftags&post=3045"}],"curies":[{"name":"wp","href":"https:\/\/api.w.org\/{rel}","templated":true}]}}