{"id":3057,"date":"2016-08-12T11:48:00","date_gmt":"2016-08-12T09:48:00","guid":{"rendered":"http:\/\/www.milosnicylasu.olsztyn.pl\/?p=3057"},"modified":"2016-08-12T12:17:02","modified_gmt":"2016-08-12T10:17:02","slug":"jest-takie-miejsce-gora-krzyzy","status":"publish","type":"post","link":"https:\/\/www.milosnicylasu.olsztyn.pl\/?p=3057","title":{"rendered":"Jest takie miejsce&#8230;.. G\u00f3ra Krzy\u017cy"},"content":{"rendered":"<p><strong>\u00a0Litwa &#8211; G\u00f3ra Krzy\u017cy<\/strong><\/p>\n<div class=\"content-text\">\n<p>Kry\u017eiu kalnas, to niedu\u017ce wzg\u00f3rze, nieraz nazywane r\u00f3wnie\u017c <strong>G\u00f3r\u0105 Zamkow\u0105<\/strong> lub <strong>\u015awi\u0119t\u0105 G\u00f3r\u0105<\/strong>. Znajduje si\u0119 ono oko\u0142o <strong>10 km na p\u00f3\u0142noc od Szawli.<\/strong><\/p>\n<p><a href=\"http:\/\/www.milosnicylasu.olsztyn.pl\/wp-content\/uploads\/2016\/08\/P8050150-www.jpg\" rel=\"attachment wp-att-3059\" data-rel=\"lightbox-image-0\" data-magnific_type=\"image\" data-rl_title=\"\" data-rl_caption=\"\" title=\"\"><img loading=\"lazy\" decoding=\"async\" class=\"size-medium wp-image-3059 alignleft\" src=\"http:\/\/www.milosnicylasu.olsztyn.pl\/wp-content\/uploads\/2016\/08\/P8050150-www-300x225.jpg\" alt=\"OLYMPUS DIGITAL CAMERA\" width=\"300\" height=\"225\" srcset=\"https:\/\/www.milosnicylasu.olsztyn.pl\/wp-content\/uploads\/2016\/08\/P8050150-www-300x225.jpg 300w, https:\/\/www.milosnicylasu.olsztyn.pl\/wp-content\/uploads\/2016\/08\/P8050150-www-768x576.jpg 768w, https:\/\/www.milosnicylasu.olsztyn.pl\/wp-content\/uploads\/2016\/08\/P8050150-www.jpg 1024w, https:\/\/www.milosnicylasu.olsztyn.pl\/wp-content\/uploads\/2016\/08\/P8050150-www-400x300.jpg 400w\" sizes=\"auto, (max-width: 300px) 100vw, 300px\" \/><\/a><\/p>\n<p>Znajduj\u0105 si\u0119 tutaj tysi\u0105ce krzy\u017cy, a g\u00f3ra jest miejscem kultu i symbolem wiernego trwania Litwin\u00f3w i \u017bmudzin\u00f3w przy wierze katolickiej. Jest te\u017c symbolem litewskich d\u0105\u017ce\u0144 niepodleg\u0142o\u015bciowych. Pierwsze krzy\u017ce stawiano tutaj najprawdopodobniej ju\u017c w XIV\u2013XV w. Po przyj\u0119ciu chrztu przez \u017bmudzin\u00f3w (1413 r.) na g\u00f3rze zbudowano kaplic\u0119, a wok\u00f3\u0142 niej wzniesiono pierwsze symbole m\u0119ki Chrystusa. Powszechnie przynoszono krzy\u017ce i pozostawiano je na g\u00f3rze po powstaniu listopadowym i p\u00f3\u017aniej po powstaniu styczniowym. Krzy\u017ce by\u0142y ho\u0142dem oddanym tym, kt\u00f3rzy zgin\u0119li w walce o niepodleg\u0142o\u015b\u0107, zes\u0142anym na Syberi\u0119 i tym, kt\u00f3rzy byli prze\u015bladowani przez carat.<\/p>\n<p><a href=\"http:\/\/www.milosnicylasu.olsztyn.pl\/wp-content\/uploads\/2016\/08\/P8050170-www.jpg\" rel=\"attachment wp-att-3061\" data-rel=\"lightbox-image-1\" data-magnific_type=\"image\" data-rl_title=\"\" data-rl_caption=\"\" title=\"\"><img loading=\"lazy\" decoding=\"async\" class=\"size-medium wp-image-3061 alignright\" src=\"http:\/\/www.milosnicylasu.olsztyn.pl\/wp-content\/uploads\/2016\/08\/P8050170-www-300x225.jpg\" alt=\"OLYMPUS DIGITAL CAMERA\" width=\"300\" height=\"225\" srcset=\"https:\/\/www.milosnicylasu.olsztyn.pl\/wp-content\/uploads\/2016\/08\/P8050170-www-300x225.jpg 300w, https:\/\/www.milosnicylasu.olsztyn.pl\/wp-content\/uploads\/2016\/08\/P8050170-www-768x576.jpg 768w, https:\/\/www.milosnicylasu.olsztyn.pl\/wp-content\/uploads\/2016\/08\/P8050170-www.jpg 1024w, https:\/\/www.milosnicylasu.olsztyn.pl\/wp-content\/uploads\/2016\/08\/P8050170-www-400x300.jpg 400w\" sizes=\"auto, (max-width: 300px) 100vw, 300px\" \/><\/a><\/p>\n<p>Kiedy Litwini odzyskali niepodleg\u0142o\u015b\u0107 przynosili krzy\u017ce z innych powod\u00f3w, o kt\u00f3rych czytamy na dedykacjach: po \u015blubie, urodzinach dzieci czy odej\u015bciu kogo\u015b z bliskich. Nie zaprzestano przynoszenia krucyfiks\u00f3w w trakcie II wojny \u015bwiatowej i w czasach komunizmu. W\u0142adze Zwi\u0105zku Radzieckiego niejednokrotnie pr\u00f3bowa\u0142y zniszczy\u0107 \u015bwi\u0119te miejsce, posuwaj\u0105c si\u0119 do r\u00f3\u017cnych \u201epodst\u0119p\u00f3w\u201d. 4 IV 1961 r. \u201eniezidentyfikowani sprawcy\u201d powyrywali z ziemi, po\u0142amali lub spalili oko\u0142o 5000 krzy\u017cy, zasypuj\u0105c przy okazji bij\u0105ce na g\u00f3rze \u017ar\u00f3de\u0142ko. Kolejny raz, tym razem z oficjalnego polecenia w 1973 r. buldo\u017cery i spychacze zniszczy\u0142y kilkaset krzy\u017cy.<\/p>\n<p><a href=\"http:\/\/www.milosnicylasu.olsztyn.pl\/wp-content\/uploads\/2016\/08\/P8050166-www.jpg\" rel=\"attachment wp-att-3065\" data-rel=\"lightbox-image-2\" data-magnific_type=\"image\" data-rl_title=\"\" data-rl_caption=\"\" title=\"\"><img loading=\"lazy\" decoding=\"async\" class=\"size-medium wp-image-3065 alignleft\" src=\"http:\/\/www.milosnicylasu.olsztyn.pl\/wp-content\/uploads\/2016\/08\/P8050166-www-300x225.jpg\" alt=\"OLYMPUS DIGITAL CAMERA\" width=\"300\" height=\"225\" srcset=\"https:\/\/www.milosnicylasu.olsztyn.pl\/wp-content\/uploads\/2016\/08\/P8050166-www-300x225.jpg 300w, https:\/\/www.milosnicylasu.olsztyn.pl\/wp-content\/uploads\/2016\/08\/P8050166-www-768x576.jpg 768w, https:\/\/www.milosnicylasu.olsztyn.pl\/wp-content\/uploads\/2016\/08\/P8050166-www.jpg 1024w, https:\/\/www.milosnicylasu.olsztyn.pl\/wp-content\/uploads\/2016\/08\/P8050166-www-400x300.jpg 400w\" sizes=\"auto, (max-width: 300px) 100vw, 300px\" \/><\/a><\/p>\n<p>Jednym z najwa\u017cniejszych wydarze\u0144 w dziejach G\u00f3ry Krzy\u017cy by\u0142 \u201eMarsz Niepodleg\u0142o\u015bci i Nadziei\u201d, zorganizowany w dniach 3-14 VI 1990 r. W rocznic\u0119 wywiezienia na Syberi\u0119 tysi\u0119cy rodzin litewskich kilkadziesi\u0105t tysi\u0119cy p\u0105tnik\u00f3w z ca\u0142ej Litwy ustawi\u0142o na g\u00f3rze tysi\u0105ce krzy\u017cy, aby w ten spos\u00f3b upami\u0119tni\u0107 stalinowskie ofiary i uczci\u0107 odzyskanie niepodleg\u0142o\u015bci. 2 IX 1993 r. Jan Pawe\u0142 II odprawi\u0142 na g\u00f3rze uroczyste nabo\u017ce\u0144stwo. Papie\u017c przyby\u0142 w to miejsce w trakcie swojej pielgrzymki na Litw\u0119. Papiesk\u0105 wizyt\u0119 upami\u0119tniono postawieniem wynios\u0142ego krzy\u017ca na \u015brodku polanki, znajduje si\u0119 na nim napis \u2013 po litewsku i po angielsku. Szacuje si\u0119, \u017ce na g\u00f3rze jest <span id=\"akon_nsitsp_0\">ustawionych<\/span> oko\u0142o 50 000 czy nawet 60 000 krzy\u017cy, w tym ponad 15 000 krzy\u017cy du\u017cych i ponad 40 000 mniejszych lub ca\u0142kiem ma\u0142ych.<\/p>\n<p><a href=\"http:\/\/www.milosnicylasu.olsztyn.pl\/wp-content\/uploads\/2016\/08\/P8050192-www.jpg\" rel=\"attachment wp-att-3062\" data-rel=\"lightbox-image-3\" data-magnific_type=\"image\" data-rl_title=\"\" data-rl_caption=\"\" title=\"\"><img loading=\"lazy\" decoding=\"async\" class=\"size-medium wp-image-3062 alignleft\" src=\"http:\/\/www.milosnicylasu.olsztyn.pl\/wp-content\/uploads\/2016\/08\/P8050192-www-300x225.jpg\" alt=\"OLYMPUS DIGITAL CAMERA\" width=\"300\" height=\"225\" srcset=\"https:\/\/www.milosnicylasu.olsztyn.pl\/wp-content\/uploads\/2016\/08\/P8050192-www-300x225.jpg 300w, https:\/\/www.milosnicylasu.olsztyn.pl\/wp-content\/uploads\/2016\/08\/P8050192-www-768x576.jpg 768w, https:\/\/www.milosnicylasu.olsztyn.pl\/wp-content\/uploads\/2016\/08\/P8050192-www.jpg 1024w, https:\/\/www.milosnicylasu.olsztyn.pl\/wp-content\/uploads\/2016\/08\/P8050192-www-400x300.jpg 400w\" sizes=\"auto, (max-width: 300px) 100vw, 300px\" \/><\/a><\/p>\n<p>&nbsp;<\/p>\n<p>W pobli\u017cu G\u00f3ry Krzy\u017cy pobudowano klasztor franciszkan\u00f3w.<\/p>\n<\/div>\n","protected":false},"excerpt":{"rendered":"<p>\u00a0Litwa &#8211; G\u00f3ra Krzy\u017cy Kry\u017eiu kalnas, to niedu\u017ce wzg\u00f3rze, nieraz nazywane r\u00f3wnie\u017c G\u00f3r\u0105 Zamkow\u0105 lub \u015awi\u0119t\u0105 G\u00f3r\u0105. Znajduje si\u0119 ono oko\u0142o 10 km na p\u00f3\u0142noc od Szawli. Znajduj\u0105 si\u0119 tutaj tysi\u0105ce krzy\u017cy, a g\u00f3ra jest miejscem kultu i symbolem wiernego trwania Litwin\u00f3w i \u017bmudzin\u00f3w przy wierze katolickiej. Jest te\u017c symbolem litewskich d\u0105\u017ce\u0144 niepodleg\u0142o\u015bciowych. Pierwsze krzy\u017ce [&hellip;]<\/p>\n","protected":false},"author":2,"featured_media":0,"comment_status":"open","ping_status":"open","sticky":false,"template":"","format":"standard","meta":{"footnotes":""},"categories":[1,9],"tags":[],"class_list":["post-3057","post","type-post","status-publish","format-standard","hentry","category-bez-kategorii","category-ciekawostki"],"_links":{"self":[{"href":"https:\/\/www.milosnicylasu.olsztyn.pl\/index.php?rest_route=\/wp\/v2\/posts\/3057","targetHints":{"allow":["GET"]}}],"collection":[{"href":"https:\/\/www.milosnicylasu.olsztyn.pl\/index.php?rest_route=\/wp\/v2\/posts"}],"about":[{"href":"https:\/\/www.milosnicylasu.olsztyn.pl\/index.php?rest_route=\/wp\/v2\/types\/post"}],"author":[{"embeddable":true,"href":"https:\/\/www.milosnicylasu.olsztyn.pl\/index.php?rest_route=\/wp\/v2\/users\/2"}],"replies":[{"embeddable":true,"href":"https:\/\/www.milosnicylasu.olsztyn.pl\/index.php?rest_route=%2Fwp%2Fv2%2Fcomments&post=3057"}],"version-history":[{"count":8,"href":"https:\/\/www.milosnicylasu.olsztyn.pl\/index.php?rest_route=\/wp\/v2\/posts\/3057\/revisions"}],"predecessor-version":[{"id":3069,"href":"https:\/\/www.milosnicylasu.olsztyn.pl\/index.php?rest_route=\/wp\/v2\/posts\/3057\/revisions\/3069"}],"wp:attachment":[{"href":"https:\/\/www.milosnicylasu.olsztyn.pl\/index.php?rest_route=%2Fwp%2Fv2%2Fmedia&parent=3057"}],"wp:term":[{"taxonomy":"category","embeddable":true,"href":"https:\/\/www.milosnicylasu.olsztyn.pl\/index.php?rest_route=%2Fwp%2Fv2%2Fcategories&post=3057"},{"taxonomy":"post_tag","embeddable":true,"href":"https:\/\/www.milosnicylasu.olsztyn.pl\/index.php?rest_route=%2Fwp%2Fv2%2Ftags&post=3057"}],"curies":[{"name":"wp","href":"https:\/\/api.w.org\/{rel}","templated":true}]}}