{"id":3073,"date":"2016-08-21T07:19:37","date_gmt":"2016-08-21T05:19:37","guid":{"rendered":"http:\/\/www.milosnicylasu.olsztyn.pl\/?p=3073"},"modified":"2016-08-21T07:20:33","modified_gmt":"2016-08-21T05:20:33","slug":"xii-mazurski-konkurs-sygnalistow-mysliwskich-w-spychowie","status":"publish","type":"post","link":"https:\/\/www.milosnicylasu.olsztyn.pl\/?p=3073","title":{"rendered":"XII Mazurski Konkurs Sygnalist\u00f3w My\u015bliwskich w Spychowie"},"content":{"rendered":"<p><a href=\"http:\/\/www.milosnicylasu.olsztyn.pl\/wp-content\/uploads\/2016\/08\/DSCN8679-www.jpg\" rel=\"attachment wp-att-3074\" data-rel=\"lightbox-image-0\" data-magnific_type=\"image\" data-rl_title=\"\" data-rl_caption=\"\" title=\"\"><img loading=\"lazy\" decoding=\"async\" class=\"size-medium wp-image-3074 alignleft\" src=\"http:\/\/www.milosnicylasu.olsztyn.pl\/wp-content\/uploads\/2016\/08\/DSCN8679-www-300x225.jpg\" alt=\"DSCN8679-www\" width=\"300\" height=\"225\" srcset=\"https:\/\/www.milosnicylasu.olsztyn.pl\/wp-content\/uploads\/2016\/08\/DSCN8679-www-300x225.jpg 300w, https:\/\/www.milosnicylasu.olsztyn.pl\/wp-content\/uploads\/2016\/08\/DSCN8679-www-768x576.jpg 768w, https:\/\/www.milosnicylasu.olsztyn.pl\/wp-content\/uploads\/2016\/08\/DSCN8679-www.jpg 1024w, https:\/\/www.milosnicylasu.olsztyn.pl\/wp-content\/uploads\/2016\/08\/DSCN8679-www-400x300.jpg 400w\" sizes=\"auto, (max-width: 300px) 100vw, 300px\" \/><\/a>W sobot\u0119 13-go sierpnia odby\u0142 si\u0119 XII Mazurski Konkurs Sygnalist\u00f3w My\u015bliwskich w Spychowie. Na to wyj\u0105tkowe \u015bwi\u0119to, zaproszenie otrzyma\u0142 prezes Ko\u0142a Anatol Leszczy\u0144ski.<\/p>\n<p>W konkursie wzi\u0119\u0142o udzia\u0142 150 -u sygnalist\u00f3w z ca\u0142ej Polski.<\/p>\n<p>W kategorii muzyki my\u015bliwskiej zwyci\u0119\u017cy\u0142 zesp\u00f3\u0142 &#8222;Tr\u0119bacze Le\u015bnych B\u00f3r&#8221; ze Szczecinka a w kategorii sygna\u0142\u00f3w my\u015bliwskich zesp\u00f3\u0142 &#8222;Le\u015bna Bra\u0107&#8221; z Nadle\u015bnictw Spychowo i Strza\u0142owo &#8211; czyli gospodarze konkursu. Solowo zwyci\u0119\u017cy\u0142 kierownik tego zespo\u0142u Adam Ja\u017cd\u017cewski.<a href=\"http:\/\/www.milosnicylasu.olsztyn.pl\/wp-content\/uploads\/2016\/08\/DSCN8676-www.jpg\" rel=\"attachment wp-att-3075\" data-rel=\"lightbox-image-1\" data-magnific_type=\"image\" data-rl_title=\"\" data-rl_caption=\"\" title=\"\"><img loading=\"lazy\" decoding=\"async\" class=\"size-medium wp-image-3075 alignright\" src=\"http:\/\/www.milosnicylasu.olsztyn.pl\/wp-content\/uploads\/2016\/08\/DSCN8676-www-300x225.jpg\" alt=\"DSCN8676-www\" width=\"300\" height=\"225\" srcset=\"https:\/\/www.milosnicylasu.olsztyn.pl\/wp-content\/uploads\/2016\/08\/DSCN8676-www-300x225.jpg 300w, https:\/\/www.milosnicylasu.olsztyn.pl\/wp-content\/uploads\/2016\/08\/DSCN8676-www-768x576.jpg 768w, https:\/\/www.milosnicylasu.olsztyn.pl\/wp-content\/uploads\/2016\/08\/DSCN8676-www.jpg 1024w, https:\/\/www.milosnicylasu.olsztyn.pl\/wp-content\/uploads\/2016\/08\/DSCN8676-www-400x300.jpg 400w\" sizes=\"auto, (max-width: 300px) 100vw, 300px\" \/><\/a><\/p>\n<p>&nbsp;<\/p>\n<p>W konkursie brali udzia\u0142 bardzo m\u0142odzi muzycy, kt\u00f3rzy byli bardzo dumni z otrzymanych wyr\u00f3\u017cnie\u0144.<\/p>\n<p>&nbsp;<\/p>\n<p>Fina\u0142 i koncert galowy swoj\u0105 obecno\u015bci\u0105 zaszczycili: pani pose\u0142 Urszula Pas\u0142awska, pan pose\u0142 Jerzy Antoni Gosiewski, pan Gustaw Marek Brzezin marsza\u0142ek wojew\u00f3dztwa, pani Ma\u0142gorzata B\u0142yskun Dyrektor Regionalnej Dyrekcji Las\u00f3w Pa\u0144stwowych w Olsztynie.<\/p>\n<p><a href=\"http:\/\/www.milosnicylasu.olsztyn.pl\/wp-content\/uploads\/2016\/08\/DSCN8648-www.jpg\" rel=\"attachment wp-att-3076\" data-rel=\"lightbox-image-2\" data-magnific_type=\"image\" data-rl_title=\"\" data-rl_caption=\"\" title=\"\"><img loading=\"lazy\" decoding=\"async\" class=\"size-medium wp-image-3076 alignleft\" src=\"http:\/\/www.milosnicylasu.olsztyn.pl\/wp-content\/uploads\/2016\/08\/DSCN8648-www-300x225.jpg\" alt=\"DSCN8648-www\" width=\"300\" height=\"225\" srcset=\"https:\/\/www.milosnicylasu.olsztyn.pl\/wp-content\/uploads\/2016\/08\/DSCN8648-www-300x225.jpg 300w, https:\/\/www.milosnicylasu.olsztyn.pl\/wp-content\/uploads\/2016\/08\/DSCN8648-www-768x576.jpg 768w, https:\/\/www.milosnicylasu.olsztyn.pl\/wp-content\/uploads\/2016\/08\/DSCN8648-www.jpg 1024w, https:\/\/www.milosnicylasu.olsztyn.pl\/wp-content\/uploads\/2016\/08\/DSCN8648-www-400x300.jpg 400w\" sizes=\"auto, (max-width: 300px) 100vw, 300px\" \/><\/a><\/p>\n<p>&nbsp;<\/p>\n<p>Tradycyjnie \u00a0konkursowi towarzyszy\u0142a aukcja obraz\u00f3w\u00a0 oraz otwarcie wystawy malarstwa z Le\u015bnego Pleneru Malarskiego, kt\u00f3ry odby\u0142 si\u0119 w lipcu w \u00a0Spychowie.<\/p>\n<p>&nbsp;<\/p>\n<p>&nbsp;<\/p>\n<p><a href=\"http:\/\/www.milosnicylasu.olsztyn.pl\/wp-content\/uploads\/2016\/08\/DSCN8658-www.jpg\" rel=\"attachment wp-att-3077\" data-rel=\"lightbox-image-3\" data-magnific_type=\"image\" data-rl_title=\"\" data-rl_caption=\"\" title=\"\"><img loading=\"lazy\" decoding=\"async\" class=\"size-medium wp-image-3077 alignright\" src=\"http:\/\/www.milosnicylasu.olsztyn.pl\/wp-content\/uploads\/2016\/08\/DSCN8658-www-300x225.jpg\" alt=\"DSCN8658-www\" width=\"300\" height=\"225\" srcset=\"https:\/\/www.milosnicylasu.olsztyn.pl\/wp-content\/uploads\/2016\/08\/DSCN8658-www-300x225.jpg 300w, https:\/\/www.milosnicylasu.olsztyn.pl\/wp-content\/uploads\/2016\/08\/DSCN8658-www-768x576.jpg 768w, https:\/\/www.milosnicylasu.olsztyn.pl\/wp-content\/uploads\/2016\/08\/DSCN8658-www.jpg 1024w, https:\/\/www.milosnicylasu.olsztyn.pl\/wp-content\/uploads\/2016\/08\/DSCN8658-www-400x300.jpg 400w\" sizes=\"auto, (max-width: 300px) 100vw, 300px\" \/><\/a>Wydarzenie \u00a0cieszy\u0142o si\u0119 ogromn\u0105 popularno\u015bci\u0105 w\u015br\u00f3d turyst\u00f3w i mieszka\u0144c\u00f3w Spychowa, na kt\u00f3rych czeka\u0142y dodatkowe atrakcje: Wioska india\u0144ska Biegn\u0105cego Wilka z Republiki \u015aciborskiej rozbita nad brzegiem jeziora Spychowskiego. Warsztaty artystyczne: rze\u017abiarskie, malarskie, decupage, kaletnicze, wyplatania kwiat\u00f3w z bibu\u0142y oraz stoisko edukacji przyrodniczej. Warsztaty kaletnicze prowadzi\u0142 nasz dobry znajomy &#8211; ulubiony wyk\u0142adowca Adam Ge\u0142don.<\/p>\n<p>&nbsp;<\/p>\n","protected":false},"excerpt":{"rendered":"<p>W sobot\u0119 13-go sierpnia odby\u0142 si\u0119 XII Mazurski Konkurs Sygnalist\u00f3w My\u015bliwskich w Spychowie. Na to wyj\u0105tkowe \u015bwi\u0119to, zaproszenie otrzyma\u0142 prezes Ko\u0142a Anatol Leszczy\u0144ski. W konkursie wzi\u0119\u0142o udzia\u0142 150 -u sygnalist\u00f3w z ca\u0142ej Polski. W kategorii muzyki my\u015bliwskiej zwyci\u0119\u017cy\u0142 zesp\u00f3\u0142 &#8222;Tr\u0119bacze Le\u015bnych B\u00f3r&#8221; ze Szczecinka a w kategorii sygna\u0142\u00f3w my\u015bliwskich zesp\u00f3\u0142 &#8222;Le\u015bna Bra\u0107&#8221; z Nadle\u015bnictw Spychowo [&hellip;]<\/p>\n","protected":false},"author":2,"featured_media":0,"comment_status":"open","ping_status":"open","sticky":false,"template":"","format":"standard","meta":{"footnotes":""},"categories":[1,9,4],"tags":[],"class_list":["post-3073","post","type-post","status-publish","format-standard","hentry","category-bez-kategorii","category-ciekawostki","category-wystawy"],"_links":{"self":[{"href":"https:\/\/www.milosnicylasu.olsztyn.pl\/index.php?rest_route=\/wp\/v2\/posts\/3073","targetHints":{"allow":["GET"]}}],"collection":[{"href":"https:\/\/www.milosnicylasu.olsztyn.pl\/index.php?rest_route=\/wp\/v2\/posts"}],"about":[{"href":"https:\/\/www.milosnicylasu.olsztyn.pl\/index.php?rest_route=\/wp\/v2\/types\/post"}],"author":[{"embeddable":true,"href":"https:\/\/www.milosnicylasu.olsztyn.pl\/index.php?rest_route=\/wp\/v2\/users\/2"}],"replies":[{"embeddable":true,"href":"https:\/\/www.milosnicylasu.olsztyn.pl\/index.php?rest_route=%2Fwp%2Fv2%2Fcomments&post=3073"}],"version-history":[{"count":1,"href":"https:\/\/www.milosnicylasu.olsztyn.pl\/index.php?rest_route=\/wp\/v2\/posts\/3073\/revisions"}],"predecessor-version":[{"id":3078,"href":"https:\/\/www.milosnicylasu.olsztyn.pl\/index.php?rest_route=\/wp\/v2\/posts\/3073\/revisions\/3078"}],"wp:attachment":[{"href":"https:\/\/www.milosnicylasu.olsztyn.pl\/index.php?rest_route=%2Fwp%2Fv2%2Fmedia&parent=3073"}],"wp:term":[{"taxonomy":"category","embeddable":true,"href":"https:\/\/www.milosnicylasu.olsztyn.pl\/index.php?rest_route=%2Fwp%2Fv2%2Fcategories&post=3073"},{"taxonomy":"post_tag","embeddable":true,"href":"https:\/\/www.milosnicylasu.olsztyn.pl\/index.php?rest_route=%2Fwp%2Fv2%2Ftags&post=3073"}],"curies":[{"name":"wp","href":"https:\/\/api.w.org\/{rel}","templated":true}]}}