{"id":3090,"date":"2016-09-06T07:29:48","date_gmt":"2016-09-06T05:29:48","guid":{"rendered":"http:\/\/www.milosnicylasu.olsztyn.pl\/?p=3090"},"modified":"2016-09-06T07:39:15","modified_gmt":"2016-09-06T05:39:15","slug":"konkurs-2","status":"publish","type":"post","link":"https:\/\/www.milosnicylasu.olsztyn.pl\/?p=3090","title":{"rendered":"Konkurs"},"content":{"rendered":"<p><strong>Zapraszamy na nowy konkurs opracowany przez Adama Siemakowicza.<\/strong><\/p>\n<p><strong>Na grzyby?<\/strong><\/p>\n<p>Sezon na grzyby w pe\u0142ni. O tej porze mo\u017cna znale\u017a\u0107 wiele dorodnych okaz\u00f3w. A mo\u017cna wybiera\u0107 po\u015br\u00f3d wielu gatunk\u00f3w. Ale czy znamy je? Jeste\u015bcie gotowi spr\u00f3bowa\u0107 swoich si\u0142?<\/p>\n<p>Wystarczy udzieli\u0107 prawid\u0142owo odpowiedzi na 9 zaprezentowanych zdj\u0119\u0107 i jednego pytania by zawalczy\u0107 o interesuj\u0105ce nagrody. Wystarczy poda\u0107 polsk\u0105 lub \u0142aci\u0144sk\u0105 nazw\u0119 pokazanego gatunku. W przypadku wi\u0119kszej liczby prawid\u0142owych odpowiedzi o kolejno\u015bci nagradzanych os\u00f3b b\u0119dzie decydowa\u0142 termin nadsy\u0142anych prawid\u0142owych odpowiedzi. Odpowiedzi wysy\u0142ajcie na adres poczty elektronicznej krystyna@kappa.pl &#8211; w tytule wpisuj\u0105c <strong>Konkurs przyrody.<\/strong><\/p>\n<p>Konkurs b\u0119dzie trwa\u0142 do 15 pa\u017adziernika\u00a02016 roku.<\/p>\n<p>Do wygrania nagrody\u00a0nagrody ksi\u0105\u017ckowe<\/p>\n<p>1.Prezentowanym grzybem jest:<a href=\"http:\/\/www.milosnicylasu.olsztyn.pl\/wp-content\/uploads\/2016\/09\/1-www.jpg\" rel=\"attachment wp-att-3092\" data-rel=\"lightbox-image-0\" data-magnific_type=\"image\" data-rl_title=\"\" data-rl_caption=\"\" title=\"\"><img loading=\"lazy\" decoding=\"async\" class=\"size-medium wp-image-3092 alignleft\" src=\"http:\/\/www.milosnicylasu.olsztyn.pl\/wp-content\/uploads\/2016\/09\/1-www-300x225.jpg\" alt=\"1-www\" width=\"300\" height=\"225\" srcset=\"https:\/\/www.milosnicylasu.olsztyn.pl\/wp-content\/uploads\/2016\/09\/1-www-300x225.jpg 300w, https:\/\/www.milosnicylasu.olsztyn.pl\/wp-content\/uploads\/2016\/09\/1-www-768x576.jpg 768w, https:\/\/www.milosnicylasu.olsztyn.pl\/wp-content\/uploads\/2016\/09\/1-www.jpg 1024w, https:\/\/www.milosnicylasu.olsztyn.pl\/wp-content\/uploads\/2016\/09\/1-www-400x300.jpg 400w\" sizes=\"auto, (max-width: 300px) 100vw, 300px\" \/><\/a><\/p>\n<p>&nbsp;<\/p>\n<p>&nbsp;<\/p>\n<p>&nbsp;<\/p>\n<p>2. Na zdj\u0119ciu jest:<a href=\"http:\/\/www.milosnicylasu.olsztyn.pl\/wp-content\/uploads\/2016\/09\/2-www.jpg\" rel=\"attachment wp-att-3093\" data-rel=\"lightbox-image-1\" data-magnific_type=\"image\" data-rl_title=\"\" data-rl_caption=\"\" title=\"\"><img loading=\"lazy\" decoding=\"async\" class=\"size-medium wp-image-3093 alignright\" src=\"http:\/\/www.milosnicylasu.olsztyn.pl\/wp-content\/uploads\/2016\/09\/2-www-169x300.jpg\" alt=\"2-www\" width=\"169\" height=\"300\" srcset=\"https:\/\/www.milosnicylasu.olsztyn.pl\/wp-content\/uploads\/2016\/09\/2-www-169x300.jpg 169w, https:\/\/www.milosnicylasu.olsztyn.pl\/wp-content\/uploads\/2016\/09\/2-www.jpg 577w\" sizes=\"auto, (max-width: 169px) 100vw, 169px\" \/><\/a><\/p>\n<p>&nbsp;<\/p>\n<p>&nbsp;<\/p>\n<p>&nbsp;<\/p>\n<p>&nbsp;<\/p>\n<p>&nbsp;<\/p>\n<p>3. Za\u0142\u0105czone zdj\u0119cia przedstawiaj\u0105:<a href=\"http:\/\/www.milosnicylasu.olsztyn.pl\/wp-content\/uploads\/2016\/09\/3-www.jpg\" rel=\"attachment wp-att-3094\" data-rel=\"lightbox-image-2\" data-magnific_type=\"image\" data-rl_title=\"\" data-rl_caption=\"\" title=\"\"><img loading=\"lazy\" decoding=\"async\" class=\"size-medium wp-image-3094 alignleft\" src=\"http:\/\/www.milosnicylasu.olsztyn.pl\/wp-content\/uploads\/2016\/09\/3-www-300x268.jpg\" alt=\"3-www\" width=\"300\" height=\"268\" srcset=\"https:\/\/www.milosnicylasu.olsztyn.pl\/wp-content\/uploads\/2016\/09\/3-www-300x268.jpg 300w, https:\/\/www.milosnicylasu.olsztyn.pl\/wp-content\/uploads\/2016\/09\/3-www-768x686.jpg 768w, https:\/\/www.milosnicylasu.olsztyn.pl\/wp-content\/uploads\/2016\/09\/3-www-336x300.jpg 336w, https:\/\/www.milosnicylasu.olsztyn.pl\/wp-content\/uploads\/2016\/09\/3-www.jpg 860w\" sizes=\"auto, (max-width: 300px) 100vw, 300px\" \/><\/a><\/p>\n<p>&nbsp;<\/p>\n<p>&nbsp;<\/p>\n<p>&nbsp;<\/p>\n<p>&nbsp;<\/p>\n<p>&nbsp;<\/p>\n<p>&nbsp;<\/p>\n<p>4. Zaprezentowany obok gatunek to:<a href=\"http:\/\/www.milosnicylasu.olsztyn.pl\/wp-content\/uploads\/2016\/09\/4-www.jpg\" rel=\"attachment wp-att-3095\" data-rel=\"lightbox-image-3\" data-magnific_type=\"image\" data-rl_title=\"\" data-rl_caption=\"\" title=\"\"><img loading=\"lazy\" decoding=\"async\" class=\"size-medium wp-image-3095 alignright\" src=\"http:\/\/www.milosnicylasu.olsztyn.pl\/wp-content\/uploads\/2016\/09\/4-www-300x281.jpg\" alt=\"4-www\" width=\"300\" height=\"281\" srcset=\"https:\/\/www.milosnicylasu.olsztyn.pl\/wp-content\/uploads\/2016\/09\/4-www-300x281.jpg 300w, https:\/\/www.milosnicylasu.olsztyn.pl\/wp-content\/uploads\/2016\/09\/4-www-768x720.jpg 768w, https:\/\/www.milosnicylasu.olsztyn.pl\/wp-content\/uploads\/2016\/09\/4-www-320x300.jpg 320w, https:\/\/www.milosnicylasu.olsztyn.pl\/wp-content\/uploads\/2016\/09\/4-www.jpg 819w\" sizes=\"auto, (max-width: 300px) 100vw, 300px\" \/><\/a><\/p>\n<p>&nbsp;<\/p>\n<p>&nbsp;<\/p>\n<p>&nbsp;<\/p>\n<p>&nbsp;<\/p>\n<p>&nbsp;<\/p>\n<p>5. Na zdj\u0119ciu znajduje si\u0119:<a href=\"http:\/\/www.milosnicylasu.olsztyn.pl\/wp-content\/uploads\/2016\/09\/5-www.jpg\" rel=\"attachment wp-att-3096\" data-rel=\"lightbox-image-4\" data-magnific_type=\"image\" data-rl_title=\"\" data-rl_caption=\"\" title=\"\"><img loading=\"lazy\" decoding=\"async\" class=\"size-medium wp-image-3096 alignleft\" src=\"http:\/\/www.milosnicylasu.olsztyn.pl\/wp-content\/uploads\/2016\/09\/5-www-300x268.jpg\" alt=\"5-www\" width=\"300\" height=\"268\" srcset=\"https:\/\/www.milosnicylasu.olsztyn.pl\/wp-content\/uploads\/2016\/09\/5-www-300x268.jpg 300w, https:\/\/www.milosnicylasu.olsztyn.pl\/wp-content\/uploads\/2016\/09\/5-www-768x687.jpg 768w, https:\/\/www.milosnicylasu.olsztyn.pl\/wp-content\/uploads\/2016\/09\/5-www-336x300.jpg 336w, https:\/\/www.milosnicylasu.olsztyn.pl\/wp-content\/uploads\/2016\/09\/5-www.jpg 859w\" sizes=\"auto, (max-width: 300px) 100vw, 300px\" \/><\/a><\/p>\n<p>&nbsp;<\/p>\n<p>&nbsp;<\/p>\n<p>&nbsp;<\/p>\n<p>&nbsp;<\/p>\n<p>&nbsp;<\/p>\n<p>&nbsp;<\/p>\n<p>&nbsp;<\/p>\n<p>6. Okaz na zdj\u0119ciu to:<a href=\"http:\/\/www.milosnicylasu.olsztyn.pl\/wp-content\/uploads\/2016\/09\/6-www.jpg\" rel=\"attachment wp-att-3097\" data-rel=\"lightbox-image-5\" data-magnific_type=\"image\" data-rl_title=\"\" data-rl_caption=\"\" title=\"\"><img loading=\"lazy\" decoding=\"async\" class=\"size-medium wp-image-3097 alignright\" src=\"http:\/\/www.milosnicylasu.olsztyn.pl\/wp-content\/uploads\/2016\/09\/6-www-300x268.jpg\" alt=\"6-www\" width=\"300\" height=\"268\" srcset=\"https:\/\/www.milosnicylasu.olsztyn.pl\/wp-content\/uploads\/2016\/09\/6-www-300x268.jpg 300w, https:\/\/www.milosnicylasu.olsztyn.pl\/wp-content\/uploads\/2016\/09\/6-www-768x686.jpg 768w, https:\/\/www.milosnicylasu.olsztyn.pl\/wp-content\/uploads\/2016\/09\/6-www-336x300.jpg 336w, https:\/\/www.milosnicylasu.olsztyn.pl\/wp-content\/uploads\/2016\/09\/6-www.jpg 860w\" sizes=\"auto, (max-width: 300px) 100vw, 300px\" \/><\/a><\/p>\n<p>&nbsp;<\/p>\n<p>&nbsp;<\/p>\n<p>&nbsp;<\/p>\n<p>&nbsp;<\/p>\n<p>&nbsp;<\/p>\n<p>7. Zdj\u0119cie przedstawia:<a href=\"http:\/\/www.milosnicylasu.olsztyn.pl\/wp-content\/uploads\/2016\/09\/7-www.jpg\" rel=\"attachment wp-att-3098\" data-rel=\"lightbox-image-6\" data-magnific_type=\"image\" data-rl_title=\"\" data-rl_caption=\"\" title=\"\"><img loading=\"lazy\" decoding=\"async\" class=\"size-medium wp-image-3098 alignleft\" src=\"http:\/\/www.milosnicylasu.olsztyn.pl\/wp-content\/uploads\/2016\/09\/7-www-169x300.jpg\" alt=\"7-www\" width=\"169\" height=\"300\" srcset=\"https:\/\/www.milosnicylasu.olsztyn.pl\/wp-content\/uploads\/2016\/09\/7-www-169x300.jpg 169w, https:\/\/www.milosnicylasu.olsztyn.pl\/wp-content\/uploads\/2016\/09\/7-www.jpg 577w\" sizes=\"auto, (max-width: 169px) 100vw, 169px\" \/><\/a><\/p>\n<p>&nbsp;<\/p>\n<p>&nbsp;<\/p>\n<p>&nbsp;<\/p>\n<p>&nbsp;<\/p>\n<p>&nbsp;<\/p>\n<p>&nbsp;<\/p>\n<p>8. Ten popularny gatunek to:<a href=\"http:\/\/www.milosnicylasu.olsztyn.pl\/wp-content\/uploads\/2016\/09\/8-www.jpg\" rel=\"attachment wp-att-3099\" data-rel=\"lightbox-image-7\" data-magnific_type=\"image\" data-rl_title=\"\" data-rl_caption=\"\" title=\"\"><img loading=\"lazy\" decoding=\"async\" class=\"size-medium wp-image-3099 alignright\" src=\"http:\/\/www.milosnicylasu.olsztyn.pl\/wp-content\/uploads\/2016\/09\/8-www-300x268.jpg\" alt=\"8-www\" width=\"300\" height=\"268\" srcset=\"https:\/\/www.milosnicylasu.olsztyn.pl\/wp-content\/uploads\/2016\/09\/8-www-300x268.jpg 300w, https:\/\/www.milosnicylasu.olsztyn.pl\/wp-content\/uploads\/2016\/09\/8-www-768x686.jpg 768w, https:\/\/www.milosnicylasu.olsztyn.pl\/wp-content\/uploads\/2016\/09\/8-www-336x300.jpg 336w, https:\/\/www.milosnicylasu.olsztyn.pl\/wp-content\/uploads\/2016\/09\/8-www.jpg 860w\" sizes=\"auto, (max-width: 300px) 100vw, 300px\" \/><\/a><\/p>\n<p>&nbsp;<\/p>\n<p>&nbsp;<\/p>\n<p>&nbsp;<\/p>\n<p>&nbsp;<\/p>\n<p>&nbsp;<\/p>\n<p>9. Ten charakterystyczny okaz nazywa si\u0119:<a href=\"http:\/\/www.milosnicylasu.olsztyn.pl\/wp-content\/uploads\/2016\/09\/9-www.jpg\" rel=\"attachment wp-att-3100\" data-rel=\"lightbox-image-8\" data-magnific_type=\"image\" data-rl_title=\"\" data-rl_caption=\"\" title=\"\"><img loading=\"lazy\" decoding=\"async\" class=\"size-medium wp-image-3100 alignleft\" src=\"http:\/\/www.milosnicylasu.olsztyn.pl\/wp-content\/uploads\/2016\/09\/9-www-300x251.jpg\" alt=\"9-www\" width=\"300\" height=\"251\" srcset=\"https:\/\/www.milosnicylasu.olsztyn.pl\/wp-content\/uploads\/2016\/09\/9-www-300x251.jpg 300w, https:\/\/www.milosnicylasu.olsztyn.pl\/wp-content\/uploads\/2016\/09\/9-www-768x643.jpg 768w, https:\/\/www.milosnicylasu.olsztyn.pl\/wp-content\/uploads\/2016\/09\/9-www-359x300.jpg 359w, https:\/\/www.milosnicylasu.olsztyn.pl\/wp-content\/uploads\/2016\/09\/9-www.jpg 918w\" sizes=\"auto, (max-width: 300px) 100vw, 300px\" \/><\/a><\/p>\n<p>&nbsp;<\/p>\n<p>&nbsp;<\/p>\n<p>&nbsp;<\/p>\n<p>&nbsp;<\/p>\n<p>&nbsp;<\/p>\n<p>&nbsp;<\/p>\n<p>10. Na zdj\u0119ciach przedstawiono 9 gatunk\u00f3w grzyb\u00f3w. Pytanie brzmi: ile zaprezentowanych gatunk\u00f3w to grzyby jadalne ?<\/p>\n<p>&nbsp;<\/p>\n<p>&nbsp;<\/p>\n","protected":false},"excerpt":{"rendered":"<p>Zapraszamy na nowy konkurs opracowany przez Adama Siemakowicza. Na grzyby? Sezon na grzyby w pe\u0142ni. O tej porze mo\u017cna znale\u017a\u0107 wiele dorodnych okaz\u00f3w. A mo\u017cna wybiera\u0107 po\u015br\u00f3d wielu gatunk\u00f3w. Ale czy znamy je? Jeste\u015bcie gotowi spr\u00f3bowa\u0107 swoich si\u0142? Wystarczy udzieli\u0107 prawid\u0142owo odpowiedzi na 9 zaprezentowanych zdj\u0119\u0107 i jednego pytania by zawalczy\u0107 o interesuj\u0105ce nagrody. Wystarczy [&hellip;]<\/p>\n","protected":false},"author":2,"featured_media":0,"comment_status":"open","ping_status":"open","sticky":false,"template":"","format":"standard","meta":{"footnotes":""},"categories":[1,9,15],"tags":[],"class_list":["post-3090","post","type-post","status-publish","format-standard","hentry","category-bez-kategorii","category-ciekawostki","category-komkurs"],"_links":{"self":[{"href":"https:\/\/www.milosnicylasu.olsztyn.pl\/index.php?rest_route=\/wp\/v2\/posts\/3090","targetHints":{"allow":["GET"]}}],"collection":[{"href":"https:\/\/www.milosnicylasu.olsztyn.pl\/index.php?rest_route=\/wp\/v2\/posts"}],"about":[{"href":"https:\/\/www.milosnicylasu.olsztyn.pl\/index.php?rest_route=\/wp\/v2\/types\/post"}],"author":[{"embeddable":true,"href":"https:\/\/www.milosnicylasu.olsztyn.pl\/index.php?rest_route=\/wp\/v2\/users\/2"}],"replies":[{"embeddable":true,"href":"https:\/\/www.milosnicylasu.olsztyn.pl\/index.php?rest_route=%2Fwp%2Fv2%2Fcomments&post=3090"}],"version-history":[{"count":3,"href":"https:\/\/www.milosnicylasu.olsztyn.pl\/index.php?rest_route=\/wp\/v2\/posts\/3090\/revisions"}],"predecessor-version":[{"id":3102,"href":"https:\/\/www.milosnicylasu.olsztyn.pl\/index.php?rest_route=\/wp\/v2\/posts\/3090\/revisions\/3102"}],"wp:attachment":[{"href":"https:\/\/www.milosnicylasu.olsztyn.pl\/index.php?rest_route=%2Fwp%2Fv2%2Fmedia&parent=3090"}],"wp:term":[{"taxonomy":"category","embeddable":true,"href":"https:\/\/www.milosnicylasu.olsztyn.pl\/index.php?rest_route=%2Fwp%2Fv2%2Fcategories&post=3090"},{"taxonomy":"post_tag","embeddable":true,"href":"https:\/\/www.milosnicylasu.olsztyn.pl\/index.php?rest_route=%2Fwp%2Fv2%2Ftags&post=3090"}],"curies":[{"name":"wp","href":"https:\/\/api.w.org\/{rel}","templated":true}]}}