{"id":3104,"date":"2016-09-12T06:28:43","date_gmt":"2016-09-12T04:28:43","guid":{"rendered":"http:\/\/www.milosnicylasu.olsztyn.pl\/?p=3104"},"modified":"2016-09-12T06:29:23","modified_gmt":"2016-09-12T04:29:23","slug":"dalie","status":"publish","type":"post","link":"https:\/\/www.milosnicylasu.olsztyn.pl\/?p=3104","title":{"rendered":"Dalie"},"content":{"rendered":"<p><a href=\"http:\/\/www.milosnicylasu.olsztyn.pl\/wp-content\/uploads\/2016\/09\/DSCN8927-www.jpg\" rel=\"attachment wp-att-3106\" data-rel=\"lightbox-image-0\" data-magnific_type=\"image\" data-rl_title=\"\" data-rl_caption=\"\" title=\"\"><img loading=\"lazy\" decoding=\"async\" class=\"size-medium wp-image-3106 alignleft\" src=\"http:\/\/www.milosnicylasu.olsztyn.pl\/wp-content\/uploads\/2016\/09\/DSCN8927-www-300x225.jpg\" alt=\"dscn8927-www\" width=\"300\" height=\"225\" srcset=\"https:\/\/www.milosnicylasu.olsztyn.pl\/wp-content\/uploads\/2016\/09\/DSCN8927-www-300x225.jpg 300w, https:\/\/www.milosnicylasu.olsztyn.pl\/wp-content\/uploads\/2016\/09\/DSCN8927-www-768x576.jpg 768w, https:\/\/www.milosnicylasu.olsztyn.pl\/wp-content\/uploads\/2016\/09\/DSCN8927-www.jpg 1024w, https:\/\/www.milosnicylasu.olsztyn.pl\/wp-content\/uploads\/2016\/09\/DSCN8927-www-400x300.jpg 400w\" sizes=\"auto, (max-width: 300px) 100vw, 300px\" \/><\/a><\/p>\n<p>&nbsp;<\/p>\n<p>&nbsp;<\/p>\n<p>W weekend (10-11 wrze\u015bnia) w Kortowie odby\u0142a si\u0119 czwarta edycja Olszty\u0144skiej Wystawy Dalii.<a href=\"http:\/\/www.milosnicylasu.olsztyn.pl\/wp-content\/uploads\/2016\/09\/DSCN8956-www.jpg\" rel=\"attachment wp-att-3107\" data-rel=\"lightbox-image-1\" data-magnific_type=\"image\" data-rl_title=\"\" data-rl_caption=\"\" title=\"\"><img loading=\"lazy\" decoding=\"async\" class=\"size-medium wp-image-3107 alignright\" src=\"http:\/\/www.milosnicylasu.olsztyn.pl\/wp-content\/uploads\/2016\/09\/DSCN8956-www-300x225.jpg\" alt=\"dscn8956-www\" width=\"300\" height=\"225\" srcset=\"https:\/\/www.milosnicylasu.olsztyn.pl\/wp-content\/uploads\/2016\/09\/DSCN8956-www-300x225.jpg 300w, https:\/\/www.milosnicylasu.olsztyn.pl\/wp-content\/uploads\/2016\/09\/DSCN8956-www-768x576.jpg 768w, https:\/\/www.milosnicylasu.olsztyn.pl\/wp-content\/uploads\/2016\/09\/DSCN8956-www.jpg 1024w, https:\/\/www.milosnicylasu.olsztyn.pl\/wp-content\/uploads\/2016\/09\/DSCN8956-www-400x300.jpg 400w\" sizes=\"auto, (max-width: 300px) 100vw, 300px\" \/><\/a><\/p>\n<p>&nbsp;<\/p>\n<p>&nbsp;<\/p>\n<p>Podczas wystawy odby\u0142 \u00a0si\u0119 m.in. konkurs na Najpi\u0119kniejsz\u0105 Dali\u0119 i Kompozycj\u0119.<\/p>\n<p><strong>Dalie ogrodowe<\/strong> <em>(Dahlia x cultorum)<\/em> nazywane te\u017c georginiami, wyst\u0119puj\u0105 w 2000 odmianach, st\u0105d ich ogromna r\u00f3\u017cnorodno\u015b\u0107. Osi\u0105gaj\u0105 20-150 cm wysoko\u015bci. Trudno by\u0142o by policzy\u0107 ile odmian mo\u017cna by\u0142o zobaczy\u0107 na wystawie w Olsztynie, ale by\u0142o ich naprawd\u0119 mn\u00f3stwo, wszystkie bardzo pi\u0119kne.<a href=\"http:\/\/www.milosnicylasu.olsztyn.pl\/wp-content\/uploads\/2016\/09\/DSCN8988-www.jpg\" rel=\"attachment wp-att-3108\" data-rel=\"lightbox-image-2\" data-magnific_type=\"image\" data-rl_title=\"\" data-rl_caption=\"\" title=\"\"><img loading=\"lazy\" decoding=\"async\" class=\"size-medium wp-image-3108 alignright\" src=\"http:\/\/www.milosnicylasu.olsztyn.pl\/wp-content\/uploads\/2016\/09\/DSCN8988-www-225x300.jpg\" alt=\"dscn8988-www\" width=\"225\" height=\"300\" srcset=\"https:\/\/www.milosnicylasu.olsztyn.pl\/wp-content\/uploads\/2016\/09\/DSCN8988-www-225x300.jpg 225w, https:\/\/www.milosnicylasu.olsztyn.pl\/wp-content\/uploads\/2016\/09\/DSCN8988-www.jpg 768w\" sizes=\"auto, (max-width: 225px) 100vw, 225px\" \/><\/a><\/p>\n<p>&nbsp;<\/p>\n<p>Jedn\u0105 z ciekawszych kompozycji by\u0142a suknia, do przymierzenia kt\u00f3rej ustawia\u0142a si\u0119 kolejka pa\u0144. I c\u00f3\u017c dziwnego &#8211; by\u0142a to chyba jedyna okazja w \u017cyciu.<\/p>\n<p>&nbsp;<\/p>\n<p style=\"text-align: left;\"><strong>Dalia<\/strong><\/p>\n<p style=\"text-align: left;\">Wynios\u0142a w swej wysoko\u015bci<br \/>\nkarmi g\u0142odne serce<br \/>\njeszcze ciep\u0142\u0105 barw\u0105<br \/>\npatrz\u0105c z wysoka<br \/>\njest jak u\u015bmiech poranka<br \/>\nkt\u00f3ry kradnie malarzowi<br \/>\nbarwy z palety<br \/>\njej p\u0142atki<br \/>\nniczym smocze \u0142uski<br \/>\nskrywaj\u0105 delikatne serce<br \/>\ni dusz\u0119 kwiatu<br \/>\nkt\u00f3ra jest w s\u0142o\u0144cu<\/p>\n","protected":false},"excerpt":{"rendered":"<p>&nbsp; &nbsp; W weekend (10-11 wrze\u015bnia) w Kortowie odby\u0142a si\u0119 czwarta edycja Olszty\u0144skiej Wystawy Dalii. &nbsp; &nbsp; Podczas wystawy odby\u0142 \u00a0si\u0119 m.in. konkurs na Najpi\u0119kniejsz\u0105 Dali\u0119 i Kompozycj\u0119. Dalie ogrodowe (Dahlia x cultorum) nazywane te\u017c georginiami, wyst\u0119puj\u0105 w 2000 odmianach, st\u0105d ich ogromna r\u00f3\u017cnorodno\u015b\u0107. Osi\u0105gaj\u0105 20-150 cm wysoko\u015bci. Trudno by\u0142o by policzy\u0107 ile odmian mo\u017cna [&hellip;]<\/p>\n","protected":false},"author":2,"featured_media":0,"comment_status":"open","ping_status":"open","sticky":false,"template":"","format":"standard","meta":{"footnotes":""},"categories":[1,9,15,4],"tags":[],"class_list":["post-3104","post","type-post","status-publish","format-standard","hentry","category-bez-kategorii","category-ciekawostki","category-komkurs","category-wystawy"],"_links":{"self":[{"href":"https:\/\/www.milosnicylasu.olsztyn.pl\/index.php?rest_route=\/wp\/v2\/posts\/3104","targetHints":{"allow":["GET"]}}],"collection":[{"href":"https:\/\/www.milosnicylasu.olsztyn.pl\/index.php?rest_route=\/wp\/v2\/posts"}],"about":[{"href":"https:\/\/www.milosnicylasu.olsztyn.pl\/index.php?rest_route=\/wp\/v2\/types\/post"}],"author":[{"embeddable":true,"href":"https:\/\/www.milosnicylasu.olsztyn.pl\/index.php?rest_route=\/wp\/v2\/users\/2"}],"replies":[{"embeddable":true,"href":"https:\/\/www.milosnicylasu.olsztyn.pl\/index.php?rest_route=%2Fwp%2Fv2%2Fcomments&post=3104"}],"version-history":[{"count":2,"href":"https:\/\/www.milosnicylasu.olsztyn.pl\/index.php?rest_route=\/wp\/v2\/posts\/3104\/revisions"}],"predecessor-version":[{"id":3109,"href":"https:\/\/www.milosnicylasu.olsztyn.pl\/index.php?rest_route=\/wp\/v2\/posts\/3104\/revisions\/3109"}],"wp:attachment":[{"href":"https:\/\/www.milosnicylasu.olsztyn.pl\/index.php?rest_route=%2Fwp%2Fv2%2Fmedia&parent=3104"}],"wp:term":[{"taxonomy":"category","embeddable":true,"href":"https:\/\/www.milosnicylasu.olsztyn.pl\/index.php?rest_route=%2Fwp%2Fv2%2Fcategories&post=3104"},{"taxonomy":"post_tag","embeddable":true,"href":"https:\/\/www.milosnicylasu.olsztyn.pl\/index.php?rest_route=%2Fwp%2Fv2%2Ftags&post=3104"}],"curies":[{"name":"wp","href":"https:\/\/api.w.org\/{rel}","templated":true}]}}