{"id":3110,"date":"2016-09-12T07:01:05","date_gmt":"2016-09-12T05:01:05","guid":{"rendered":"http:\/\/www.milosnicylasu.olsztyn.pl\/?p=3110"},"modified":"2016-09-12T07:02:35","modified_gmt":"2016-09-12T05:02:35","slug":"jest-takie-miejsce-cerkiew-w-hajnowce","status":"publish","type":"post","link":"https:\/\/www.milosnicylasu.olsztyn.pl\/?p=3110","title":{"rendered":"Jest takie miejsce&#8230;.. cerkiew w Hajn\u00f3wce"},"content":{"rendered":"<p><a href=\"http:\/\/www.milosnicylasu.olsztyn.pl\/wp-content\/uploads\/2016\/09\/DSCN8749-www.jpg\" rel=\"attachment wp-att-3111\" data-rel=\"lightbox-image-0\" data-magnific_type=\"image\" data-rl_title=\"\" data-rl_caption=\"\" title=\"\"><img loading=\"lazy\" decoding=\"async\" class=\"size-medium wp-image-3111 alignleft\" src=\"http:\/\/www.milosnicylasu.olsztyn.pl\/wp-content\/uploads\/2016\/09\/DSCN8749-www-225x300.jpg\" alt=\"dscn8749-www\" width=\"225\" height=\"300\" srcset=\"https:\/\/www.milosnicylasu.olsztyn.pl\/wp-content\/uploads\/2016\/09\/DSCN8749-www-225x300.jpg 225w, https:\/\/www.milosnicylasu.olsztyn.pl\/wp-content\/uploads\/2016\/09\/DSCN8749-www.jpg 768w\" sizes=\"auto, (max-width: 225px) 100vw, 225px\" \/><\/a><\/p>\n<p>&nbsp;<\/p>\n<p>Cerkiew zbudowano wed\u0142ug projektu autorstwa dr in\u017c. arch. Jana Kabaca. Konstruktorem cerkwi zosta\u0142 dr in\u017c. Miko\u0142aj Malesza z Politechniki Bia\u0142ostockiej.<\/p>\n<p><a href=\"http:\/\/www.milosnicylasu.olsztyn.pl\/wp-content\/uploads\/2016\/09\/DSCN8756-www.jpg\" rel=\"attachment wp-att-3112\" data-rel=\"lightbox-image-1\" data-magnific_type=\"image\" data-rl_title=\"\" data-rl_caption=\"\" title=\"\"><img loading=\"lazy\" decoding=\"async\" class=\"size-medium wp-image-3112 alignright\" src=\"http:\/\/www.milosnicylasu.olsztyn.pl\/wp-content\/uploads\/2016\/09\/DSCN8756-www-300x225.jpg\" alt=\"dscn8756-www\" width=\"300\" height=\"225\" srcset=\"https:\/\/www.milosnicylasu.olsztyn.pl\/wp-content\/uploads\/2016\/09\/DSCN8756-www-300x225.jpg 300w, https:\/\/www.milosnicylasu.olsztyn.pl\/wp-content\/uploads\/2016\/09\/DSCN8756-www-768x576.jpg 768w, https:\/\/www.milosnicylasu.olsztyn.pl\/wp-content\/uploads\/2016\/09\/DSCN8756-www.jpg 1024w, https:\/\/www.milosnicylasu.olsztyn.pl\/wp-content\/uploads\/2016\/09\/DSCN8756-www-400x300.jpg 400w\" sizes=\"auto, (max-width: 300px) 100vw, 300px\" \/><\/a><\/p>\n<p>&nbsp;<\/p>\n<p>&nbsp;<\/p>\n<p>&nbsp;<\/p>\n<p>Projektantem i wykonawc\u0105 g\u0142\u00f3wnego ikonostasu jest Miko\u0142aj Kundel z Rowna na Ukrainie. Ikonostas wykonano murowany pokrywaj\u0105c ceramiczn\u0105 mozaik\u0105 Natomiast Aleksander Tkaczenko z brygad\u0105 z Kowla na Ukrainie w 2003 roku wykona\u0142 w dolnej cerkwi ikonostas drewniany poz\u0142acany.<\/p>\n<p><a href=\"http:\/\/www.milosnicylasu.olsztyn.pl\/wp-content\/uploads\/2016\/09\/DSCN8757-www.jpg\" rel=\"attachment wp-att-3113\" data-rel=\"lightbox-image-2\" data-magnific_type=\"image\" data-rl_title=\"\" data-rl_caption=\"\" title=\"\"><img loading=\"lazy\" decoding=\"async\" class=\"size-medium wp-image-3113 alignleft\" src=\"http:\/\/www.milosnicylasu.olsztyn.pl\/wp-content\/uploads\/2016\/09\/DSCN8757-www-300x225.jpg\" alt=\"dscn8757-www\" width=\"300\" height=\"225\" srcset=\"https:\/\/www.milosnicylasu.olsztyn.pl\/wp-content\/uploads\/2016\/09\/DSCN8757-www-300x225.jpg 300w, https:\/\/www.milosnicylasu.olsztyn.pl\/wp-content\/uploads\/2016\/09\/DSCN8757-www-768x576.jpg 768w, https:\/\/www.milosnicylasu.olsztyn.pl\/wp-content\/uploads\/2016\/09\/DSCN8757-www.jpg 1024w, https:\/\/www.milosnicylasu.olsztyn.pl\/wp-content\/uploads\/2016\/09\/DSCN8757-www-400x300.jpg 400w\" sizes=\"auto, (max-width: 300px) 100vw, 300px\" \/><\/a><\/p>\n<p>&nbsp;<\/p>\n<p>W\u00a0 g\u00f3rnej cerkwi zawieszono przepi\u0119kny poz\u0142acany \u017cyrandol (panikadi\u0142o) wa\u017c\u0105cy ok. 800 kg wykonany w Sofrino pod Moskw\u0105.<\/p>\n<p>Polichromi\u0119 wewn\u0105trz \u015bwi\u0105tyni wykonali mistrzowie-ikonopiscy z Ukrainy na czele z W\u0142odzimierzem Teliczko z Doniecka.\u00a0 Polichromi\u0119 wykonano naturalnymi farbami.\u00a0 Dzisiaj \u015bwi\u0105tynia l\u015bni bogactwem pi\u0119kna i tchnie duchowo\u015bci\u0105.<\/p>\n<p>Rokrocznie \u015bwi\u0105tyni\u0119 odwiedza liczna rzesza turyst\u00f3w z kraju i zagranicy podziwiaj\u0105c architektur\u0119 budowli, pi\u0119kno wn\u0119trza \u2013 polichromi\u0119, o\u0142tarz oraz s\u0142ucha koncert\u00f3w o tematyce religijnej w wykonaniu ch\u00f3r\u00f3w. My te\u017c tam byli\u015bmy, podziwiali\u015bmy, \u00a0a Tolek Leszczy\u0144ski zrobi\u0142 87 zdj\u0119\u0107, z czego 3 pos\u0142u\u017cy\u0142y za ilustracj\u0119 do paru informacji o tej bardzo ciekawej \u015bwi\u0105tyni.<\/p>\n","protected":false},"excerpt":{"rendered":"<p>&nbsp; Cerkiew zbudowano wed\u0142ug projektu autorstwa dr in\u017c. arch. Jana Kabaca. Konstruktorem cerkwi zosta\u0142 dr in\u017c. Miko\u0142aj Malesza z Politechniki Bia\u0142ostockiej. &nbsp; &nbsp; &nbsp; Projektantem i wykonawc\u0105 g\u0142\u00f3wnego ikonostasu jest Miko\u0142aj Kundel z Rowna na Ukrainie. Ikonostas wykonano murowany pokrywaj\u0105c ceramiczn\u0105 mozaik\u0105 Natomiast Aleksander Tkaczenko z brygad\u0105 z Kowla na Ukrainie w 2003 roku wykona\u0142 [&hellip;]<\/p>\n","protected":false},"author":2,"featured_media":0,"comment_status":"open","ping_status":"open","sticky":false,"template":"","format":"standard","meta":{"footnotes":""},"categories":[1,9],"tags":[],"class_list":["post-3110","post","type-post","status-publish","format-standard","hentry","category-bez-kategorii","category-ciekawostki"],"_links":{"self":[{"href":"https:\/\/www.milosnicylasu.olsztyn.pl\/index.php?rest_route=\/wp\/v2\/posts\/3110","targetHints":{"allow":["GET"]}}],"collection":[{"href":"https:\/\/www.milosnicylasu.olsztyn.pl\/index.php?rest_route=\/wp\/v2\/posts"}],"about":[{"href":"https:\/\/www.milosnicylasu.olsztyn.pl\/index.php?rest_route=\/wp\/v2\/types\/post"}],"author":[{"embeddable":true,"href":"https:\/\/www.milosnicylasu.olsztyn.pl\/index.php?rest_route=\/wp\/v2\/users\/2"}],"replies":[{"embeddable":true,"href":"https:\/\/www.milosnicylasu.olsztyn.pl\/index.php?rest_route=%2Fwp%2Fv2%2Fcomments&post=3110"}],"version-history":[{"count":3,"href":"https:\/\/www.milosnicylasu.olsztyn.pl\/index.php?rest_route=\/wp\/v2\/posts\/3110\/revisions"}],"predecessor-version":[{"id":3116,"href":"https:\/\/www.milosnicylasu.olsztyn.pl\/index.php?rest_route=\/wp\/v2\/posts\/3110\/revisions\/3116"}],"wp:attachment":[{"href":"https:\/\/www.milosnicylasu.olsztyn.pl\/index.php?rest_route=%2Fwp%2Fv2%2Fmedia&parent=3110"}],"wp:term":[{"taxonomy":"category","embeddable":true,"href":"https:\/\/www.milosnicylasu.olsztyn.pl\/index.php?rest_route=%2Fwp%2Fv2%2Fcategories&post=3110"},{"taxonomy":"post_tag","embeddable":true,"href":"https:\/\/www.milosnicylasu.olsztyn.pl\/index.php?rest_route=%2Fwp%2Fv2%2Ftags&post=3110"}],"curies":[{"name":"wp","href":"https:\/\/api.w.org\/{rel}","templated":true}]}}