{"id":3119,"date":"2016-09-13T12:12:27","date_gmt":"2016-09-13T10:12:27","guid":{"rendered":"http:\/\/www.milosnicylasu.olsztyn.pl\/?p=3119"},"modified":"2016-09-13T12:12:27","modified_gmt":"2016-09-13T10:12:27","slug":"wrzesniowe-dziwne-chmury-nad-olsztynem","status":"publish","type":"post","link":"https:\/\/www.milosnicylasu.olsztyn.pl\/?p=3119","title":{"rendered":"Wrze\u015bniowe, dziwne chmury nad Olsztynem"},"content":{"rendered":"<p><a href=\"http:\/\/www.milosnicylasu.olsztyn.pl\/wp-content\/uploads\/2016\/09\/DSCN8901-www.jpg\" rel=\"attachment wp-att-3120\" data-rel=\"lightbox-image-0\" data-magnific_type=\"image\" data-rl_title=\"\" data-rl_caption=\"\" title=\"\"><img loading=\"lazy\" decoding=\"async\" class=\"size-medium wp-image-3120 alignleft\" src=\"http:\/\/www.milosnicylasu.olsztyn.pl\/wp-content\/uploads\/2016\/09\/DSCN8901-www-300x225.jpg\" alt=\"dscn8901-www\" width=\"300\" height=\"225\" srcset=\"https:\/\/www.milosnicylasu.olsztyn.pl\/wp-content\/uploads\/2016\/09\/DSCN8901-www-300x225.jpg 300w, https:\/\/www.milosnicylasu.olsztyn.pl\/wp-content\/uploads\/2016\/09\/DSCN8901-www-768x576.jpg 768w, https:\/\/www.milosnicylasu.olsztyn.pl\/wp-content\/uploads\/2016\/09\/DSCN8901-www.jpg 1024w, https:\/\/www.milosnicylasu.olsztyn.pl\/wp-content\/uploads\/2016\/09\/DSCN8901-www-400x300.jpg 400w\" sizes=\"auto, (max-width: 300px) 100vw, 300px\" \/><\/a><\/p>\n<p>&nbsp;<\/p>\n<p>Pewnego, wrze\u015bniowego popo\u0142udnia \u00a0nad Olsztynem wisia\u0142y takie dziwne chmury. Nie \u017cadne ob\u0142oczki, raczej strz\u0119py.<\/p>\n<p>Przypomnia\u0142 mi si\u0119 pi\u0119kny wiersz <strong>Wis\u0142awy Szymborskiej &#8221; Chmury&#8221;<\/strong><\/p>\n<p>&nbsp;<\/p>\n<p>Z opisywaniem chmur<\/p>\n<p>musia\u0142abym si\u0119 bardzo \u015bpieszy\u0107 &#8211;<\/p>\n<p>ju\u017c po u\u0142amku chwili<\/p>\n<p>przestaj\u0105 by\u0107 te, zaczynaj\u0105 by\u0107 inne.<\/p>\n<p>&nbsp;<\/p>\n<p>Ich w\u0142a\u015bciwo\u015bci\u0105 jest<\/p>\n<p>nie powtarza\u0107 si\u0119 nigdy<\/p>\n<p>w kszta\u0142tach, odcieniach, pozach i uk\u0142adzie.<\/p>\n<p>&nbsp;<\/p>\n<p>Nie obci\u0105\u017cone pami\u0119ci\u0105 o niczym,<\/p>\n<p>unosz\u0105 si\u0119 bez trudu nad faktami.<\/p>\n<p>&nbsp;<\/p>\n<p>Jacy tam z nich \u015bwiadkowie czegokolwiek &#8211;<\/p>\n<p>natychmiast rozwiewaj\u0105 si\u0119 na wszystkie strony.<\/p>\n<p>&nbsp;<\/p>\n<p>W por\u00f3wnaniu z chmurami<\/p>\n<p>\u017cycie wydaje si\u0119 ugruntowane,<\/p>\n<p>omal \u017ce trwa\u0142e i prawie \u017ce wieczne.<\/p>\n<p>&nbsp;<\/p>\n<p>Przy chmurach<\/p>\n<p>nawet kamie\u0144 wygl\u0105da jak brat,<\/p>\n<p>na kt\u00f3rym mo\u017cna polega\u0107,<\/p>\n<p>a one c\u00f3\u017c, dalekie i p\u0142oche kuzynki.<\/p>\n<p>&nbsp;<\/p>\n<p>Niech sobie ludzie b\u0119d\u0105, je\u015bli chc\u0105,<\/p>\n<p>a potem po kolei ka\u017cde z nich umiera,<\/p>\n<p>im, chmurom nic do tego<\/p>\n<p>wszystkiego<\/p>\n<p>bardzo dziwnego.<\/p>\n<p>&nbsp;<\/p>\n<p>Nad ca\u0142ym Twoim \u017cyciem<\/p>\n<p>i moim, jeszcze nie ca\u0142ym,<\/p>\n<p>paraduj\u0105 w przepychu jak paradowa\u0142y.<\/p>\n<p>&nbsp;<\/p>\n<p>Nie maj\u0105 obowi\u0105zku razem z nami gin\u0105\u0107.<\/p>\n<p>Nie musz\u0105 by\u0107 widziane, \u017ceby p\u0142yn\u0105\u0107.<\/p>\n<p>&nbsp;<\/p>\n","protected":false},"excerpt":{"rendered":"<p>&nbsp; Pewnego, wrze\u015bniowego popo\u0142udnia \u00a0nad Olsztynem wisia\u0142y takie dziwne chmury. Nie \u017cadne ob\u0142oczki, raczej strz\u0119py. Przypomnia\u0142 mi si\u0119 pi\u0119kny wiersz Wis\u0142awy Szymborskiej &#8221; Chmury&#8221; &nbsp; Z opisywaniem chmur musia\u0142abym si\u0119 bardzo \u015bpieszy\u0107 &#8211; ju\u017c po u\u0142amku chwili przestaj\u0105 by\u0107 te, zaczynaj\u0105 by\u0107 inne. &nbsp; Ich w\u0142a\u015bciwo\u015bci\u0105 jest nie powtarza\u0107 si\u0119 nigdy w kszta\u0142tach, odcieniach, pozach [&hellip;]<\/p>\n","protected":false},"author":2,"featured_media":0,"comment_status":"open","ping_status":"open","sticky":false,"template":"","format":"standard","meta":{"footnotes":""},"categories":[1,9,7],"tags":[],"class_list":["post-3119","post","type-post","status-publish","format-standard","hentry","category-bez-kategorii","category-ciekawostki","category-wiersze"],"_links":{"self":[{"href":"https:\/\/www.milosnicylasu.olsztyn.pl\/index.php?rest_route=\/wp\/v2\/posts\/3119","targetHints":{"allow":["GET"]}}],"collection":[{"href":"https:\/\/www.milosnicylasu.olsztyn.pl\/index.php?rest_route=\/wp\/v2\/posts"}],"about":[{"href":"https:\/\/www.milosnicylasu.olsztyn.pl\/index.php?rest_route=\/wp\/v2\/types\/post"}],"author":[{"embeddable":true,"href":"https:\/\/www.milosnicylasu.olsztyn.pl\/index.php?rest_route=\/wp\/v2\/users\/2"}],"replies":[{"embeddable":true,"href":"https:\/\/www.milosnicylasu.olsztyn.pl\/index.php?rest_route=%2Fwp%2Fv2%2Fcomments&post=3119"}],"version-history":[{"count":1,"href":"https:\/\/www.milosnicylasu.olsztyn.pl\/index.php?rest_route=\/wp\/v2\/posts\/3119\/revisions"}],"predecessor-version":[{"id":3121,"href":"https:\/\/www.milosnicylasu.olsztyn.pl\/index.php?rest_route=\/wp\/v2\/posts\/3119\/revisions\/3121"}],"wp:attachment":[{"href":"https:\/\/www.milosnicylasu.olsztyn.pl\/index.php?rest_route=%2Fwp%2Fv2%2Fmedia&parent=3119"}],"wp:term":[{"taxonomy":"category","embeddable":true,"href":"https:\/\/www.milosnicylasu.olsztyn.pl\/index.php?rest_route=%2Fwp%2Fv2%2Fcategories&post=3119"},{"taxonomy":"post_tag","embeddable":true,"href":"https:\/\/www.milosnicylasu.olsztyn.pl\/index.php?rest_route=%2Fwp%2Fv2%2Ftags&post=3119"}],"curies":[{"name":"wp","href":"https:\/\/api.w.org\/{rel}","templated":true}]}}