{"id":3124,"date":"2016-10-04T09:32:37","date_gmt":"2016-10-04T07:32:37","guid":{"rendered":"http:\/\/www.milosnicylasu.olsztyn.pl\/?p=3124"},"modified":"2016-10-04T09:32:37","modified_gmt":"2016-10-04T07:32:37","slug":"zapraszamy","status":"publish","type":"post","link":"https:\/\/www.milosnicylasu.olsztyn.pl\/?p=3124","title":{"rendered":"Zapraszamy &#8230;&#8230;"},"content":{"rendered":"<p>Zapraszamy na pierwsze po wakacjach spotkanie czwartkowe. Odb\u0119dzie si\u0119 w RDLP w Olsztynie, godz.15.00. B\u0119dzie ciekawy wyk\u0142ad, a po wyk\u0142adzie przedstawimy propozycj\u0119 wyjazdu &#8211; 21 pa\u017adziernika \/pi\u0105tek\/- na kolejn\u0105 lekcj\u0119 w terenie, tym razem historyczno &#8211; przyrodnicz\u0105 w go\u015bcinnym Nadle\u015bnictwie Orneta.<\/p>\n","protected":false},"excerpt":{"rendered":"<p>Zapraszamy na pierwsze po wakacjach spotkanie czwartkowe. Odb\u0119dzie si\u0119 w RDLP w Olsztynie, godz.15.00. B\u0119dzie ciekawy wyk\u0142ad, a po wyk\u0142adzie przedstawimy propozycj\u0119 wyjazdu &#8211; 21 pa\u017adziernika \/pi\u0105tek\/- na kolejn\u0105 lekcj\u0119 w terenie, tym razem historyczno &#8211; przyrodnicz\u0105 w go\u015bcinnym Nadle\u015bnictwie Orneta.<\/p>\n","protected":false},"author":2,"featured_media":0,"comment_status":"open","ping_status":"open","sticky":false,"template":"","format":"standard","meta":{"footnotes":""},"categories":[1],"tags":[],"class_list":["post-3124","post","type-post","status-publish","format-standard","hentry","category-bez-kategorii"],"_links":{"self":[{"href":"https:\/\/www.milosnicylasu.olsztyn.pl\/index.php?rest_route=\/wp\/v2\/posts\/3124","targetHints":{"allow":["GET"]}}],"collection":[{"href":"https:\/\/www.milosnicylasu.olsztyn.pl\/index.php?rest_route=\/wp\/v2\/posts"}],"about":[{"href":"https:\/\/www.milosnicylasu.olsztyn.pl\/index.php?rest_route=\/wp\/v2\/types\/post"}],"author":[{"embeddable":true,"href":"https:\/\/www.milosnicylasu.olsztyn.pl\/index.php?rest_route=\/wp\/v2\/users\/2"}],"replies":[{"embeddable":true,"href":"https:\/\/www.milosnicylasu.olsztyn.pl\/index.php?rest_route=%2Fwp%2Fv2%2Fcomments&post=3124"}],"version-history":[{"count":1,"href":"https:\/\/www.milosnicylasu.olsztyn.pl\/index.php?rest_route=\/wp\/v2\/posts\/3124\/revisions"}],"predecessor-version":[{"id":3125,"href":"https:\/\/www.milosnicylasu.olsztyn.pl\/index.php?rest_route=\/wp\/v2\/posts\/3124\/revisions\/3125"}],"wp:attachment":[{"href":"https:\/\/www.milosnicylasu.olsztyn.pl\/index.php?rest_route=%2Fwp%2Fv2%2Fmedia&parent=3124"}],"wp:term":[{"taxonomy":"category","embeddable":true,"href":"https:\/\/www.milosnicylasu.olsztyn.pl\/index.php?rest_route=%2Fwp%2Fv2%2Fcategories&post=3124"},{"taxonomy":"post_tag","embeddable":true,"href":"https:\/\/www.milosnicylasu.olsztyn.pl\/index.php?rest_route=%2Fwp%2Fv2%2Ftags&post=3124"}],"curies":[{"name":"wp","href":"https:\/\/api.w.org\/{rel}","templated":true}]}}