{"id":3126,"date":"2016-10-05T06:31:45","date_gmt":"2016-10-05T04:31:45","guid":{"rendered":"http:\/\/www.milosnicylasu.olsztyn.pl\/?p=3126"},"modified":"2016-10-05T06:31:45","modified_gmt":"2016-10-05T04:31:45","slug":"rykowisko","status":"publish","type":"post","link":"https:\/\/www.milosnicylasu.olsztyn.pl\/?p=3126","title":{"rendered":"Rykowisko"},"content":{"rendered":"<p>Le\u015bnictwo Mazuchy go\u015bci\u0142o mi\u0142o\u015bnik\u00f3w przyrody, kt\u00f3rzy po zaczerpni\u0119ciu odrobiny teorii, przys\u0142uchiwali si\u0119 rykowisku jeleni byk\u00f3w. Wyjazd w teren poprzedzony by\u0142 prelekcj\u0105 prof. Jakuba Borkowskiego z Uniwersytetu Warmi\u0144sko &#8211; Mazurskiego w Olsztynie, kt\u00f3ry jest r\u00f3wnie\u017c przewodnicz\u0105cym Rady Spo\u0142eczno-Naukowej Le\u015bnego Kompleksu Promocyjnego &#8222;Lasy Olszty\u0144skie&#8221;. Swoje wra\u017cenia z wyjazdu przes\u0142ali cz\u0142onkowie naszego Ko\u0142a \u00a0Wiesia i Jasiu Filipek. A oto ich relacja:<\/p>\n<p><strong><em><a href=\"http:\/\/www.milosnicylasu.olsztyn.pl\/wp-content\/uploads\/2016\/10\/DSCF6781-www.jpg\" rel=\"attachment wp-att-3127\" data-rel=\"lightbox-image-0\" data-magnific_type=\"image\" data-rl_title=\"\" data-rl_caption=\"\" title=\"\"><img loading=\"lazy\" decoding=\"async\" class=\"size-medium wp-image-3127 alignleft\" src=\"http:\/\/www.milosnicylasu.olsztyn.pl\/wp-content\/uploads\/2016\/10\/DSCF6781-www-300x225.jpg\" alt=\"dscf6781-www\" width=\"300\" height=\"225\" srcset=\"https:\/\/www.milosnicylasu.olsztyn.pl\/wp-content\/uploads\/2016\/10\/DSCF6781-www-300x225.jpg 300w, https:\/\/www.milosnicylasu.olsztyn.pl\/wp-content\/uploads\/2016\/10\/DSCF6781-www-768x576.jpg 768w, https:\/\/www.milosnicylasu.olsztyn.pl\/wp-content\/uploads\/2016\/10\/DSCF6781-www.jpg 1024w, https:\/\/www.milosnicylasu.olsztyn.pl\/wp-content\/uploads\/2016\/10\/DSCF6781-www-400x300.jpg 400w\" sizes=\"auto, (max-width: 300px) 100vw, 300px\" \/><\/a>Impreza bardzo udana, poprzedzona prelekcj\u0105, podczas kt\u00f3rej popijali\u015bmy gor\u0105c\u0105 herbat\u0119 lub kaw\u0119 (by\u0142o troszk\u0119 zimno).\u00a0 Przewieziono nas samochodami &#8222;STRA\u017bY LE\u015aNEJ &#8221; blisko polany na kt\u00f3rej s\u0142ycha\u0107 by\u0142o ryczenie jeleni.<\/em><\/strong><\/p>\n<p><strong><em>By\u0142a wymarzona pi\u0119kna ksi\u0119\u017cycowa noc (uwieczni\u0142am j\u0105 na zdj\u0119ciu )<\/em><\/strong><\/p>\n<p><strong><em>Ksi\u0119\u017cyc wraz z gwiazdami o\u015bwieca\u0142 nam le\u015bn\u0105 drog\u0119, kt\u00f3r\u0105 szli\u015bmy na \u0142\u0105k\u0119, aby pos\u0142ucha\u0107 ryku jeleni. Po takim spacerze rozgrzeli\u015bmy si\u0119 i zacz\u0119li\u015bmy rozpina\u0107 kurtki. Na zako\u0144czenie przedstawiciele Nadle\u015bnictwa zaprosili nas na gor\u0105cy \u017curek, a nast\u0119pnie do ogniska na pieczenie kie\u0142basek.<a href=\"http:\/\/www.milosnicylasu.olsztyn.pl\/wp-content\/uploads\/2016\/10\/DSCF6793-www.jpg\" rel=\"attachment wp-att-3128\" data-rel=\"lightbox-image-1\" data-magnific_type=\"image\" data-rl_title=\"\" data-rl_caption=\"\" title=\"\"><img loading=\"lazy\" decoding=\"async\" class=\"size-medium wp-image-3128 alignright\" src=\"http:\/\/www.milosnicylasu.olsztyn.pl\/wp-content\/uploads\/2016\/10\/DSCF6793-www-300x225.jpg\" alt=\"dscf6793-www\" width=\"300\" height=\"225\" srcset=\"https:\/\/www.milosnicylasu.olsztyn.pl\/wp-content\/uploads\/2016\/10\/DSCF6793-www-300x225.jpg 300w, https:\/\/www.milosnicylasu.olsztyn.pl\/wp-content\/uploads\/2016\/10\/DSCF6793-www-768x576.jpg 768w, https:\/\/www.milosnicylasu.olsztyn.pl\/wp-content\/uploads\/2016\/10\/DSCF6793-www.jpg 1024w, https:\/\/www.milosnicylasu.olsztyn.pl\/wp-content\/uploads\/2016\/10\/DSCF6793-www-400x300.jpg 400w\" sizes=\"auto, (max-width: 300px) 100vw, 300px\" \/><\/a><\/em><\/strong><\/p>\n<p><strong><em>By\u0142a to wspania\u0142a edukacja przyrodnicza robi\u0105ca na nas niesamowite wra\u017cenie.<\/em><\/strong><\/p>\n<p><strong><em>\u00a0pozdrawiamy Wiesia z Jasiem<\/em><\/strong><\/p>\n<p>&nbsp;<\/p>\n<div class=\"article-lp-content\">\n<p>&nbsp;<\/p>\n<\/div>\n<p>&nbsp;<\/p>\n","protected":false},"excerpt":{"rendered":"<p>Le\u015bnictwo Mazuchy go\u015bci\u0142o mi\u0142o\u015bnik\u00f3w przyrody, kt\u00f3rzy po zaczerpni\u0119ciu odrobiny teorii, przys\u0142uchiwali si\u0119 rykowisku jeleni byk\u00f3w. Wyjazd w teren poprzedzony by\u0142 prelekcj\u0105 prof. Jakuba Borkowskiego z Uniwersytetu Warmi\u0144sko &#8211; Mazurskiego w Olsztynie, kt\u00f3ry jest r\u00f3wnie\u017c przewodnicz\u0105cym Rady Spo\u0142eczno-Naukowej Le\u015bnego Kompleksu Promocyjnego &#8222;Lasy Olszty\u0144skie&#8221;. Swoje wra\u017cenia z wyjazdu przes\u0142ali cz\u0142onkowie naszego Ko\u0142a \u00a0Wiesia i Jasiu Filipek. A [&hellip;]<\/p>\n","protected":false},"author":2,"featured_media":0,"comment_status":"open","ping_status":"open","sticky":false,"template":"","format":"standard","meta":{"footnotes":""},"categories":[1,9,5],"tags":[],"class_list":["post-3126","post","type-post","status-publish","format-standard","hentry","category-bez-kategorii","category-ciekawostki","category-wycieczki"],"_links":{"self":[{"href":"https:\/\/www.milosnicylasu.olsztyn.pl\/index.php?rest_route=\/wp\/v2\/posts\/3126","targetHints":{"allow":["GET"]}}],"collection":[{"href":"https:\/\/www.milosnicylasu.olsztyn.pl\/index.php?rest_route=\/wp\/v2\/posts"}],"about":[{"href":"https:\/\/www.milosnicylasu.olsztyn.pl\/index.php?rest_route=\/wp\/v2\/types\/post"}],"author":[{"embeddable":true,"href":"https:\/\/www.milosnicylasu.olsztyn.pl\/index.php?rest_route=\/wp\/v2\/users\/2"}],"replies":[{"embeddable":true,"href":"https:\/\/www.milosnicylasu.olsztyn.pl\/index.php?rest_route=%2Fwp%2Fv2%2Fcomments&post=3126"}],"version-history":[{"count":1,"href":"https:\/\/www.milosnicylasu.olsztyn.pl\/index.php?rest_route=\/wp\/v2\/posts\/3126\/revisions"}],"predecessor-version":[{"id":3129,"href":"https:\/\/www.milosnicylasu.olsztyn.pl\/index.php?rest_route=\/wp\/v2\/posts\/3126\/revisions\/3129"}],"wp:attachment":[{"href":"https:\/\/www.milosnicylasu.olsztyn.pl\/index.php?rest_route=%2Fwp%2Fv2%2Fmedia&parent=3126"}],"wp:term":[{"taxonomy":"category","embeddable":true,"href":"https:\/\/www.milosnicylasu.olsztyn.pl\/index.php?rest_route=%2Fwp%2Fv2%2Fcategories&post=3126"},{"taxonomy":"post_tag","embeddable":true,"href":"https:\/\/www.milosnicylasu.olsztyn.pl\/index.php?rest_route=%2Fwp%2Fv2%2Ftags&post=3126"}],"curies":[{"name":"wp","href":"https:\/\/api.w.org\/{rel}","templated":true}]}}