{"id":3130,"date":"2016-10-09T11:26:47","date_gmt":"2016-10-09T09:26:47","guid":{"rendered":"http:\/\/www.milosnicylasu.olsztyn.pl\/?p=3130"},"modified":"2016-10-10T22:09:34","modified_gmt":"2016-10-10T20:09:34","slug":"jak-ocenic-wiek-jelenia-przed-strzalem","status":"publish","type":"post","link":"https:\/\/www.milosnicylasu.olsztyn.pl\/?p=3130","title":{"rendered":"Jak oceni\u0107 wiek jelenia przed strza\u0142em&#8230;&#8230;."},"content":{"rendered":"<p><a href=\"http:\/\/www.milosnicylasu.olsztyn.pl\/wp-content\/uploads\/2016\/10\/DSCN9285-www.jpg\" rel=\"attachment wp-att-3132\" data-rel=\"lightbox-image-0\" data-magnific_type=\"image\" data-rl_title=\"\" data-rl_caption=\"\" title=\"\"><img loading=\"lazy\" decoding=\"async\" class=\"size-medium wp-image-3132 alignleft\" src=\"http:\/\/www.milosnicylasu.olsztyn.pl\/wp-content\/uploads\/2016\/10\/DSCN9285-www-300x225.jpg\" alt=\"dscn9285-www\" width=\"300\" height=\"225\" srcset=\"https:\/\/www.milosnicylasu.olsztyn.pl\/wp-content\/uploads\/2016\/10\/DSCN9285-www-300x225.jpg 300w, https:\/\/www.milosnicylasu.olsztyn.pl\/wp-content\/uploads\/2016\/10\/DSCN9285-www-768x576.jpg 768w, https:\/\/www.milosnicylasu.olsztyn.pl\/wp-content\/uploads\/2016\/10\/DSCN9285-www.jpg 1024w, https:\/\/www.milosnicylasu.olsztyn.pl\/wp-content\/uploads\/2016\/10\/DSCN9285-www-400x300.jpg 400w\" sizes=\"auto, (max-width: 300px) 100vw, 300px\" \/><\/a><\/p>\n<p>&nbsp;<\/p>\n<p>Na kolejnym czwartku ekologicznym w RDLP w Olsztynie &#8211; 6 pa\u017adziernika 2016 r.- z wielkim zainteresowaniem wys\u0142uchali\u015bmy \u00a0wyk\u0142adu pana Patryka Kaczy\u0144skiego. <a href=\"http:\/\/www.milosnicylasu.olsztyn.pl\/wp-content\/uploads\/2016\/10\/DSCN9284-www.jpg\" rel=\"attachment wp-att-3133\" data-rel=\"lightbox-image-1\" data-magnific_type=\"image\" data-rl_title=\"\" data-rl_caption=\"\" title=\"\"><img loading=\"lazy\" decoding=\"async\" class=\"size-medium wp-image-3133 alignright\" src=\"http:\/\/www.milosnicylasu.olsztyn.pl\/wp-content\/uploads\/2016\/10\/DSCN9284-www-300x225.jpg\" alt=\"dscn9284-www\" width=\"300\" height=\"225\" srcset=\"https:\/\/www.milosnicylasu.olsztyn.pl\/wp-content\/uploads\/2016\/10\/DSCN9284-www-300x225.jpg 300w, https:\/\/www.milosnicylasu.olsztyn.pl\/wp-content\/uploads\/2016\/10\/DSCN9284-www-768x576.jpg 768w, https:\/\/www.milosnicylasu.olsztyn.pl\/wp-content\/uploads\/2016\/10\/DSCN9284-www.jpg 1024w, https:\/\/www.milosnicylasu.olsztyn.pl\/wp-content\/uploads\/2016\/10\/DSCN9284-www-400x300.jpg 400w\" sizes=\"auto, (max-width: 300px) 100vw, 300px\" \/><\/a><\/p>\n<p>&nbsp;<\/p>\n<p>By\u0142 to ju\u017c trzeci temat z zakresu \u0142owiectwa, kt\u00f3ry przestawi\u0142 nam pan Patryk, kt\u00f3ry w RDLP jest specjalist\u0105 ds. \u0142owiectwa i polowa\u0144. Tym razem dowiedzieli\u015bmy si\u0119 jak trudn\u0105 spraw\u0105, nawet dla do\u015bwiadczonych my\u015bliwych jest \u00a0prawid\u0142owo oceni\u0107 wiek jelenia przed odstrza\u0142em.<\/p>\n<p><a href=\"http:\/\/www.milosnicylasu.olsztyn.pl\/wp-content\/uploads\/2016\/10\/DSCN9302-www.jpg\" rel=\"attachment wp-att-3137\" data-rel=\"lightbox-image-2\" data-magnific_type=\"image\" data-rl_title=\"\" data-rl_caption=\"\" title=\"\"><img loading=\"lazy\" decoding=\"async\" class=\"size-medium wp-image-3137 alignleft\" src=\"http:\/\/www.milosnicylasu.olsztyn.pl\/wp-content\/uploads\/2016\/10\/DSCN9302-www-300x225.jpg\" alt=\"dscn9302-www\" width=\"300\" height=\"225\" srcset=\"https:\/\/www.milosnicylasu.olsztyn.pl\/wp-content\/uploads\/2016\/10\/DSCN9302-www-300x225.jpg 300w, https:\/\/www.milosnicylasu.olsztyn.pl\/wp-content\/uploads\/2016\/10\/DSCN9302-www-768x576.jpg 768w, https:\/\/www.milosnicylasu.olsztyn.pl\/wp-content\/uploads\/2016\/10\/DSCN9302-www.jpg 1024w, https:\/\/www.milosnicylasu.olsztyn.pl\/wp-content\/uploads\/2016\/10\/DSCN9302-www-400x300.jpg 400w\" sizes=\"auto, (max-width: 300px) 100vw, 300px\" \/><\/a>Dla potrzeb odpowiedniego kszta\u0142towania struktur populacji oraz planowania \u0142owieckiego <strong>wyr\u00f3\u017cniamy trzy klasy wieku jeleni byk\u00f3w<\/strong>:<\/p>\n<ul>\n<li>I klasa wieku (1-5 rok \u017cycia, 1-4 poro\u017ce)<\/li>\n<li>II klasa wieku (6-10 rok \u017cycia, 5-9 poro\u017ce)<\/li>\n<li>III klasa wieku (11 rok \u017cycia i starsze, 10 poro\u017ce i powy\u017cej)<\/li>\n<\/ul>\n<p>Nasuwa si\u0119 wi\u0119c pytanie: <strong>co ma na celu podzia\u0142 na klasy wieku?<\/strong><br \/>\nOt\u00f3\u017c g\u0142\u00f3wnym celem takiego podzia\u0142u jest w\u0142a\u015bciwe wykonanie odstrza\u0142u jeleni byk\u00f3w zale\u017cnie od potrzeb wynikaj\u0105cych z rzeczywistego stanu populacji oraz d\u0105\u017cenie do po\u017c\u0105danego modelu populacji ustabilizowanej. Jelenie szlachetne (europejskie) osi\u0105gaj\u0105 wiek oko\u0142o 20 lat, natomiast najmocniejsze poro\u017ca osi\u0105gaj\u0105 zazwyczaj mi\u0119dzy 11 a 14 rokiem \u017cycia. W populacji ustabilizowanej byk\u00f3w, czyli takiej w kt\u00f3rej struktura wieku jest maksymalnie zbli\u017cona do po\u017c\u0105danego modelu udzia\u0142 I klasy wieku to ok. 50-60% populacji, II klasy wieku to ok. 30% populacji natomiast III klasy wieku to ok 10-20% populacji.<\/p>\n<p><strong>Rozpoznanie wieku jeleni byk\u00f3w przed strza\u0142em<\/strong><\/p>\n<p>Aby dokona\u0107 odpowiedniego odstrza\u0142u byka jelenia, my\u015bliwy musi wzi\u0105\u0107 pod uwag\u0119 wiele cech osobniczych, kt\u00f3re pozwol\u0105 mu na prawid\u0142owe okre\u015blenie jego wieku. Im wi\u0119cej takich cech we\u017amiemy pod uwag\u0119 i zaobserwujemy tym dok\u0142adniejsza b\u0119dzie ocena wieku.<\/p>\n<p>Do najistotniejszych cech nale\u017c\u0105:\u00a0sylwetka,\u00a0linia grzbietu,\u00a0kark,\u00a0g\u0142owa,\u00a0rozw\u00f3j poro\u017ca,\u00a0tryb \u017cycia i zachowanie.<\/p>\n<p><a href=\"http:\/\/www.milosnicylasu.olsztyn.pl\/wp-content\/uploads\/2016\/10\/DSCN9292-www.jpg\" rel=\"attachment wp-att-3139\" data-rel=\"lightbox-image-3\" data-magnific_type=\"image\" data-rl_title=\"\" data-rl_caption=\"\" title=\"\"><img loading=\"lazy\" decoding=\"async\" class=\"size-medium wp-image-3139 alignleft\" src=\"http:\/\/www.milosnicylasu.olsztyn.pl\/wp-content\/uploads\/2016\/10\/DSCN9292-www-300x225.jpg\" alt=\"dscn9292-www\" width=\"300\" height=\"225\" srcset=\"https:\/\/www.milosnicylasu.olsztyn.pl\/wp-content\/uploads\/2016\/10\/DSCN9292-www-300x225.jpg 300w, https:\/\/www.milosnicylasu.olsztyn.pl\/wp-content\/uploads\/2016\/10\/DSCN9292-www-768x576.jpg 768w, https:\/\/www.milosnicylasu.olsztyn.pl\/wp-content\/uploads\/2016\/10\/DSCN9292-www.jpg 1024w, https:\/\/www.milosnicylasu.olsztyn.pl\/wp-content\/uploads\/2016\/10\/DSCN9292-www-400x300.jpg 400w\" sizes=\"auto, (max-width: 300px) 100vw, 300px\" \/><\/a>W cz\u0119\u015bci organizacyjnej prezes Ko\u0142a Anatol Leszczy\u0144ski przedstawi\u0142 zamierzenia na pa\u017adziernik.\u00a0Sobotnie rajdy w tym miesi\u0105cu \/ 8, 15, 22\/ b\u0119d\u0105 zaczyna\u0142y si\u0119 \u00a0od przystanku ko\u0144cowego tramwaju nr 1 przy Wysokiej Bramie, godz.10.00.\u00a0Treningi strzeleckie odb\u0119d\u0105 si\u0119 17 i 24 pa\u017adziernika, na strzelnicy LOK przy ulicy Westerplatte a na edukacj\u0119 w terenie zapraszamy 21.10.2016 r. do Nadle\u015bnictwa Orneta. Wyjazd 7.45 ul. G\u0142owackiego -Teatr Lalek.<\/p>\n<p>Jednocze\u015bnie przypominamy, \u017ce \u00a015 pa\u017adziernika up\u0142ywa termin przysy\u0142ania odpowiedzi na konkurs wiedzy o grzybach. Zach\u0119camy do wykazania si\u0119 swoj\u0105 wiedz\u0105 a nagrody czekaj\u0105&#8230;..<\/p>\n<p>&nbsp;<\/p>\n<p>&nbsp;<\/p>\n<p>&nbsp;<\/p>\n<p>&nbsp;<\/p>\n<p>&nbsp;<\/p>\n<p>&nbsp;<\/p>\n","protected":false},"excerpt":{"rendered":"<p>&nbsp; Na kolejnym czwartku ekologicznym w RDLP w Olsztynie &#8211; 6 pa\u017adziernika 2016 r.- z wielkim zainteresowaniem wys\u0142uchali\u015bmy \u00a0wyk\u0142adu pana Patryka Kaczy\u0144skiego. &nbsp; By\u0142 to ju\u017c trzeci temat z zakresu \u0142owiectwa, kt\u00f3ry przestawi\u0142 nam pan Patryk, kt\u00f3ry w RDLP jest specjalist\u0105 ds. \u0142owiectwa i polowa\u0144. Tym razem dowiedzieli\u015bmy si\u0119 jak trudn\u0105 spraw\u0105, nawet dla do\u015bwiadczonych [&hellip;]<\/p>\n","protected":false},"author":2,"featured_media":0,"comment_status":"open","ping_status":"open","sticky":false,"template":"","format":"standard","meta":{"footnotes":""},"categories":[1],"tags":[],"class_list":["post-3130","post","type-post","status-publish","format-standard","hentry","category-bez-kategorii"],"_links":{"self":[{"href":"https:\/\/www.milosnicylasu.olsztyn.pl\/index.php?rest_route=\/wp\/v2\/posts\/3130","targetHints":{"allow":["GET"]}}],"collection":[{"href":"https:\/\/www.milosnicylasu.olsztyn.pl\/index.php?rest_route=\/wp\/v2\/posts"}],"about":[{"href":"https:\/\/www.milosnicylasu.olsztyn.pl\/index.php?rest_route=\/wp\/v2\/types\/post"}],"author":[{"embeddable":true,"href":"https:\/\/www.milosnicylasu.olsztyn.pl\/index.php?rest_route=\/wp\/v2\/users\/2"}],"replies":[{"embeddable":true,"href":"https:\/\/www.milosnicylasu.olsztyn.pl\/index.php?rest_route=%2Fwp%2Fv2%2Fcomments&post=3130"}],"version-history":[{"count":6,"href":"https:\/\/www.milosnicylasu.olsztyn.pl\/index.php?rest_route=\/wp\/v2\/posts\/3130\/revisions"}],"predecessor-version":[{"id":3141,"href":"https:\/\/www.milosnicylasu.olsztyn.pl\/index.php?rest_route=\/wp\/v2\/posts\/3130\/revisions\/3141"}],"wp:attachment":[{"href":"https:\/\/www.milosnicylasu.olsztyn.pl\/index.php?rest_route=%2Fwp%2Fv2%2Fmedia&parent=3130"}],"wp:term":[{"taxonomy":"category","embeddable":true,"href":"https:\/\/www.milosnicylasu.olsztyn.pl\/index.php?rest_route=%2Fwp%2Fv2%2Fcategories&post=3130"},{"taxonomy":"post_tag","embeddable":true,"href":"https:\/\/www.milosnicylasu.olsztyn.pl\/index.php?rest_route=%2Fwp%2Fv2%2Ftags&post=3130"}],"curies":[{"name":"wp","href":"https:\/\/api.w.org\/{rel}","templated":true}]}}