{"id":3142,"date":"2016-10-11T20:10:33","date_gmt":"2016-10-11T18:10:33","guid":{"rendered":"http:\/\/www.milosnicylasu.olsztyn.pl\/?p=3142"},"modified":"2016-10-11T20:10:33","modified_gmt":"2016-10-11T18:10:33","slug":"obchodzilismy-miedzynarodowy-dzien-drzewa","status":"publish","type":"post","link":"https:\/\/www.milosnicylasu.olsztyn.pl\/?p=3142","title":{"rendered":"Obchodzili\u015bmy Mi\u0119dzynarodowy Dzie\u0144 Drzewa"},"content":{"rendered":"<p><a href=\"http:\/\/www.milosnicylasu.olsztyn.pl\/wp-content\/uploads\/2016\/10\/DSCN9305-www.jpg\" rel=\"attachment wp-att-3143\" data-rel=\"lightbox-image-0\" data-magnific_type=\"image\" data-rl_title=\"\" data-rl_caption=\"\" title=\"\"><img loading=\"lazy\" decoding=\"async\" class=\"size-medium wp-image-3143 alignleft\" src=\"http:\/\/www.milosnicylasu.olsztyn.pl\/wp-content\/uploads\/2016\/10\/DSCN9305-www-300x225.jpg\" alt=\"dscn9305-www\" width=\"300\" height=\"225\" srcset=\"https:\/\/www.milosnicylasu.olsztyn.pl\/wp-content\/uploads\/2016\/10\/DSCN9305-www-300x225.jpg 300w, https:\/\/www.milosnicylasu.olsztyn.pl\/wp-content\/uploads\/2016\/10\/DSCN9305-www-768x576.jpg 768w, https:\/\/www.milosnicylasu.olsztyn.pl\/wp-content\/uploads\/2016\/10\/DSCN9305-www.jpg 1024w, https:\/\/www.milosnicylasu.olsztyn.pl\/wp-content\/uploads\/2016\/10\/DSCN9305-www-400x300.jpg 400w\" sizes=\"auto, (max-width: 300px) 100vw, 300px\" \/><\/a>Deszczowa pogoda nie zach\u0119ca\u0142a do \u00a0pierwszego po wakacjach, sobotniego \/8.10.2016 r.\/ rajdu. Przyszli najbardziej wytrwali i chyba zaczarowali deszcz. Czasami troch\u0119 m\u017cy\u0142o, ale uda\u0142o si\u0119 przeprowadzi\u0107 ca\u0142y rajd zgodnie z planem.<\/p>\n<p><a href=\"http:\/\/www.milosnicylasu.olsztyn.pl\/wp-content\/uploads\/2016\/10\/DSCN9307-www.jpg\" rel=\"attachment wp-att-3144\" data-rel=\"lightbox-image-1\" data-magnific_type=\"image\" data-rl_title=\"\" data-rl_caption=\"\" title=\"\"><img loading=\"lazy\" decoding=\"async\" class=\"size-medium wp-image-3144 alignright\" src=\"http:\/\/www.milosnicylasu.olsztyn.pl\/wp-content\/uploads\/2016\/10\/DSCN9307-www-300x225.jpg\" alt=\"dscn9307-www\" width=\"300\" height=\"225\" srcset=\"https:\/\/www.milosnicylasu.olsztyn.pl\/wp-content\/uploads\/2016\/10\/DSCN9307-www-300x225.jpg 300w, https:\/\/www.milosnicylasu.olsztyn.pl\/wp-content\/uploads\/2016\/10\/DSCN9307-www-768x576.jpg 768w, https:\/\/www.milosnicylasu.olsztyn.pl\/wp-content\/uploads\/2016\/10\/DSCN9307-www.jpg 1024w, https:\/\/www.milosnicylasu.olsztyn.pl\/wp-content\/uploads\/2016\/10\/DSCN9307-www-400x300.jpg 400w\" sizes=\"auto, (max-width: 300px) 100vw, 300px\" \/><\/a><\/p>\n<p>&nbsp;<\/p>\n<p>&nbsp;<\/p>\n<p>&nbsp;<\/p>\n<p>A w czasie rajdu \u015bwi\u0119towali\u015bmy Mi\u0119dzynarodowy Dzie\u0144 Drzewa. Z tej okazji Waldek Chrzanowski przygotowa\u0142 konkurs dotycz\u0105cy tego \u015bwi\u0119ta. A najlepsz\u0105 wiedz\u0105 wykaza\u0142y si\u0119 El\u017cbieta Piwo\u0144ska, Daniela Tyl i Teresa Milczarska. Nagrody otrzymaj\u0105 podczas listopadowego zebrania. Nagroda specjalna za przygotowany wiersz zostanie przyznana Rysi Wiejek.<\/p>\n<p>Kole\u017cankom gratulujemy a wszystkich \u00a0podziwiamy za wytrwa\u0142o\u015b\u0107.<\/p>\n<p><a href=\"http:\/\/www.milosnicylasu.olsztyn.pl\/wp-content\/uploads\/2016\/10\/DSCN9311-www.jpg\" rel=\"attachment wp-att-3146\" data-rel=\"lightbox-image-2\" data-magnific_type=\"image\" data-rl_title=\"\" data-rl_caption=\"\" title=\"\"><img loading=\"lazy\" decoding=\"async\" class=\"size-medium wp-image-3146 alignleft\" src=\"http:\/\/www.milosnicylasu.olsztyn.pl\/wp-content\/uploads\/2016\/10\/DSCN9311-www-300x225.jpg\" alt=\"dscn9311-www\" width=\"300\" height=\"225\" srcset=\"https:\/\/www.milosnicylasu.olsztyn.pl\/wp-content\/uploads\/2016\/10\/DSCN9311-www-300x225.jpg 300w, https:\/\/www.milosnicylasu.olsztyn.pl\/wp-content\/uploads\/2016\/10\/DSCN9311-www-768x576.jpg 768w, https:\/\/www.milosnicylasu.olsztyn.pl\/wp-content\/uploads\/2016\/10\/DSCN9311-www.jpg 1024w, https:\/\/www.milosnicylasu.olsztyn.pl\/wp-content\/uploads\/2016\/10\/DSCN9311-www-400x300.jpg 400w\" sizes=\"auto, (max-width: 300px) 100vw, 300px\" \/><\/a><\/p>\n<p>&nbsp;<\/p>\n<p>Po drodze spotkali\u015bmy grzyby. Jak si\u0119 nazywaj\u0105?.<\/p>\n","protected":false},"excerpt":{"rendered":"<p>Deszczowa pogoda nie zach\u0119ca\u0142a do \u00a0pierwszego po wakacjach, sobotniego \/8.10.2016 r.\/ rajdu. Przyszli najbardziej wytrwali i chyba zaczarowali deszcz. Czasami troch\u0119 m\u017cy\u0142o, ale uda\u0142o si\u0119 przeprowadzi\u0107 ca\u0142y rajd zgodnie z planem. &nbsp; &nbsp; &nbsp; A w czasie rajdu \u015bwi\u0119towali\u015bmy Mi\u0119dzynarodowy Dzie\u0144 Drzewa. Z tej okazji Waldek Chrzanowski przygotowa\u0142 konkurs dotycz\u0105cy tego \u015bwi\u0119ta. A najlepsz\u0105 wiedz\u0105 [&hellip;]<\/p>\n","protected":false},"author":2,"featured_media":0,"comment_status":"open","ping_status":"open","sticky":false,"template":"","format":"standard","meta":{"footnotes":""},"categories":[1,9,13,2],"tags":[],"class_list":["post-3142","post","type-post","status-publish","format-standard","hentry","category-bez-kategorii","category-ciekawostki","category-konkursy","category-rajdy"],"_links":{"self":[{"href":"https:\/\/www.milosnicylasu.olsztyn.pl\/index.php?rest_route=\/wp\/v2\/posts\/3142","targetHints":{"allow":["GET"]}}],"collection":[{"href":"https:\/\/www.milosnicylasu.olsztyn.pl\/index.php?rest_route=\/wp\/v2\/posts"}],"about":[{"href":"https:\/\/www.milosnicylasu.olsztyn.pl\/index.php?rest_route=\/wp\/v2\/types\/post"}],"author":[{"embeddable":true,"href":"https:\/\/www.milosnicylasu.olsztyn.pl\/index.php?rest_route=\/wp\/v2\/users\/2"}],"replies":[{"embeddable":true,"href":"https:\/\/www.milosnicylasu.olsztyn.pl\/index.php?rest_route=%2Fwp%2Fv2%2Fcomments&post=3142"}],"version-history":[{"count":1,"href":"https:\/\/www.milosnicylasu.olsztyn.pl\/index.php?rest_route=\/wp\/v2\/posts\/3142\/revisions"}],"predecessor-version":[{"id":3147,"href":"https:\/\/www.milosnicylasu.olsztyn.pl\/index.php?rest_route=\/wp\/v2\/posts\/3142\/revisions\/3147"}],"wp:attachment":[{"href":"https:\/\/www.milosnicylasu.olsztyn.pl\/index.php?rest_route=%2Fwp%2Fv2%2Fmedia&parent=3142"}],"wp:term":[{"taxonomy":"category","embeddable":true,"href":"https:\/\/www.milosnicylasu.olsztyn.pl\/index.php?rest_route=%2Fwp%2Fv2%2Fcategories&post=3142"},{"taxonomy":"post_tag","embeddable":true,"href":"https:\/\/www.milosnicylasu.olsztyn.pl\/index.php?rest_route=%2Fwp%2Fv2%2Ftags&post=3142"}],"curies":[{"name":"wp","href":"https:\/\/api.w.org\/{rel}","templated":true}]}}