{"id":3162,"date":"2016-11-07T16:55:22","date_gmt":"2016-11-07T15:55:22","guid":{"rendered":"http:\/\/www.milosnicylasu.olsztyn.pl\/?p=3162"},"modified":"2016-11-07T16:59:51","modified_gmt":"2016-11-07T15:59:51","slug":"jest-takie-miejsce-bardejow-na-slowacji","status":"publish","type":"post","link":"https:\/\/www.milosnicylasu.olsztyn.pl\/?p=3162","title":{"rendered":"Jest takie miejsce&#8230;&#8230;Bardej\u00f3w na S\u0142owacji"},"content":{"rendered":"<p><strong>Bardej\u00f3w &#8211; S\u0142owacja<\/strong><\/p>\n<p><a href=\"http:\/\/www.milosnicylasu.olsztyn.pl\/wp-content\/uploads\/2016\/10\/DSCN9144-www.jpg\" rel=\"attachment wp-att-3164\" data-rel=\"lightbox-image-0\" data-magnific_type=\"image\" data-rl_title=\"\" data-rl_caption=\"\" title=\"\"><img loading=\"lazy\" decoding=\"async\" class=\"size-medium wp-image-3164 alignleft\" src=\"http:\/\/www.milosnicylasu.olsztyn.pl\/wp-content\/uploads\/2016\/10\/DSCN9144-www-300x225.jpg\" alt=\"dscn9144-www\" width=\"300\" height=\"225\" srcset=\"https:\/\/www.milosnicylasu.olsztyn.pl\/wp-content\/uploads\/2016\/10\/DSCN9144-www-300x225.jpg 300w, https:\/\/www.milosnicylasu.olsztyn.pl\/wp-content\/uploads\/2016\/10\/DSCN9144-www-768x576.jpg 768w, https:\/\/www.milosnicylasu.olsztyn.pl\/wp-content\/uploads\/2016\/10\/DSCN9144-www.jpg 1024w, https:\/\/www.milosnicylasu.olsztyn.pl\/wp-content\/uploads\/2016\/10\/DSCN9144-www-400x300.jpg 400w\" sizes=\"auto, (max-width: 300px) 100vw, 300px\" \/><\/a>W \u015bredniowieczu miasto stanowi\u0142o jeden z najwa\u017cniejszych w\u0119gierskich o\u015brodk\u00f3w miejskich. Le\u017ca\u0142o przy szlaku prowadz\u0105cym do Polski, mia\u0142o wi\u0119c z ekonomicznego punktu widzenia strategiczne znaczenie. Rozwija\u0142o si\u0119 tu p\u0142\u00f3ciennictwo, a kilka wiek\u00f3w p\u00f3\u017aniej drukarstwo.<\/p>\n<p>XVI wiek to czas rozwoju reformacji, kt\u00f3ra z powodzeniem ogarnia Bardejov, \u0142\u0105cznie z rzymskokatolickim do tego czasu ko\u015bcio\u0142em \u015bwi\u0119tego Idziego. Wtedy te\u017c miasto notuje swoje ostatnie lata dobrobytu. Kolejne stulecia przynosz\u0105 stopniowe podupadanie miasta. Na szcz\u0119\u015bcie nie wp\u0142ywa to znacz\u0105co na jego dzisiejszy wygl\u0105d \u2013 nadal mo\u017cemy podziwia\u0107 miasteczko w pe\u0142nej krasie.<\/p>\n<p><a href=\"http:\/\/www.milosnicylasu.olsztyn.pl\/wp-content\/uploads\/2016\/10\/DSCN9138-www.jpg\" rel=\"attachment wp-att-3165\" data-rel=\"lightbox-image-1\" data-magnific_type=\"image\" data-rl_title=\"\" data-rl_caption=\"\" title=\"\"><img loading=\"lazy\" decoding=\"async\" class=\"size-medium wp-image-3165 alignright\" src=\"http:\/\/www.milosnicylasu.olsztyn.pl\/wp-content\/uploads\/2016\/10\/DSCN9138-www-300x225.jpg\" alt=\"dscn9138-www\" width=\"300\" height=\"225\" srcset=\"https:\/\/www.milosnicylasu.olsztyn.pl\/wp-content\/uploads\/2016\/10\/DSCN9138-www-300x225.jpg 300w, https:\/\/www.milosnicylasu.olsztyn.pl\/wp-content\/uploads\/2016\/10\/DSCN9138-www-768x576.jpg 768w, https:\/\/www.milosnicylasu.olsztyn.pl\/wp-content\/uploads\/2016\/10\/DSCN9138-www.jpg 1024w, https:\/\/www.milosnicylasu.olsztyn.pl\/wp-content\/uploads\/2016\/10\/DSCN9138-www-400x300.jpg 400w\" sizes=\"auto, (max-width: 300px) 100vw, 300px\" \/><\/a>Zwiedzanie najpi\u0119kniejszego i najbardziej gotyckiego miasta na S\u0142owacji (znajduj\u0105cego si\u0119 na li\u015bcie \u015bwiatowego dziedzictwa naturalnego i kulturalnego UNESCO) zaczynamy na <strong>Rynku<\/strong> <strong>Radni\u010dn\u00e9 n\u00e1mestie<\/strong> obstawionym rz\u0119dem zabytkowych mieszcza\u0144skich dom\u00f3w z typowymi szczytowymi fasadami. Niewielkie domki w pastelowych kolorach nadaj\u0105 miejscu bajkowy charakter. Miejsce jest niezwykle urokliwe, a do tego zachowa\u0142o sw\u00f3j historyczny charakter.<\/p>\n<p>Najwa\u017cniejszym zabytkiem rynku w Bardejowie (Bardejov), wpisanego\u00a0na List\u0119 \u015awiatowego Dziedzictwa Kultury i Natury UNESCO, jest parafialny\u00a0<strong>Ko\u015bci\u00f3\u0142 \u015aw. Idziego<\/strong>, (Sv.<strong>\u00a0<\/strong>Egidia), znajduj\u0105cy si\u0119 w jego p\u00f3\u0142nocnej cz\u0119\u015bci.<\/p>\n<p><a href=\"http:\/\/www.milosnicylasu.olsztyn.pl\/wp-content\/uploads\/2016\/10\/P9200440-www.jpg\" rel=\"attachment wp-att-3166\" data-rel=\"lightbox-image-2\" data-magnific_type=\"image\" data-rl_title=\"\" data-rl_caption=\"\" title=\"\"><img loading=\"lazy\" decoding=\"async\" class=\"size-medium wp-image-3166 alignleft\" src=\"http:\/\/www.milosnicylasu.olsztyn.pl\/wp-content\/uploads\/2016\/10\/P9200440-www-225x300.jpg\" alt=\"OLYMPUS DIGITAL CAMERA\" width=\"225\" height=\"300\" srcset=\"https:\/\/www.milosnicylasu.olsztyn.pl\/wp-content\/uploads\/2016\/10\/P9200440-www-225x300.jpg 225w, https:\/\/www.milosnicylasu.olsztyn.pl\/wp-content\/uploads\/2016\/10\/P9200440-www.jpg 768w\" sizes=\"auto, (max-width: 225px) 100vw, 225px\" \/><\/a><\/p>\n<p>Jego budow\u0119 rozpocz\u0119to na pocz\u0105tku XV wieku, w miejscu klasztoru cysters\u00f3w. \u015awi\u0105tynia\u00a0otrzyma\u0142a kszta\u0142t wspania\u0142ej trzynawowej\u00a0bazyliki gotyckiej. Budowa ko\u015bcio\u0142a zosta\u0142a zako\u0144czona zasklepieniem g\u0142\u00f3wnej nawy w latach 1513\u00a0&#8211; 1518.<\/p>\n<p>Architektura o prostych kszta\u0142tach skrywa mn\u00f3stwo cennych szczeg\u00f3\u0142\u00f3w i dzie\u0142 artystycznych.<\/p>\n<p><a href=\"http:\/\/www.milosnicylasu.olsztyn.pl\/wp-content\/uploads\/2016\/11\/P9200379-www.jpg\" rel=\"attachment wp-att-3240\" data-rel=\"lightbox-image-3\" data-magnific_type=\"image\" data-rl_title=\"\" data-rl_caption=\"\" title=\"\"><img loading=\"lazy\" decoding=\"async\" class=\"size-medium wp-image-3240 alignright\" src=\"http:\/\/www.milosnicylasu.olsztyn.pl\/wp-content\/uploads\/2016\/11\/P9200379-www-300x225.jpg\" alt=\"OLYMPUS DIGITAL CAMERA\" width=\"300\" height=\"225\" srcset=\"https:\/\/www.milosnicylasu.olsztyn.pl\/wp-content\/uploads\/2016\/11\/P9200379-www-300x225.jpg 300w, https:\/\/www.milosnicylasu.olsztyn.pl\/wp-content\/uploads\/2016\/11\/P9200379-www-768x576.jpg 768w, https:\/\/www.milosnicylasu.olsztyn.pl\/wp-content\/uploads\/2016\/11\/P9200379-www.jpg 1024w, https:\/\/www.milosnicylasu.olsztyn.pl\/wp-content\/uploads\/2016\/11\/P9200379-www-400x300.jpg 400w\" sizes=\"auto, (max-width: 300px) 100vw, 300px\" \/><\/a><\/p>\n<p>W zespole 11 p\u00f3\u017anogotyckich\u00a0o\u0142tarzy skrzyd\u0142owych, zbudowanych w latach 1460 \u2013 1520, za najcenniejszy uwa\u017ca si\u0119\u00a0boczny o\u0142tarz Narodzenia Pa\u0144skiego, powsta\u0142y w otoczeniu krakowskiego warsztatu W. Stwosza.<\/p>\n<p>Rze\u017aba\u00a0Tronu \u0141aski\u00a0na przodzie o\u0142tarza \u015aw. Barbary, wykonana prawdopodobnie w warsztacie Mistrza Paw\u0142a z Lewoczy (Majster Pavol z Levo\u010de), uwa\u017cana jest za szczytowe osi\u0105gni\u0119cie rze\u017abiarskie na S\u0142owacji.<\/p>\n<p>W 2001 r. ojciec \u015bwi\u0119ty Jan Pawe\u0142 II nada\u0142\u00a0<strong>ko\u015bcio\u0142owi \u015aw. Idziego<\/strong>\u00a0<strong>tytu\u0142<\/strong>\u00a0<strong>bazyliki mniejszej<\/strong>.<\/p>\n<p><a href=\"http:\/\/www.milosnicylasu.olsztyn.pl\/wp-content\/uploads\/2016\/11\/P9200447-www.jpg\" rel=\"attachment wp-att-3243\" data-rel=\"lightbox-image-4\" data-magnific_type=\"image\" data-rl_title=\"\" data-rl_caption=\"\" title=\"\"><img loading=\"lazy\" decoding=\"async\" class=\"size-medium wp-image-3243 alignleft\" src=\"http:\/\/www.milosnicylasu.olsztyn.pl\/wp-content\/uploads\/2016\/11\/P9200447-www-300x225.jpg\" alt=\"OLYMPUS DIGITAL CAMERA\" width=\"300\" height=\"225\" srcset=\"https:\/\/www.milosnicylasu.olsztyn.pl\/wp-content\/uploads\/2016\/11\/P9200447-www-300x225.jpg 300w, https:\/\/www.milosnicylasu.olsztyn.pl\/wp-content\/uploads\/2016\/11\/P9200447-www-768x576.jpg 768w, https:\/\/www.milosnicylasu.olsztyn.pl\/wp-content\/uploads\/2016\/11\/P9200447-www.jpg 1024w, https:\/\/www.milosnicylasu.olsztyn.pl\/wp-content\/uploads\/2016\/11\/P9200447-www-400x300.jpg 400w\" sizes=\"auto, (max-width: 300px) 100vw, 300px\" \/><\/a><\/p>\n<p>&nbsp;<\/p>\n<p>\u015awieck\u0105 dominant\u0105 rynku jest budynek\u00a0by\u0142ego <strong>ratusza<\/strong> z XVI w. \u2013 wspania\u0142y fragment zgodno\u015bci przemijaj\u0105cego gotyku i wczesnego renesansu.<\/p>\n<p><a href=\"http:\/\/www.milosnicylasu.olsztyn.pl\/wp-content\/uploads\/2016\/11\/P9200458-www-1.jpg\" rel=\"attachment wp-att-3244\" data-rel=\"lightbox-image-5\" data-magnific_type=\"image\" data-rl_title=\"\" data-rl_caption=\"\" title=\"\"><img loading=\"lazy\" decoding=\"async\" class=\"size-medium wp-image-3244 alignright\" src=\"http:\/\/www.milosnicylasu.olsztyn.pl\/wp-content\/uploads\/2016\/11\/P9200458-www-1-300x225.jpg\" alt=\"OLYMPUS DIGITAL CAMERA\" width=\"300\" height=\"225\" srcset=\"https:\/\/www.milosnicylasu.olsztyn.pl\/wp-content\/uploads\/2016\/11\/P9200458-www-1-300x225.jpg 300w, https:\/\/www.milosnicylasu.olsztyn.pl\/wp-content\/uploads\/2016\/11\/P9200458-www-1-768x576.jpg 768w, https:\/\/www.milosnicylasu.olsztyn.pl\/wp-content\/uploads\/2016\/11\/P9200458-www-1.jpg 1024w, https:\/\/www.milosnicylasu.olsztyn.pl\/wp-content\/uploads\/2016\/11\/P9200458-www-1-400x300.jpg 400w\" sizes=\"auto, (max-width: 300px) 100vw, 300px\" \/><\/a><\/p>\n<p>&nbsp;<\/p>\n<p>&nbsp;<\/p>\n<p>&nbsp;<\/p>\n<p>&nbsp;<\/p>\n<p>Zabytki, zabytki, spacer po rynku&#8230;.i &#8230;<\/p>\n<p>.<\/p>\n<p><strong>\u00a0<\/strong>Franciszka\u0144ski Klasztor z Ko\u015bcio\u0142em \u015bw. Jana Chrzciciela \u00a0zosta\u0142 wybudowany w zachodniej cz\u0119\u015bci miasta, r\u00f3wnie\u017c w stylu gotyckim. Ciekawym archeologicznym detalem jest klasztorny korytarz z renesansowym krzy\u017cowym sklepieniem.<\/p>\n<p><a href=\"http:\/\/www.milosnicylasu.olsztyn.pl\/wp-content\/uploads\/2016\/11\/P9200526-www.jpg\" rel=\"attachment wp-att-3242\" data-rel=\"lightbox-image-6\" data-magnific_type=\"image\" data-rl_title=\"\" data-rl_caption=\"\" title=\"\"><img loading=\"lazy\" decoding=\"async\" class=\"size-medium wp-image-3242 alignleft\" src=\"http:\/\/www.milosnicylasu.olsztyn.pl\/wp-content\/uploads\/2016\/11\/P9200526-www-300x225.jpg\" alt=\"OLYMPUS DIGITAL CAMERA\" width=\"300\" height=\"225\" srcset=\"https:\/\/www.milosnicylasu.olsztyn.pl\/wp-content\/uploads\/2016\/11\/P9200526-www-300x225.jpg 300w, https:\/\/www.milosnicylasu.olsztyn.pl\/wp-content\/uploads\/2016\/11\/P9200526-www-768x576.jpg 768w, https:\/\/www.milosnicylasu.olsztyn.pl\/wp-content\/uploads\/2016\/11\/P9200526-www.jpg 1024w, https:\/\/www.milosnicylasu.olsztyn.pl\/wp-content\/uploads\/2016\/11\/P9200526-www-400x300.jpg 400w\" sizes=\"auto, (max-width: 300px) 100vw, 300px\" \/><\/a><\/p>\n<p>&nbsp;<\/p>\n<p>Z klasztoru blisko do miejskich fort\u00f3w, kt\u00f3re s\u0105 najlepiej zachowanym \u015bredniowiecznym systemem obronnym na S\u0142owacji.<\/p>\n<p>&nbsp;<\/p>\n","protected":false},"excerpt":{"rendered":"<p>Bardej\u00f3w &#8211; S\u0142owacja W \u015bredniowieczu miasto stanowi\u0142o jeden z najwa\u017cniejszych w\u0119gierskich o\u015brodk\u00f3w miejskich. Le\u017ca\u0142o przy szlaku prowadz\u0105cym do Polski, mia\u0142o wi\u0119c z ekonomicznego punktu widzenia strategiczne znaczenie. Rozwija\u0142o si\u0119 tu p\u0142\u00f3ciennictwo, a kilka wiek\u00f3w p\u00f3\u017aniej drukarstwo. XVI wiek to czas rozwoju reformacji, kt\u00f3ra z powodzeniem ogarnia Bardejov, \u0142\u0105cznie z rzymskokatolickim do tego czasu ko\u015bcio\u0142em \u015bwi\u0119tego [&hellip;]<\/p>\n","protected":false},"author":2,"featured_media":0,"comment_status":"open","ping_status":"open","sticky":false,"template":"","format":"standard","meta":{"footnotes":""},"categories":[1,9,5],"tags":[],"class_list":["post-3162","post","type-post","status-publish","format-standard","hentry","category-bez-kategorii","category-ciekawostki","category-wycieczki"],"_links":{"self":[{"href":"https:\/\/www.milosnicylasu.olsztyn.pl\/index.php?rest_route=\/wp\/v2\/posts\/3162","targetHints":{"allow":["GET"]}}],"collection":[{"href":"https:\/\/www.milosnicylasu.olsztyn.pl\/index.php?rest_route=\/wp\/v2\/posts"}],"about":[{"href":"https:\/\/www.milosnicylasu.olsztyn.pl\/index.php?rest_route=\/wp\/v2\/types\/post"}],"author":[{"embeddable":true,"href":"https:\/\/www.milosnicylasu.olsztyn.pl\/index.php?rest_route=\/wp\/v2\/users\/2"}],"replies":[{"embeddable":true,"href":"https:\/\/www.milosnicylasu.olsztyn.pl\/index.php?rest_route=%2Fwp%2Fv2%2Fcomments&post=3162"}],"version-history":[{"count":6,"href":"https:\/\/www.milosnicylasu.olsztyn.pl\/index.php?rest_route=\/wp\/v2\/posts\/3162\/revisions"}],"predecessor-version":[{"id":3249,"href":"https:\/\/www.milosnicylasu.olsztyn.pl\/index.php?rest_route=\/wp\/v2\/posts\/3162\/revisions\/3249"}],"wp:attachment":[{"href":"https:\/\/www.milosnicylasu.olsztyn.pl\/index.php?rest_route=%2Fwp%2Fv2%2Fmedia&parent=3162"}],"wp:term":[{"taxonomy":"category","embeddable":true,"href":"https:\/\/www.milosnicylasu.olsztyn.pl\/index.php?rest_route=%2Fwp%2Fv2%2Fcategories&post=3162"},{"taxonomy":"post_tag","embeddable":true,"href":"https:\/\/www.milosnicylasu.olsztyn.pl\/index.php?rest_route=%2Fwp%2Fv2%2Ftags&post=3162"}],"curies":[{"name":"wp","href":"https:\/\/api.w.org\/{rel}","templated":true}]}}