{"id":3168,"date":"2016-10-18T07:17:22","date_gmt":"2016-10-18T05:17:22","guid":{"rendered":"http:\/\/www.milosnicylasu.olsztyn.pl\/?p=3168"},"modified":"2016-10-18T07:17:46","modified_gmt":"2016-10-18T05:17:46","slug":"rajd-na-orientacje","status":"publish","type":"post","link":"https:\/\/www.milosnicylasu.olsztyn.pl\/?p=3168","title":{"rendered":"Rajd na orientacj\u0119"},"content":{"rendered":"<p><a href=\"http:\/\/www.milosnicylasu.olsztyn.pl\/wp-content\/uploads\/2016\/10\/DSCN9339-www.jpg\" rel=\"attachment wp-att-3169\" data-rel=\"lightbox-image-0\" data-magnific_type=\"image\" data-rl_title=\"\" data-rl_caption=\"\" title=\"\"><img loading=\"lazy\" decoding=\"async\" class=\"size-medium wp-image-3169 alignleft\" src=\"http:\/\/www.milosnicylasu.olsztyn.pl\/wp-content\/uploads\/2016\/10\/DSCN9339-www-300x225.jpg\" alt=\"dscn9339-www\" width=\"300\" height=\"225\" srcset=\"https:\/\/www.milosnicylasu.olsztyn.pl\/wp-content\/uploads\/2016\/10\/DSCN9339-www-300x225.jpg 300w, https:\/\/www.milosnicylasu.olsztyn.pl\/wp-content\/uploads\/2016\/10\/DSCN9339-www-768x576.jpg 768w, https:\/\/www.milosnicylasu.olsztyn.pl\/wp-content\/uploads\/2016\/10\/DSCN9339-www.jpg 1024w, https:\/\/www.milosnicylasu.olsztyn.pl\/wp-content\/uploads\/2016\/10\/DSCN9339-www-400x300.jpg 400w\" sizes=\"auto, (max-width: 300px) 100vw, 300px\" \/><\/a><\/p>\n<p>&nbsp;<\/p>\n<p>Sobotni rajd -15 pa\u017adziernika &#8211; by\u0142 kolejnym rajdem, do kt\u00f3rego niezb\u0119dna by\u0142a mapa.<a href=\"http:\/\/www.milosnicylasu.olsztyn.pl\/wp-content\/uploads\/2016\/10\/DSCN9348-www.jpg\" rel=\"attachment wp-att-3170\" data-rel=\"lightbox-image-1\" data-magnific_type=\"image\" data-rl_title=\"\" data-rl_caption=\"\" title=\"\"><img loading=\"lazy\" decoding=\"async\" class=\"size-medium wp-image-3170 alignright\" src=\"http:\/\/www.milosnicylasu.olsztyn.pl\/wp-content\/uploads\/2016\/10\/DSCN9348-www-300x225.jpg\" alt=\"dscn9348-www\" width=\"300\" height=\"225\" srcset=\"https:\/\/www.milosnicylasu.olsztyn.pl\/wp-content\/uploads\/2016\/10\/DSCN9348-www-300x225.jpg 300w, https:\/\/www.milosnicylasu.olsztyn.pl\/wp-content\/uploads\/2016\/10\/DSCN9348-www-768x576.jpg 768w, https:\/\/www.milosnicylasu.olsztyn.pl\/wp-content\/uploads\/2016\/10\/DSCN9348-www.jpg 1024w, https:\/\/www.milosnicylasu.olsztyn.pl\/wp-content\/uploads\/2016\/10\/DSCN9348-www-400x300.jpg 400w\" sizes=\"auto, (max-width: 300px) 100vw, 300px\" \/><\/a><\/p>\n<p>&nbsp;<\/p>\n<p>&nbsp;<\/p>\n<p>&nbsp;<\/p>\n<p>&nbsp;<\/p>\n<p>Pi\u0119kna trasa, przez kolorowe, w jesiennej szacie lasy oraz wzd\u0142u\u017c jezior \u00a0prowadzi\u0142a od Wysokiej Bramy do CEiK u.<\/p>\n<p><strong>&#8221; Pokochaj jesie\u0144&#8221;<\/strong> &#8211; namawia nas Tadeusz Karasiewicz, ale nas nie trzeba namawia\u0107. Kochamy wszystkie pory roku, ale tak kolorowo to jest tylko jesieni\u0105.<\/p>\n<p>&nbsp;<\/p>\n<p><strong><a href=\"http:\/\/www.milosnicylasu.olsztyn.pl\/wp-content\/uploads\/2016\/10\/DSCN9309-www.jpg\" rel=\"attachment wp-att-3145\" data-rel=\"lightbox-image-2\" data-magnific_type=\"image\" data-rl_title=\"\" data-rl_caption=\"\" title=\"\"><img loading=\"lazy\" decoding=\"async\" class=\"size-medium wp-image-3145 alignleft\" src=\"http:\/\/www.milosnicylasu.olsztyn.pl\/wp-content\/uploads\/2016\/10\/DSCN9309-www-300x225.jpg\" alt=\"dscn9309-www\" width=\"300\" height=\"225\" srcset=\"https:\/\/www.milosnicylasu.olsztyn.pl\/wp-content\/uploads\/2016\/10\/DSCN9309-www-300x225.jpg 300w, https:\/\/www.milosnicylasu.olsztyn.pl\/wp-content\/uploads\/2016\/10\/DSCN9309-www-768x576.jpg 768w, https:\/\/www.milosnicylasu.olsztyn.pl\/wp-content\/uploads\/2016\/10\/DSCN9309-www.jpg 1024w, https:\/\/www.milosnicylasu.olsztyn.pl\/wp-content\/uploads\/2016\/10\/DSCN9309-www-400x300.jpg 400w\" sizes=\"auto, (max-width: 300px) 100vw, 300px\" \/><\/a>Pokochaj jesie\u0144<\/strong><\/p>\n<p>Spr\u00f3buj pokocha\u0107 jesie\u0144<br \/>\nz niesamowitymi urokami<br \/>\nSp\u00f3jrz ile pi\u0119kna niesie<br \/>\nobdarzaj\u0105c ci\u0119 nowymi dniami.<\/p>\n<p><strong><a href=\"http:\/\/www.milosnicylasu.olsztyn.pl\/wp-content\/uploads\/2016\/10\/DSCN9349-www.jpg\" rel=\"attachment wp-att-3171\" data-rel=\"lightbox-image-3\" data-magnific_type=\"image\" data-rl_title=\"\" data-rl_caption=\"\" title=\"\"><img loading=\"lazy\" decoding=\"async\" class=\"size-medium wp-image-3171 alignright\" src=\"http:\/\/www.milosnicylasu.olsztyn.pl\/wp-content\/uploads\/2016\/10\/DSCN9349-www-225x300.jpg\" alt=\"dscn9349-www\" width=\"225\" height=\"300\" srcset=\"https:\/\/www.milosnicylasu.olsztyn.pl\/wp-content\/uploads\/2016\/10\/DSCN9349-www-225x300.jpg 225w, https:\/\/www.milosnicylasu.olsztyn.pl\/wp-content\/uploads\/2016\/10\/DSCN9349-www.jpg 768w\" sizes=\"auto, (max-width: 225px) 100vw, 225px\" \/><\/a><\/strong><\/p>\n<p>Kolorowo jak wiosn\u0105<br \/>\nbarwne li\u015bcie ostatki zieleni<br \/>\nDadz\u0105 chwil\u0119 radosn\u0105<br \/>\ntw\u0105 szaro\u015b\u0107 \u017cycia mog\u0105 odmieni\u0107.<\/p>\n<p>Wiecz\u00f3r szybciej nastaje<br \/>\ns\u0142o\u0144ce te\u017c znika wcze\u015bniej ni\u017c latem<br \/>\nLecz nowe czy nie daje<br \/>\nchwile spokoju skorzystaj zatem.<\/p>\n<p>&nbsp;<\/p>\n<p>Rajd na orientacj\u0119 poprowadzi\u0142 Anatol Leszczy\u0144ski, zdj\u0119cia te\u017c s\u0105 jego autorstwa.<\/p>\n<p>Wszyscy uczestnicy dotarli do celu. Na pami\u0105tk\u0119 tego wyczynu otrzymaj\u0105 na listopadowym zebraniu medale. Gratulujemy!<\/p>\n<p>&nbsp;<\/p>\n","protected":false},"excerpt":{"rendered":"<p>&nbsp; Sobotni rajd -15 pa\u017adziernika &#8211; by\u0142 kolejnym rajdem, do kt\u00f3rego niezb\u0119dna by\u0142a mapa. &nbsp; &nbsp; &nbsp; &nbsp; Pi\u0119kna trasa, przez kolorowe, w jesiennej szacie lasy oraz wzd\u0142u\u017c jezior \u00a0prowadzi\u0142a od Wysokiej Bramy do CEiK u. &#8221; Pokochaj jesie\u0144&#8221; &#8211; namawia nas Tadeusz Karasiewicz, ale nas nie trzeba namawia\u0107. Kochamy wszystkie pory roku, ale tak [&hellip;]<\/p>\n","protected":false},"author":2,"featured_media":0,"comment_status":"open","ping_status":"open","sticky":false,"template":"","format":"standard","meta":{"footnotes":""},"categories":[1,9,2],"tags":[],"class_list":["post-3168","post","type-post","status-publish","format-standard","hentry","category-bez-kategorii","category-ciekawostki","category-rajdy"],"_links":{"self":[{"href":"https:\/\/www.milosnicylasu.olsztyn.pl\/index.php?rest_route=\/wp\/v2\/posts\/3168","targetHints":{"allow":["GET"]}}],"collection":[{"href":"https:\/\/www.milosnicylasu.olsztyn.pl\/index.php?rest_route=\/wp\/v2\/posts"}],"about":[{"href":"https:\/\/www.milosnicylasu.olsztyn.pl\/index.php?rest_route=\/wp\/v2\/types\/post"}],"author":[{"embeddable":true,"href":"https:\/\/www.milosnicylasu.olsztyn.pl\/index.php?rest_route=\/wp\/v2\/users\/2"}],"replies":[{"embeddable":true,"href":"https:\/\/www.milosnicylasu.olsztyn.pl\/index.php?rest_route=%2Fwp%2Fv2%2Fcomments&post=3168"}],"version-history":[{"count":2,"href":"https:\/\/www.milosnicylasu.olsztyn.pl\/index.php?rest_route=\/wp\/v2\/posts\/3168\/revisions"}],"predecessor-version":[{"id":3173,"href":"https:\/\/www.milosnicylasu.olsztyn.pl\/index.php?rest_route=\/wp\/v2\/posts\/3168\/revisions\/3173"}],"wp:attachment":[{"href":"https:\/\/www.milosnicylasu.olsztyn.pl\/index.php?rest_route=%2Fwp%2Fv2%2Fmedia&parent=3168"}],"wp:term":[{"taxonomy":"category","embeddable":true,"href":"https:\/\/www.milosnicylasu.olsztyn.pl\/index.php?rest_route=%2Fwp%2Fv2%2Fcategories&post=3168"},{"taxonomy":"post_tag","embeddable":true,"href":"https:\/\/www.milosnicylasu.olsztyn.pl\/index.php?rest_route=%2Fwp%2Fv2%2Ftags&post=3168"}],"curies":[{"name":"wp","href":"https:\/\/api.w.org\/{rel}","templated":true}]}}