{"id":318,"date":"2013-04-29T07:39:00","date_gmt":"2013-04-29T05:39:00","guid":{"rendered":"http:\/\/www.milosnicylasu.olsztyn.pl\/?p=318"},"modified":"2013-05-01T21:52:49","modified_gmt":"2013-05-01T19:52:49","slug":"wyklad-w-lesie","status":"publish","type":"post","link":"https:\/\/www.milosnicylasu.olsztyn.pl\/?p=318","title":{"rendered":"Wyk\u0142ad w lesie"},"content":{"rendered":"<p><a href=\"http:\/\/www.milosnicylasu.olsztyn.pl\/wp-content\/uploads\/2013\/04\/P4270445-www.jpg\" data-rel=\"lightbox-image-0\" data-magnific_type=\"image\" data-rl_title=\"\" data-rl_caption=\"\" title=\"\"><img loading=\"lazy\" decoding=\"async\" class=\"alignleft size-medium wp-image-315\" alt=\"P4270445-www\" src=\"http:\/\/www.milosnicylasu.olsztyn.pl\/wp-content\/uploads\/2013\/04\/P4270445-www-300x168.jpg\" width=\"300\" height=\"168\" srcset=\"https:\/\/www.milosnicylasu.olsztyn.pl\/wp-content\/uploads\/2013\/04\/P4270445-www-300x168.jpg 300w, https:\/\/www.milosnicylasu.olsztyn.pl\/wp-content\/uploads\/2013\/04\/P4270445-www-500x281.jpg 500w, https:\/\/www.milosnicylasu.olsztyn.pl\/wp-content\/uploads\/2013\/04\/P4270445-www.jpg 1024w\" sizes=\"auto, (max-width: 300px) 100vw, 300px\" \/><\/a>27 kwietnia, w sobot\u0119, cz\u0142onkowie Ko\u0142a spotkali si\u0119 w lesie z Panem Andrzejem Sobani\u0105. By\u0142 to wspania\u0142y wyk\u0142ad w terenie. W zesz\u0142ym roku zasadzili\u015bmy 20 ar\u00f3w lasu ma\u0142ymi sadzonkami d\u0119bu, w tym roku nauczyli\u015bmy si\u0119\u00a0 jak sadzi\u0107 d\u0119by, kt\u00f3re maj\u0105 wys. ok. 1,5m.<a href=\"http:\/\/www.milosnicylasu.olsztyn.pl\/wp-content\/uploads\/2013\/04\/P4270459-www.jpg\" data-rel=\"lightbox-image-1\" data-magnific_type=\"image\" data-rl_title=\"\" data-rl_caption=\"\" title=\"\"><img loading=\"lazy\" decoding=\"async\" class=\"size-medium wp-image-322 alignright\" alt=\"P4270459 -www\" src=\"http:\/\/www.milosnicylasu.olsztyn.pl\/wp-content\/uploads\/2013\/04\/P4270459-www-300x168.jpg\" width=\"300\" height=\"168\" srcset=\"https:\/\/www.milosnicylasu.olsztyn.pl\/wp-content\/uploads\/2013\/04\/P4270459-www-300x168.jpg 300w, https:\/\/www.milosnicylasu.olsztyn.pl\/wp-content\/uploads\/2013\/04\/P4270459-www-500x281.jpg 500w, https:\/\/www.milosnicylasu.olsztyn.pl\/wp-content\/uploads\/2013\/04\/P4270459-www.jpg 1024w\" sizes=\"auto, (max-width: 300px) 100vw, 300px\" \/><\/a><\/p>\n<p>A na spacerze, ok.4 km, Pan Andrzej zauroczy\u0142 nas swoj\u0105 wiedz\u0105 o lesie i jego mieszka\u0144cach. Przekonali\u015bmy si\u0119, \u017ce le\u015bnik to nie tylko zaw\u00f3d, to wielka pasja. Panu Andrzejowi serdecznie dzi\u0119kujemy i liczymy na nast\u0119pne spotkania.<\/p>\n","protected":false},"excerpt":{"rendered":"<p>27 kwietnia, w sobot\u0119, cz\u0142onkowie Ko\u0142a spotkali si\u0119 w lesie z Panem Andrzejem Sobani\u0105. By\u0142 to wspania\u0142y wyk\u0142ad w terenie. W zesz\u0142ym roku zasadzili\u015bmy 20 ar\u00f3w lasu ma\u0142ymi sadzonkami d\u0119bu, w tym roku nauczyli\u015bmy si\u0119\u00a0 jak sadzi\u0107 d\u0119by, kt\u00f3re maj\u0105 wys. ok. 1,5m. A na spacerze, ok.4 km, Pan Andrzej zauroczy\u0142 nas swoj\u0105 wiedz\u0105 o [&hellip;]<\/p>\n","protected":false},"author":1,"featured_media":0,"comment_status":"open","ping_status":"open","sticky":false,"template":"","format":"standard","meta":{"footnotes":""},"categories":[1,2,5],"tags":[],"class_list":["post-318","post","type-post","status-publish","format-standard","hentry","category-bez-kategorii","category-rajdy","category-wycieczki"],"_links":{"self":[{"href":"https:\/\/www.milosnicylasu.olsztyn.pl\/index.php?rest_route=\/wp\/v2\/posts\/318","targetHints":{"allow":["GET"]}}],"collection":[{"href":"https:\/\/www.milosnicylasu.olsztyn.pl\/index.php?rest_route=\/wp\/v2\/posts"}],"about":[{"href":"https:\/\/www.milosnicylasu.olsztyn.pl\/index.php?rest_route=\/wp\/v2\/types\/post"}],"author":[{"embeddable":true,"href":"https:\/\/www.milosnicylasu.olsztyn.pl\/index.php?rest_route=\/wp\/v2\/users\/1"}],"replies":[{"embeddable":true,"href":"https:\/\/www.milosnicylasu.olsztyn.pl\/index.php?rest_route=%2Fwp%2Fv2%2Fcomments&post=318"}],"version-history":[{"count":8,"href":"https:\/\/www.milosnicylasu.olsztyn.pl\/index.php?rest_route=\/wp\/v2\/posts\/318\/revisions"}],"predecessor-version":[{"id":328,"href":"https:\/\/www.milosnicylasu.olsztyn.pl\/index.php?rest_route=\/wp\/v2\/posts\/318\/revisions\/328"}],"wp:attachment":[{"href":"https:\/\/www.milosnicylasu.olsztyn.pl\/index.php?rest_route=%2Fwp%2Fv2%2Fmedia&parent=318"}],"wp:term":[{"taxonomy":"category","embeddable":true,"href":"https:\/\/www.milosnicylasu.olsztyn.pl\/index.php?rest_route=%2Fwp%2Fv2%2Fcategories&post=318"},{"taxonomy":"post_tag","embeddable":true,"href":"https:\/\/www.milosnicylasu.olsztyn.pl\/index.php?rest_route=%2Fwp%2Fv2%2Ftags&post=318"}],"curies":[{"name":"wp","href":"https:\/\/api.w.org\/{rel}","templated":true}]}}