{"id":3186,"date":"2016-10-24T19:03:13","date_gmt":"2016-10-24T17:03:13","guid":{"rendered":"http:\/\/www.milosnicylasu.olsztyn.pl\/?p=3186"},"modified":"2016-10-24T19:14:03","modified_gmt":"2016-10-24T17:14:03","slug":"orneta-i-okolice-cz-i","status":"publish","type":"post","link":"https:\/\/www.milosnicylasu.olsztyn.pl\/?p=3186","title":{"rendered":"Orneta i okolice &#8230;&#8230;&#8230;cz.I"},"content":{"rendered":"<p><a href=\"http:\/\/www.milosnicylasu.olsztyn.pl\/wp-content\/uploads\/2016\/10\/DSCN9392-www.jpg\" rel=\"attachment wp-att-3187\" data-rel=\"lightbox-image-0\" data-magnific_type=\"image\" data-rl_title=\"\" data-rl_caption=\"\" title=\"\"><img loading=\"lazy\" decoding=\"async\" class=\"size-medium wp-image-3187 alignleft\" src=\"http:\/\/www.milosnicylasu.olsztyn.pl\/wp-content\/uploads\/2016\/10\/DSCN9392-www-300x225.jpg\" alt=\"dscn9392-www\" width=\"300\" height=\"225\" srcset=\"https:\/\/www.milosnicylasu.olsztyn.pl\/wp-content\/uploads\/2016\/10\/DSCN9392-www-300x225.jpg 300w, https:\/\/www.milosnicylasu.olsztyn.pl\/wp-content\/uploads\/2016\/10\/DSCN9392-www-768x576.jpg 768w, https:\/\/www.milosnicylasu.olsztyn.pl\/wp-content\/uploads\/2016\/10\/DSCN9392-www.jpg 1024w, https:\/\/www.milosnicylasu.olsztyn.pl\/wp-content\/uploads\/2016\/10\/DSCN9392-www-400x300.jpg 400w\" sizes=\"auto, (max-width: 300px) 100vw, 300px\" \/><\/a>\u00a0 Na zaproszenie nadle\u015bniczego Nadle\u015bnictwa Orneta Pana Piotra Matusika wyjechali\u015bmy 21 pa\u017adziernika 2016 r. do \u00a0Ornety. \u00a0W trakcie pobytu zwiedzili\u015bmy najwa\u017cniejsze zabytki Ornety, ko\u015bci\u00f3\u0142 w Ba\u017cynach i \u00a0w Chwal\u0119cinie, zobaczyli\u015bmy cz\u0119\u015b\u0107 szlaku fortyfikacji tr\u00f3jk\u0105ta lidzbarskiego z transzejami i schronami.<\/p>\n<p>Naszym przewodnikiem po Ornecie by\u0142 Pan Robert Dubaj, kt\u00f3rego wiedza i spos\u00f3b opowiadania o dawnych dziejach Ornety pozwoli\u0142y nam przenie\u015b\u0107 si\u0119 w dawne czasy tego pi\u0119knego miasteczka.<a href=\"http:\/\/www.milosnicylasu.olsztyn.pl\/wp-content\/uploads\/2016\/10\/DSCN9424-www.jpg\" rel=\"attachment wp-att-3189\" data-rel=\"lightbox-image-1\" data-magnific_type=\"image\" data-rl_title=\"\" data-rl_caption=\"\" title=\"\"><img loading=\"lazy\" decoding=\"async\" class=\"size-medium wp-image-3189 alignright\" src=\"http:\/\/www.milosnicylasu.olsztyn.pl\/wp-content\/uploads\/2016\/10\/DSCN9424-www-300x225.jpg\" alt=\"dscn9424-www\" width=\"300\" height=\"225\" srcset=\"https:\/\/www.milosnicylasu.olsztyn.pl\/wp-content\/uploads\/2016\/10\/DSCN9424-www-300x225.jpg 300w, https:\/\/www.milosnicylasu.olsztyn.pl\/wp-content\/uploads\/2016\/10\/DSCN9424-www-768x576.jpg 768w, https:\/\/www.milosnicylasu.olsztyn.pl\/wp-content\/uploads\/2016\/10\/DSCN9424-www.jpg 1024w, https:\/\/www.milosnicylasu.olsztyn.pl\/wp-content\/uploads\/2016\/10\/DSCN9424-www-400x300.jpg 400w\" sizes=\"auto, (max-width: 300px) 100vw, 300px\" \/><\/a><\/p>\n<p>Byli\u015bmy zachwyceni sposobem w jaki przewodnik oprowadza\u0142 nas po Galerii Dziedzictwa Ornety, kt\u00f3ra ma siedzib\u0119 w jednym z najciekawszych zabytk\u00f3w architektonicznych i historycznych Warmii. Mie\u015bci si\u0119 w Ratuszu na starym Rynku w Ornecie.<a href=\"http:\/\/www.milosnicylasu.olsztyn.pl\/wp-content\/uploads\/2016\/10\/DSCN9394-www.jpg\" rel=\"attachment wp-att-3188\" data-rel=\"lightbox-image-2\" data-magnific_type=\"image\" data-rl_title=\"\" data-rl_caption=\"\" title=\"\"><img loading=\"lazy\" decoding=\"async\" class=\"size-medium wp-image-3188 alignleft\" src=\"http:\/\/www.milosnicylasu.olsztyn.pl\/wp-content\/uploads\/2016\/10\/DSCN9394-www-300x225.jpg\" alt=\"dscn9394-www\" width=\"300\" height=\"225\" srcset=\"https:\/\/www.milosnicylasu.olsztyn.pl\/wp-content\/uploads\/2016\/10\/DSCN9394-www-300x225.jpg 300w, https:\/\/www.milosnicylasu.olsztyn.pl\/wp-content\/uploads\/2016\/10\/DSCN9394-www-768x576.jpg 768w, https:\/\/www.milosnicylasu.olsztyn.pl\/wp-content\/uploads\/2016\/10\/DSCN9394-www.jpg 1024w, https:\/\/www.milosnicylasu.olsztyn.pl\/wp-content\/uploads\/2016\/10\/DSCN9394-www-400x300.jpg 400w\" sizes=\"auto, (max-width: 300px) 100vw, 300px\" \/><\/a><\/p>\n<p>&nbsp;<\/p>\n<p>&nbsp;<\/p>\n<p>Budynek zosta\u0142 wybudowany po 1351 roku \u00a0i od tego czasu pe\u0142ni\u0142 funkcj\u0119 administracyjn\u0105, s\u0105downicz\u0105 i handlow\u0105 miasta.<\/p>\n<p>Galeria Dziedzictwa Ornety powsta\u0142a w 2013 r. i od tego czasu gromadzi oraz eksponuje pami\u0105tki zwi\u0105zane z histori\u0105 miasta oraz regionu Warmii. Znaczn\u0105 cz\u0119\u015b\u0107 w zabytkowych podziemiach Ratusza stanowi\u0105 pami\u0105tki przekazane przez pilot\u00f3w i \u017co\u0142nierzy.<a href=\"http:\/\/www.milosnicylasu.olsztyn.pl\/wp-content\/uploads\/2016\/10\/DSCN9440-www.jpg\" rel=\"attachment wp-att-3190\" data-rel=\"lightbox-image-3\" data-magnific_type=\"image\" data-rl_title=\"\" data-rl_caption=\"\" title=\"\"><img loading=\"lazy\" decoding=\"async\" class=\"size-medium wp-image-3190 alignright\" src=\"http:\/\/www.milosnicylasu.olsztyn.pl\/wp-content\/uploads\/2016\/10\/DSCN9440-www-300x225.jpg\" alt=\"dscn9440-www\" width=\"300\" height=\"225\" srcset=\"https:\/\/www.milosnicylasu.olsztyn.pl\/wp-content\/uploads\/2016\/10\/DSCN9440-www-300x225.jpg 300w, https:\/\/www.milosnicylasu.olsztyn.pl\/wp-content\/uploads\/2016\/10\/DSCN9440-www-768x576.jpg 768w, https:\/\/www.milosnicylasu.olsztyn.pl\/wp-content\/uploads\/2016\/10\/DSCN9440-www.jpg 1024w, https:\/\/www.milosnicylasu.olsztyn.pl\/wp-content\/uploads\/2016\/10\/DSCN9440-www-400x300.jpg 400w\" sizes=\"auto, (max-width: 300px) 100vw, 300px\" \/><\/a><\/p>\n<p>Pocz\u0105wszy od 1953 roku, przez 16 lat stacjonowa\u0142 w Ornecie 29 Pu\u0142k Lotnictwa My\u015bliwskiego st\u0105d jednymi z najciekawszych eksponat\u00f3w jest wyposa\u017cenie samolotu LIM: tablice przyrz\u0105d\u00f3w, zbiorniki paliwa.\u00a0 oraz fotel katapultowy, do kt\u00f3rego przymierzy\u0142a si\u0119 Ma\u0142gosia,<\/p>\n<p>&#8222;Rzut beretem&#8221; od \u00a0Ratusza znajduje si\u0119 \u00a0Ko\u015bci\u00f3\u0142 parafialny \u015bw. Jana Chrzciciela w Ornecie<\/p>\n<p><a href=\"http:\/\/www.milosnicylasu.olsztyn.pl\/wp-content\/uploads\/2016\/10\/DSCN9401-www.jpg\" rel=\"attachment wp-att-3191\" data-rel=\"lightbox-image-4\" data-magnific_type=\"image\" data-rl_title=\"\" data-rl_caption=\"\" title=\"\"><img loading=\"lazy\" decoding=\"async\" class=\"size-medium wp-image-3191 alignleft\" src=\"http:\/\/www.milosnicylasu.olsztyn.pl\/wp-content\/uploads\/2016\/10\/DSCN9401-www-300x225.jpg\" alt=\"dscn9401-www\" width=\"300\" height=\"225\" srcset=\"https:\/\/www.milosnicylasu.olsztyn.pl\/wp-content\/uploads\/2016\/10\/DSCN9401-www-300x225.jpg 300w, https:\/\/www.milosnicylasu.olsztyn.pl\/wp-content\/uploads\/2016\/10\/DSCN9401-www-768x576.jpg 768w, https:\/\/www.milosnicylasu.olsztyn.pl\/wp-content\/uploads\/2016\/10\/DSCN9401-www.jpg 1024w, https:\/\/www.milosnicylasu.olsztyn.pl\/wp-content\/uploads\/2016\/10\/DSCN9401-www-400x300.jpg 400w\" sizes=\"auto, (max-width: 300px) 100vw, 300px\" \/><\/a>Ko\u015bci\u00f3\u0142 parafialny jest budowl\u0105 bazylikow\u0105 z XIV wieku. W XV wieku zosta\u0142y dobudowane kaplice boczne, kt\u00f3re z czasem otrzyma\u0142y ozdobne szczyty, nadaj\u0105ce budowli niezwykle malowniczy wygl\u0105d. Ko\u015bci\u00f3\u0142 ten jest uwa\u017cany za jeden z najpi\u0119kniejszych w Polsce. W ko\u015bciele na uwag\u0119 zas\u0142uguj\u0105 liczne budowle: o\u0142tarz g\u0142\u00f3wny z 1744 roku, \u017cyrandol z 1576, barokowe o\u0142tarze boczne oraz ambona z 1744 roku. Niestety, zabytkowe wyposa\u017cenie ko\u015bcio\u0142a \u00a0mogli\u015bmy zobaczy\u0107 tylko przez krat\u0119.<\/p>\n<p>Wyje\u017cd\u017caj\u0105c z Ornety zapalili\u015bmy znicze przy tablicy upami\u0119tniaj\u0105cej lotnik\u00f3w, kt\u00f3rzy zgin\u0119li w trakcie s\u0142u\u017cby w orneckiej jednostce.<a href=\"http:\/\/www.milosnicylasu.olsztyn.pl\/wp-content\/uploads\/2016\/10\/DSCN9445-www.jpg\" rel=\"attachment wp-att-3192\" data-rel=\"lightbox-image-5\" data-magnific_type=\"image\" data-rl_title=\"\" data-rl_caption=\"\" title=\"\"><img loading=\"lazy\" decoding=\"async\" class=\"size-medium wp-image-3192 aligncenter\" src=\"http:\/\/www.milosnicylasu.olsztyn.pl\/wp-content\/uploads\/2016\/10\/DSCN9445-www-300x225.jpg\" alt=\"dscn9445-www\" width=\"300\" height=\"225\" srcset=\"https:\/\/www.milosnicylasu.olsztyn.pl\/wp-content\/uploads\/2016\/10\/DSCN9445-www-300x225.jpg 300w, https:\/\/www.milosnicylasu.olsztyn.pl\/wp-content\/uploads\/2016\/10\/DSCN9445-www-768x576.jpg 768w, https:\/\/www.milosnicylasu.olsztyn.pl\/wp-content\/uploads\/2016\/10\/DSCN9445-www.jpg 1024w, https:\/\/www.milosnicylasu.olsztyn.pl\/wp-content\/uploads\/2016\/10\/DSCN9445-www-400x300.jpg 400w\" sizes=\"auto, (max-width: 300px) 100vw, 300px\" \/><\/a>.<\/p>\n","protected":false},"excerpt":{"rendered":"<p>\u00a0 Na zaproszenie nadle\u015bniczego Nadle\u015bnictwa Orneta Pana Piotra Matusika wyjechali\u015bmy 21 pa\u017adziernika 2016 r. do \u00a0Ornety. \u00a0W trakcie pobytu zwiedzili\u015bmy najwa\u017cniejsze zabytki Ornety, ko\u015bci\u00f3\u0142 w Ba\u017cynach i \u00a0w Chwal\u0119cinie, zobaczyli\u015bmy cz\u0119\u015b\u0107 szlaku fortyfikacji tr\u00f3jk\u0105ta lidzbarskiego z transzejami i schronami. Naszym przewodnikiem po Ornecie by\u0142 Pan Robert Dubaj, kt\u00f3rego wiedza i spos\u00f3b opowiadania o dawnych dziejach [&hellip;]<\/p>\n","protected":false},"author":2,"featured_media":0,"comment_status":"open","ping_status":"open","sticky":false,"template":"","format":"standard","meta":{"footnotes":""},"categories":[1,5],"tags":[],"class_list":["post-3186","post","type-post","status-publish","format-standard","hentry","category-bez-kategorii","category-wycieczki"],"_links":{"self":[{"href":"https:\/\/www.milosnicylasu.olsztyn.pl\/index.php?rest_route=\/wp\/v2\/posts\/3186","targetHints":{"allow":["GET"]}}],"collection":[{"href":"https:\/\/www.milosnicylasu.olsztyn.pl\/index.php?rest_route=\/wp\/v2\/posts"}],"about":[{"href":"https:\/\/www.milosnicylasu.olsztyn.pl\/index.php?rest_route=\/wp\/v2\/types\/post"}],"author":[{"embeddable":true,"href":"https:\/\/www.milosnicylasu.olsztyn.pl\/index.php?rest_route=\/wp\/v2\/users\/2"}],"replies":[{"embeddable":true,"href":"https:\/\/www.milosnicylasu.olsztyn.pl\/index.php?rest_route=%2Fwp%2Fv2%2Fcomments&post=3186"}],"version-history":[{"count":2,"href":"https:\/\/www.milosnicylasu.olsztyn.pl\/index.php?rest_route=\/wp\/v2\/posts\/3186\/revisions"}],"predecessor-version":[{"id":3195,"href":"https:\/\/www.milosnicylasu.olsztyn.pl\/index.php?rest_route=\/wp\/v2\/posts\/3186\/revisions\/3195"}],"wp:attachment":[{"href":"https:\/\/www.milosnicylasu.olsztyn.pl\/index.php?rest_route=%2Fwp%2Fv2%2Fmedia&parent=3186"}],"wp:term":[{"taxonomy":"category","embeddable":true,"href":"https:\/\/www.milosnicylasu.olsztyn.pl\/index.php?rest_route=%2Fwp%2Fv2%2Fcategories&post=3186"},{"taxonomy":"post_tag","embeddable":true,"href":"https:\/\/www.milosnicylasu.olsztyn.pl\/index.php?rest_route=%2Fwp%2Fv2%2Ftags&post=3186"}],"curies":[{"name":"wp","href":"https:\/\/api.w.org\/{rel}","templated":true}]}}