{"id":3209,"date":"2016-10-26T10:31:31","date_gmt":"2016-10-26T08:31:31","guid":{"rendered":"http:\/\/www.milosnicylasu.olsztyn.pl\/?p=3209"},"modified":"2016-10-26T10:32:38","modified_gmt":"2016-10-26T08:32:38","slug":"orneta-i-okolice-cz-iii-fortyfikacje-trojkata-lidzbarskiego","status":"publish","type":"post","link":"https:\/\/www.milosnicylasu.olsztyn.pl\/?p=3209","title":{"rendered":"Orneta i okolice&#8230;..cz.III Fortyfikacje Tr\u00f3jk\u0105ta Lidzbarskiego"},"content":{"rendered":"<p class=\"hyphenate\">Zwiedzili\u015bmy Ornet\u0119, ko\u015bci\u00f3\u0142 w Ba\u017cynach i w Chwal\u0119cinie a nast\u0119pnie le\u015bnicy z Nadle\u015bnictwa Orneta zaprosili nas do zwiedzenia Szlaku Fortyfikacji Tr\u00f3jk\u0105ta Lidzbarskiego, kt\u00f3ry powsta\u0142 dzi\u0119ki Nadle\u015bnictwu.<\/p>\n<p class=\"hyphenate\"><em>Mi\u0142o nam, \u017ce \u00a0w tworzeniu le\u015bnego skansenu fortyfikacji pomagali cz\u0142onkowie Grupy Rekonstrukcji Historycznej &#8222;Allenstein&#8221; z Olsztyna. Oczyszczono wn\u0119trza bunkr\u00f3w, wyci\u0119to zaro\u015bla przy doj\u015bciu do nich i odbudowano fragmenty dawnych okop\u00f3w.<\/em><\/p>\n<p><!-- block end --> <!-- block open --><\/p>\n<p class=\"hyphenate\"><a href=\"http:\/\/www.milosnicylasu.olsztyn.pl\/wp-content\/uploads\/2016\/10\/DSCN9552-www.jpg\" rel=\"attachment wp-att-3211\" data-rel=\"lightbox-image-0\" data-magnific_type=\"image\" data-rl_title=\"\" data-rl_caption=\"\" title=\"\"><img loading=\"lazy\" decoding=\"async\" class=\"size-medium wp-image-3211 alignleft\" src=\"http:\/\/www.milosnicylasu.olsztyn.pl\/wp-content\/uploads\/2016\/10\/DSCN9552-www-300x225.jpg\" alt=\"dscn9552-www\" width=\"300\" height=\"225\" srcset=\"https:\/\/www.milosnicylasu.olsztyn.pl\/wp-content\/uploads\/2016\/10\/DSCN9552-www-300x225.jpg 300w, https:\/\/www.milosnicylasu.olsztyn.pl\/wp-content\/uploads\/2016\/10\/DSCN9552-www-768x576.jpg 768w, https:\/\/www.milosnicylasu.olsztyn.pl\/wp-content\/uploads\/2016\/10\/DSCN9552-www.jpg 1024w, https:\/\/www.milosnicylasu.olsztyn.pl\/wp-content\/uploads\/2016\/10\/DSCN9552-www-400x300.jpg 400w\" sizes=\"auto, (max-width: 300px) 100vw, 300px\" \/><\/a>Niemiecka linia obronna nazywana Tr\u00f3jk\u0105tem Lidzbarskim by\u0142a pierwszym zespo\u0142em fortyfikacji zbudowanym po I wojnie \u015bw. w Prusach Wschodnich. Powsta\u0142a na pocz\u0105tku lat 30. ub. wieku i obejmowa\u0142a tereny pomi\u0119dzy Malborkiem, Mr\u0105gowem i Kr\u00f3lewcem. Nazwa mia\u0142a charakter propagandowy, bo \u00a0zgodnie z ograniczeniami zbroje\u0144 narzuconymi po Traktacie Wersalskim &#8211; Niemcy mogli budowa\u0107 takie umocnienia tylko w rejonie Lidzbarka Warmi\u0144skiego.<\/p>\n<p><!-- block end --> <!-- block open --><\/p>\n<p class=\"hyphenate\">Po doj\u015bciu Hitlera do w\u0142adzy lini\u0119 tych umocnie\u0144 rozbudowano tak, by os\u0142ania\u0142a pier\u015bcieniem stolic\u0119 prowincji &#8211; Kr\u00f3lewiec. Szacuje si\u0119, \u017ce liczy\u0142a ponad 800 schron\u00f3w bojowych oraz kilkaset schron\u00f3w obserwacyjnych i biernych oraz punkt\u00f3w dowodzenia i \u0142\u0105czno\u015bci. W wi\u0119kszo\u015bci by\u0142y to niewielkie bunkry ze stanowiskami karabin\u00f3w maszynowych. Fortyfikacje ukryto w lasach, co mia\u0142o chroni\u0107 je przed atakami czo\u0142g\u00f3w i ogniem artylerii.<a href=\"http:\/\/www.milosnicylasu.olsztyn.pl\/wp-content\/uploads\/2016\/10\/DSCN9551-www.jpg\" rel=\"attachment wp-att-3210\" data-rel=\"lightbox-image-1\" data-magnific_type=\"image\" data-rl_title=\"\" data-rl_caption=\"\" title=\"\"><img loading=\"lazy\" decoding=\"async\" class=\"size-medium wp-image-3210 alignright\" src=\"http:\/\/www.milosnicylasu.olsztyn.pl\/wp-content\/uploads\/2016\/10\/DSCN9551-www-300x225.jpg\" alt=\"dscn9551-www\" width=\"300\" height=\"225\" srcset=\"https:\/\/www.milosnicylasu.olsztyn.pl\/wp-content\/uploads\/2016\/10\/DSCN9551-www-300x225.jpg 300w, https:\/\/www.milosnicylasu.olsztyn.pl\/wp-content\/uploads\/2016\/10\/DSCN9551-www-768x576.jpg 768w, https:\/\/www.milosnicylasu.olsztyn.pl\/wp-content\/uploads\/2016\/10\/DSCN9551-www.jpg 1024w, https:\/\/www.milosnicylasu.olsztyn.pl\/wp-content\/uploads\/2016\/10\/DSCN9551-www-400x300.jpg 400w\" sizes=\"auto, (max-width: 300px) 100vw, 300px\" \/><\/a><\/p>\n<p><!-- block end --> <!-- block open --><\/p>\n<p>&nbsp;<\/p>\n<p>Na terenie Nadle\u015bnictwa Orneta znajduje si\u0119 najd\u0142u\u017cszy w Polsce fragment tej linii (35 km), sk\u0142adaj\u0105cy si\u0119 z blisko 250 r\u00f3\u017cnego rodzaju budowli, w tym 204 schron\u00f3w r\u00f3\u017cnego typu.<\/p>\n<p>\u015acie\u017cka zosta\u0142a wyposa\u017cona w 12 tablic, kt\u00f3re umo\u017cliwiaj\u0105 indywidualne zwiedzanie. D\u0142ugo\u015b\u0107 \u015bcie\u017cki to oko\u0142o 1500 metr\u00f3w,<\/p>\n","protected":false},"excerpt":{"rendered":"<p>Zwiedzili\u015bmy Ornet\u0119, ko\u015bci\u00f3\u0142 w Ba\u017cynach i w Chwal\u0119cinie a nast\u0119pnie le\u015bnicy z Nadle\u015bnictwa Orneta zaprosili nas do zwiedzenia Szlaku Fortyfikacji Tr\u00f3jk\u0105ta Lidzbarskiego, kt\u00f3ry powsta\u0142 dzi\u0119ki Nadle\u015bnictwu. Mi\u0142o nam, \u017ce \u00a0w tworzeniu le\u015bnego skansenu fortyfikacji pomagali cz\u0142onkowie Grupy Rekonstrukcji Historycznej &#8222;Allenstein&#8221; z Olsztyna. Oczyszczono wn\u0119trza bunkr\u00f3w, wyci\u0119to zaro\u015bla przy doj\u015bciu do nich i odbudowano fragmenty dawnych [&hellip;]<\/p>\n","protected":false},"author":2,"featured_media":0,"comment_status":"open","ping_status":"open","sticky":false,"template":"","format":"standard","meta":{"footnotes":""},"categories":[1,9,5],"tags":[],"class_list":["post-3209","post","type-post","status-publish","format-standard","hentry","category-bez-kategorii","category-ciekawostki","category-wycieczki"],"_links":{"self":[{"href":"https:\/\/www.milosnicylasu.olsztyn.pl\/index.php?rest_route=\/wp\/v2\/posts\/3209","targetHints":{"allow":["GET"]}}],"collection":[{"href":"https:\/\/www.milosnicylasu.olsztyn.pl\/index.php?rest_route=\/wp\/v2\/posts"}],"about":[{"href":"https:\/\/www.milosnicylasu.olsztyn.pl\/index.php?rest_route=\/wp\/v2\/types\/post"}],"author":[{"embeddable":true,"href":"https:\/\/www.milosnicylasu.olsztyn.pl\/index.php?rest_route=\/wp\/v2\/users\/2"}],"replies":[{"embeddable":true,"href":"https:\/\/www.milosnicylasu.olsztyn.pl\/index.php?rest_route=%2Fwp%2Fv2%2Fcomments&post=3209"}],"version-history":[{"count":4,"href":"https:\/\/www.milosnicylasu.olsztyn.pl\/index.php?rest_route=\/wp\/v2\/posts\/3209\/revisions"}],"predecessor-version":[{"id":3218,"href":"https:\/\/www.milosnicylasu.olsztyn.pl\/index.php?rest_route=\/wp\/v2\/posts\/3209\/revisions\/3218"}],"wp:attachment":[{"href":"https:\/\/www.milosnicylasu.olsztyn.pl\/index.php?rest_route=%2Fwp%2Fv2%2Fmedia&parent=3209"}],"wp:term":[{"taxonomy":"category","embeddable":true,"href":"https:\/\/www.milosnicylasu.olsztyn.pl\/index.php?rest_route=%2Fwp%2Fv2%2Fcategories&post=3209"},{"taxonomy":"post_tag","embeddable":true,"href":"https:\/\/www.milosnicylasu.olsztyn.pl\/index.php?rest_route=%2Fwp%2Fv2%2Ftags&post=3209"}],"curies":[{"name":"wp","href":"https:\/\/api.w.org\/{rel}","templated":true}]}}