{"id":3219,"date":"2016-10-28T06:29:39","date_gmt":"2016-10-28T04:29:39","guid":{"rendered":"http:\/\/www.milosnicylasu.olsztyn.pl\/?p=3219"},"modified":"2016-10-28T06:29:49","modified_gmt":"2016-10-28T04:29:49","slug":"orneta-i-okolice-cz-iv-podziekowanie","status":"publish","type":"post","link":"https:\/\/www.milosnicylasu.olsztyn.pl\/?p=3219","title":{"rendered":"Orneta i okolice&#8230;&#8230;Cz.IV Podzi\u0119kowanie"},"content":{"rendered":"<p>Trudno uwierzy\u0107, \u017ce w ci\u0105gu kilku godzin, tego szarego, czasem osnutego jesienn\u0105 mg\u0142\u0105 dnia, tak wiele mogli\u015bmy zobaczy\u0107, dowiedzie\u0107 si\u0119 \u00a0i \u00a0nauczy\u0107. To by\u0142a bogata, pi\u0119kna lekcja, jak\u017ce nieraz trudnej historii \u00a0teren\u00f3w na kt\u00f3rych \u017cyjemy.<\/p>\n<p>Nadle\u015bniczemu Nadle\u015bnictwa Orneta Panu Piotrowi Matusikowi dzi\u0119kujemy serdecznie za zaproszenie. By\u0142a to dla nas niebywa\u0142a okazja poznania wielu ciekawych rzeczy, ale te\u017c \u00a0ponownego spotkania z wspania\u0142ymi le\u015bnikami. Pragniemy tak\u017ce \u00a0pogratulowa\u0107 niezwykle sprawnej organizacji wysokiego poziomu naszego pobytu. Mamy nadziej\u0119, \u017ce w przysz\u0142o\u015bci &#8230; tak,tak &#8230; Pan Piotr ju\u017c nas zaprasza\u0142 w czasie podsumowania pi\u0105tkowego spotkania. Chcieliby\u015bmy te\u017c gor\u0105co podzi\u0119kowa\u0107 Paniom Dorocie Wielgosz, Barbarze Widerskiej, Aleksandrze Pielas, \u00a0Panom Tomaszowi Nowakowi, Leonowi Kmiotkowi &#8211; osobom, dzi\u0119ki kt\u00f3rym ten wyjazd m\u00f3g\u0142 si\u0119 odby\u0107.<a href=\"http:\/\/www.milosnicylasu.olsztyn.pl\/wp-content\/uploads\/2016\/10\/DSCN9539-www.jpg\" rel=\"attachment wp-att-3222\" data-rel=\"lightbox-image-0\" data-magnific_type=\"image\" data-rl_title=\"\" data-rl_caption=\"\" title=\"\"><img loading=\"lazy\" decoding=\"async\" class=\"size-medium wp-image-3222 alignleft\" src=\"http:\/\/www.milosnicylasu.olsztyn.pl\/wp-content\/uploads\/2016\/10\/DSCN9539-www-300x225.jpg\" alt=\"dscn9539-www\" width=\"300\" height=\"225\" srcset=\"https:\/\/www.milosnicylasu.olsztyn.pl\/wp-content\/uploads\/2016\/10\/DSCN9539-www-300x225.jpg 300w, https:\/\/www.milosnicylasu.olsztyn.pl\/wp-content\/uploads\/2016\/10\/DSCN9539-www-768x576.jpg 768w, https:\/\/www.milosnicylasu.olsztyn.pl\/wp-content\/uploads\/2016\/10\/DSCN9539-www.jpg 1024w, https:\/\/www.milosnicylasu.olsztyn.pl\/wp-content\/uploads\/2016\/10\/DSCN9539-www-400x300.jpg 400w\" sizes=\"auto, (max-width: 300px) 100vw, 300px\" \/><\/a><\/p>\n<p>Wszystkim serdecznie dzi\u0119kujemy.<\/p>\n<p><a href=\"http:\/\/www.milosnicylasu.olsztyn.pl\/wp-content\/uploads\/2016\/10\/DSCN9534-www.jpg\" rel=\"attachment wp-att-3220\" data-rel=\"lightbox-image-1\" data-magnific_type=\"image\" data-rl_title=\"\" data-rl_caption=\"\" title=\"\"><img loading=\"lazy\" decoding=\"async\" class=\"size-medium wp-image-3220 alignleft\" src=\"http:\/\/www.milosnicylasu.olsztyn.pl\/wp-content\/uploads\/2016\/10\/DSCN9534-www-300x225.jpg\" alt=\"dscn9534-www\" width=\"300\" height=\"225\" srcset=\"https:\/\/www.milosnicylasu.olsztyn.pl\/wp-content\/uploads\/2016\/10\/DSCN9534-www-300x225.jpg 300w, https:\/\/www.milosnicylasu.olsztyn.pl\/wp-content\/uploads\/2016\/10\/DSCN9534-www-768x576.jpg 768w, https:\/\/www.milosnicylasu.olsztyn.pl\/wp-content\/uploads\/2016\/10\/DSCN9534-www.jpg 1024w, https:\/\/www.milosnicylasu.olsztyn.pl\/wp-content\/uploads\/2016\/10\/DSCN9534-www-400x300.jpg 400w\" sizes=\"auto, (max-width: 300px) 100vw, 300px\" \/><\/a><\/p>\n<p>A w ramach naszej wdzi\u0119czno\u015bci, przy ognisku, kt\u00f3re ko\u0144czy\u0142o nasze spotkanie w go\u015bcinnym Nadle\u015bnictwie, Prezes Ko\u0142a Anatol Leszczy\u0144ski przekaza\u0142 puchar z napisem:<\/p>\n<p>&#8222;<strong><em>Pracownikom Nadle\u015bnictwa Orneta od wdzi\u0119cznych cz\u0142onk\u00f3w Ko\u0142a Mi\u0142o\u015bnik\u00f3w Lasu i Militari\u00f3w LOK przy ATW w Olsztynie \u00a021.10.2016 r.<\/em><\/strong><\/p>\n<p><strong>Wr\u0119czono te\u017c \u00a0wyr\u00f3\u017cnienia, kt\u00f3re przyzna\u0142 Zarz\u0105d Krajowy Ligi Obrony Kraju. Na r\u0119ce Nadle\u015bniczego \u00a0przekazano odznaczenie zbiorowe \u00a0dla Nadle\u015bnictwa Orneta &#8221; Medal Za Zas\u0142ugi Dla Ligi Obrony Kraju&#8221; \u00a0 oraz Panu Piotrowi Matusikowi &#8211; Srebrn\u0105 Odznak\u0119 Zas\u0142u\u017cony Dzia\u0142acz Ligi Obrony Kraju.<\/strong><\/p>\n<p><strong>Gratulujemy!\u00a0<\/strong><\/p>\n","protected":false},"excerpt":{"rendered":"<p>Trudno uwierzy\u0107, \u017ce w ci\u0105gu kilku godzin, tego szarego, czasem osnutego jesienn\u0105 mg\u0142\u0105 dnia, tak wiele mogli\u015bmy zobaczy\u0107, dowiedzie\u0107 si\u0119 \u00a0i \u00a0nauczy\u0107. To by\u0142a bogata, pi\u0119kna lekcja, jak\u017ce nieraz trudnej historii \u00a0teren\u00f3w na kt\u00f3rych \u017cyjemy. Nadle\u015bniczemu Nadle\u015bnictwa Orneta Panu Piotrowi Matusikowi dzi\u0119kujemy serdecznie za zaproszenie. By\u0142a to dla nas niebywa\u0142a okazja poznania wielu ciekawych rzeczy, [&hellip;]<\/p>\n","protected":false},"author":2,"featured_media":0,"comment_status":"open","ping_status":"open","sticky":false,"template":"","format":"standard","meta":{"footnotes":""},"categories":[1,6,5],"tags":[],"class_list":["post-3219","post","type-post","status-publish","format-standard","hentry","category-bez-kategorii","category-odznaczenia","category-wycieczki"],"_links":{"self":[{"href":"https:\/\/www.milosnicylasu.olsztyn.pl\/index.php?rest_route=\/wp\/v2\/posts\/3219","targetHints":{"allow":["GET"]}}],"collection":[{"href":"https:\/\/www.milosnicylasu.olsztyn.pl\/index.php?rest_route=\/wp\/v2\/posts"}],"about":[{"href":"https:\/\/www.milosnicylasu.olsztyn.pl\/index.php?rest_route=\/wp\/v2\/types\/post"}],"author":[{"embeddable":true,"href":"https:\/\/www.milosnicylasu.olsztyn.pl\/index.php?rest_route=\/wp\/v2\/users\/2"}],"replies":[{"embeddable":true,"href":"https:\/\/www.milosnicylasu.olsztyn.pl\/index.php?rest_route=%2Fwp%2Fv2%2Fcomments&post=3219"}],"version-history":[{"count":2,"href":"https:\/\/www.milosnicylasu.olsztyn.pl\/index.php?rest_route=\/wp\/v2\/posts\/3219\/revisions"}],"predecessor-version":[{"id":3223,"href":"https:\/\/www.milosnicylasu.olsztyn.pl\/index.php?rest_route=\/wp\/v2\/posts\/3219\/revisions\/3223"}],"wp:attachment":[{"href":"https:\/\/www.milosnicylasu.olsztyn.pl\/index.php?rest_route=%2Fwp%2Fv2%2Fmedia&parent=3219"}],"wp:term":[{"taxonomy":"category","embeddable":true,"href":"https:\/\/www.milosnicylasu.olsztyn.pl\/index.php?rest_route=%2Fwp%2Fv2%2Fcategories&post=3219"},{"taxonomy":"post_tag","embeddable":true,"href":"https:\/\/www.milosnicylasu.olsztyn.pl\/index.php?rest_route=%2Fwp%2Fv2%2Ftags&post=3219"}],"curies":[{"name":"wp","href":"https:\/\/api.w.org\/{rel}","templated":true}]}}