{"id":3224,"date":"2016-10-28T06:45:15","date_gmt":"2016-10-28T04:45:15","guid":{"rendered":"http:\/\/www.milosnicylasu.olsztyn.pl\/?p=3224"},"modified":"2016-10-28T07:06:22","modified_gmt":"2016-10-28T05:06:22","slug":"nasz-udzial-w-inwentaryzacji-dzikow","status":"publish","type":"post","link":"https:\/\/www.milosnicylasu.olsztyn.pl\/?p=3224","title":{"rendered":"Nasz udzia\u0142 w inwentaryzacji dzik\u00f3w"},"content":{"rendered":"<p><a href=\"http:\/\/www.milosnicylasu.olsztyn.pl\/wp-content\/uploads\/2016\/10\/IMG_1913-www.jpg\" rel=\"attachment wp-att-3226\" data-rel=\"lightbox-image-0\" data-magnific_type=\"image\" data-rl_title=\"\" data-rl_caption=\"\" title=\"\"><img loading=\"lazy\" decoding=\"async\" class=\"size-medium wp-image-3226 alignleft\" src=\"http:\/\/www.milosnicylasu.olsztyn.pl\/wp-content\/uploads\/2016\/10\/IMG_1913-www-300x225.jpg\" alt=\"img_1913-www\" width=\"300\" height=\"225\" srcset=\"https:\/\/www.milosnicylasu.olsztyn.pl\/wp-content\/uploads\/2016\/10\/IMG_1913-www-300x225.jpg 300w, https:\/\/www.milosnicylasu.olsztyn.pl\/wp-content\/uploads\/2016\/10\/IMG_1913-www-768x576.jpg 768w, https:\/\/www.milosnicylasu.olsztyn.pl\/wp-content\/uploads\/2016\/10\/IMG_1913-www.jpg 1024w, https:\/\/www.milosnicylasu.olsztyn.pl\/wp-content\/uploads\/2016\/10\/IMG_1913-www-400x300.jpg 400w\" sizes=\"auto, (max-width: 300px) 100vw, 300px\" \/><\/a>Mimo deszczowej pogody, 22 pa\u017adziernika &#8211; 18 \u00a0cz\u0142onk\u00f3w Ko\u0142a wzi\u0119\u0142o udzia\u0142 w inwentaryzacji dzik\u00f3w na terenie Le\u015bnictwa Stary Dw\u00f3r. Liczenia dokonali le\u015bnicy, my\u015bliwi, przedstawiciele plac\u00f3wek badawczych oraz przedstawiciele innych zaproszonych instytucji, w tym nasze Ko\u0142o.<\/p>\n<p>&nbsp;<\/p>\n<p><a href=\"http:\/\/www.milosnicylasu.olsztyn.pl\/wp-content\/uploads\/2016\/10\/IMG_1911-www.jpg\" rel=\"attachment wp-att-3227\" data-rel=\"lightbox-image-1\" data-magnific_type=\"image\" data-rl_title=\"\" data-rl_caption=\"\" title=\"\"><img loading=\"lazy\" decoding=\"async\" class=\"size-medium wp-image-3227 alignright\" src=\"http:\/\/www.milosnicylasu.olsztyn.pl\/wp-content\/uploads\/2016\/10\/IMG_1911-www-300x225.jpg\" alt=\"img_1911-www\" width=\"300\" height=\"225\" srcset=\"https:\/\/www.milosnicylasu.olsztyn.pl\/wp-content\/uploads\/2016\/10\/IMG_1911-www-300x225.jpg 300w, https:\/\/www.milosnicylasu.olsztyn.pl\/wp-content\/uploads\/2016\/10\/IMG_1911-www-768x576.jpg 768w, https:\/\/www.milosnicylasu.olsztyn.pl\/wp-content\/uploads\/2016\/10\/IMG_1911-www.jpg 1024w, https:\/\/www.milosnicylasu.olsztyn.pl\/wp-content\/uploads\/2016\/10\/IMG_1911-www-400x300.jpg 400w\" sizes=\"auto, (max-width: 300px) 100vw, 300px\" \/><\/a>A zaprosi\u0142 nas\u00a0Pan Grzegorz Jeznach Z-ca Nadle\u015bniczego Nadle\u015bnictwa Kudypy.<\/p>\n<p>Inwentaryzacja mia\u0142a na celu oszacowanie liczebno\u015bci tego gatunku i jego zag\u0119szczenia na danym terenie. Jest to szczeg\u00f3lnie wa\u017cna informacja w kontek\u015bcie walki z zagro\u017ceniem rozprzestrzenienia si\u0119 wirusa ASF (Afryka\u0144skiego Pomoru \u00a0\u015awi\u0144) i powstaj\u0105cych szk\u00f3d \u0142owieckich.<\/p>\n<p>By\u0142o to dla nas nowe do\u015bwiadczenie &#8211; le\u015bna lekcja w terenie.<\/p>\n<p>Zdj\u0119cia przes\u0142a\u0142a Wiesia Filipek &#8211; dzi\u0119kujemy.<\/p>\n<p>&nbsp;<\/p>\n","protected":false},"excerpt":{"rendered":"<p>Mimo deszczowej pogody, 22 pa\u017adziernika &#8211; 18 \u00a0cz\u0142onk\u00f3w Ko\u0142a wzi\u0119\u0142o udzia\u0142 w inwentaryzacji dzik\u00f3w na terenie Le\u015bnictwa Stary Dw\u00f3r. Liczenia dokonali le\u015bnicy, my\u015bliwi, przedstawiciele plac\u00f3wek badawczych oraz przedstawiciele innych zaproszonych instytucji, w tym nasze Ko\u0142o. &nbsp; A zaprosi\u0142 nas\u00a0Pan Grzegorz Jeznach Z-ca Nadle\u015bniczego Nadle\u015bnictwa Kudypy. Inwentaryzacja mia\u0142a na celu oszacowanie liczebno\u015bci tego gatunku i jego [&hellip;]<\/p>\n","protected":false},"author":2,"featured_media":0,"comment_status":"open","ping_status":"open","sticky":false,"template":"","format":"standard","meta":{"footnotes":""},"categories":[1,9,17],"tags":[],"class_list":["post-3224","post","type-post","status-publish","format-standard","hentry","category-bez-kategorii","category-ciekawostki","category-edukacja-w-terenie"],"_links":{"self":[{"href":"https:\/\/www.milosnicylasu.olsztyn.pl\/index.php?rest_route=\/wp\/v2\/posts\/3224","targetHints":{"allow":["GET"]}}],"collection":[{"href":"https:\/\/www.milosnicylasu.olsztyn.pl\/index.php?rest_route=\/wp\/v2\/posts"}],"about":[{"href":"https:\/\/www.milosnicylasu.olsztyn.pl\/index.php?rest_route=\/wp\/v2\/types\/post"}],"author":[{"embeddable":true,"href":"https:\/\/www.milosnicylasu.olsztyn.pl\/index.php?rest_route=\/wp\/v2\/users\/2"}],"replies":[{"embeddable":true,"href":"https:\/\/www.milosnicylasu.olsztyn.pl\/index.php?rest_route=%2Fwp%2Fv2%2Fcomments&post=3224"}],"version-history":[{"count":4,"href":"https:\/\/www.milosnicylasu.olsztyn.pl\/index.php?rest_route=\/wp\/v2\/posts\/3224\/revisions"}],"predecessor-version":[{"id":3228,"href":"https:\/\/www.milosnicylasu.olsztyn.pl\/index.php?rest_route=\/wp\/v2\/posts\/3224\/revisions\/3228"}],"wp:attachment":[{"href":"https:\/\/www.milosnicylasu.olsztyn.pl\/index.php?rest_route=%2Fwp%2Fv2%2Fmedia&parent=3224"}],"wp:term":[{"taxonomy":"category","embeddable":true,"href":"https:\/\/www.milosnicylasu.olsztyn.pl\/index.php?rest_route=%2Fwp%2Fv2%2Fcategories&post=3224"},{"taxonomy":"post_tag","embeddable":true,"href":"https:\/\/www.milosnicylasu.olsztyn.pl\/index.php?rest_route=%2Fwp%2Fv2%2Ftags&post=3224"}],"curies":[{"name":"wp","href":"https:\/\/api.w.org\/{rel}","templated":true}]}}