{"id":3232,"date":"2016-11-05T19:15:52","date_gmt":"2016-11-05T18:15:52","guid":{"rendered":"http:\/\/www.milosnicylasu.olsztyn.pl\/?p=3232"},"modified":"2016-11-05T19:15:52","modified_gmt":"2016-11-05T18:15:52","slug":"listopadowe-spotkanie-kola","status":"publish","type":"post","link":"https:\/\/www.milosnicylasu.olsztyn.pl\/?p=3232","title":{"rendered":"Listopadowe spotkanie Ko\u0142a"},"content":{"rendered":"<p><a href=\"http:\/\/www.milosnicylasu.olsztyn.pl\/wp-content\/uploads\/2016\/11\/DSCN9602-www.jpg\" rel=\"attachment wp-att-3237\" data-rel=\"lightbox-image-0\" data-magnific_type=\"image\" data-rl_title=\"\" data-rl_caption=\"\" title=\"\"><img loading=\"lazy\" decoding=\"async\" class=\"size-medium wp-image-3237 alignleft\" src=\"http:\/\/www.milosnicylasu.olsztyn.pl\/wp-content\/uploads\/2016\/11\/DSCN9602-www-300x225.jpg\" alt=\"dscn9602-www\" width=\"300\" height=\"225\" srcset=\"https:\/\/www.milosnicylasu.olsztyn.pl\/wp-content\/uploads\/2016\/11\/DSCN9602-www-300x225.jpg 300w, https:\/\/www.milosnicylasu.olsztyn.pl\/wp-content\/uploads\/2016\/11\/DSCN9602-www-768x576.jpg 768w, https:\/\/www.milosnicylasu.olsztyn.pl\/wp-content\/uploads\/2016\/11\/DSCN9602-www.jpg 1024w, https:\/\/www.milosnicylasu.olsztyn.pl\/wp-content\/uploads\/2016\/11\/DSCN9602-www-400x300.jpg 400w\" sizes=\"auto, (max-width: 300px) 100vw, 300px\" \/><\/a>3 listopada 2016 r. cz\u0142onkowie Ko\u0142a Mi\u0142o\u015bnik\u00f3w Lasu i Militari\u00f3w spotkali si\u0119 na kolejnym czwartku ekologicznym w Regionalnej Dyrekcji Las\u00f3w Pa\u0144stwowych w Olsztynie.<\/p>\n<p>W czasie zebrania mogli\u015bmy ogl\u0105dn\u0105\u0107 bardzo ciekawe 2 filmy W\u0142odzimierza Puchalskiego &#8221; Na ptasiej Wyspie&#8221;z 1947 i \u00a0&#8222;Wykluwanie si\u0119 i rozw\u00f3j piskl\u0105t&#8221; z 1948 roku.<\/p>\n<p>Filmy s\u0105 pi\u0119kne. Zdj\u0119cia wci\u0105\u017c zachwycaj\u0105 doskona\u0142o\u015bci\u0105 i sposobem przekazywania przyrody.<\/p>\n<p>W drugiej cz\u0119\u015bci spotkania prezes Ko\u0142a Anatol Leszczy\u0144ski podsumowa\u0142 dzia\u0142alno\u015b\u0107 Ko\u0142a w pa\u017adzierniku, a dzia\u0142o si\u0119 wiele: rajdy, liczenie dzik\u00f3we, wycieczka do Nadle\u015bnictwa Orneta, treningi strzeleckie i konkursy w kt\u00f3rych wzi\u0119\u0142o udzia\u0142 wiele os\u00f3b z r\u00f3\u017cnych stron kraju. Zwyci\u0119scy otrzymali nagrody, medale.<\/p>\n<p>Najlepiej odpowiadaj\u0105cym na pytania konkursowe okaza\u0142 si\u0119 Waldek Chrzanowski, kt\u00f3ry jako pierwszy napisa\u0142, \u017ce zdj\u0119cie fontanny zosta\u0142o zrobione w Prabutach. By\u0142 te\u017c jednym z pierwszych, kt\u00f3ry udzieli\u0142 prawid\u0142owych odpowiedzi w konkursie &#8221; Grzyby&#8221;. A nie by\u0142 to konkurs \u0142atwy, z 19 przes\u0142anych, tylko 8 prac by\u0142o prawid\u0142owych. Wszystkie prawid\u0142owe odpowiedzi zosta\u0142y nagrodzone ksi\u0105\u017ckami.<\/p>\n<p><a href=\"http:\/\/www.milosnicylasu.olsztyn.pl\/wp-content\/uploads\/2016\/11\/DSCN9606-www.jpg\" rel=\"attachment wp-att-3238\" data-rel=\"lightbox-image-1\" data-magnific_type=\"image\" data-rl_title=\"\" data-rl_caption=\"\" title=\"\"><img loading=\"lazy\" decoding=\"async\" class=\"size-medium wp-image-3238 alignright\" src=\"http:\/\/www.milosnicylasu.olsztyn.pl\/wp-content\/uploads\/2016\/11\/DSCN9606-www-300x225.jpg\" alt=\"dscn9606-www\" width=\"300\" height=\"225\" srcset=\"https:\/\/www.milosnicylasu.olsztyn.pl\/wp-content\/uploads\/2016\/11\/DSCN9606-www-300x225.jpg 300w, https:\/\/www.milosnicylasu.olsztyn.pl\/wp-content\/uploads\/2016\/11\/DSCN9606-www-768x576.jpg 768w, https:\/\/www.milosnicylasu.olsztyn.pl\/wp-content\/uploads\/2016\/11\/DSCN9606-www.jpg 1024w, https:\/\/www.milosnicylasu.olsztyn.pl\/wp-content\/uploads\/2016\/11\/DSCN9606-www-400x300.jpg 400w\" sizes=\"auto, (max-width: 300px) 100vw, 300px\" \/><\/a>W konkursie przygotowanym przez Waldka Chrzanowskiego z okazji &#8221; Mi\u0119dzynarodowego Dnia Drzewa&#8221;, najlepiej odpowiadaj\u0105cy otrzymali medale: Ela Piwo\u0144ska &#8211; z\u0142oty, Daniela Tyl &#8211; srebrny, a Teresa Mielczarska br\u0105zowy medal. Nagrod\u0119 specjaln\u0105 &#8211; z\u0142oty medal otrzyma\u0142a Rysia Wiejek za wiersz. Gratulujemy weny tw\u00f3rczej.<\/p>\n<p>Medale te\u017c otrzymali wszyscy uczestnicy &#8221; Jesiennego Marszu na Orientacj\u0119&#8221;. Natomiast ksi\u0105\u017cki otrzyma\u0142y osoby, kt\u00f3re zwyci\u0119\u017cy\u0142y w &#8221; Grzybobraniu 2016&#8243;- Ma\u0142gosia Pacyga, Daniela Tyl i Wies\u0142awa Filipek. \u00a0Gratulujemy znajomo\u015bci grzyb\u00f3w i umiej\u0119tno\u015bci ich znalezienia w kolorowym poszyciu lasu.<\/p>\n<p>Bardzo wa\u017cnym tematem, kt\u00f3ry by\u0142 przedyskutowany podczas czwartkowego spotkania, by\u0142y propozycje Zarz\u0105du Ko\u0142a do planu pracy na 2017 rok. Zamierzenia, kt\u00f3re uzyska\u0142y najwi\u0119ksz\u0105 akceptacj\u0119 cz\u0142onk\u00f3w Ko\u0142a zostan\u0105 uj\u0119te w planie.<\/p>\n","protected":false},"excerpt":{"rendered":"<p>3 listopada 2016 r. cz\u0142onkowie Ko\u0142a Mi\u0142o\u015bnik\u00f3w Lasu i Militari\u00f3w spotkali si\u0119 na kolejnym czwartku ekologicznym w Regionalnej Dyrekcji Las\u00f3w Pa\u0144stwowych w Olsztynie. W czasie zebrania mogli\u015bmy ogl\u0105dn\u0105\u0107 bardzo ciekawe 2 filmy W\u0142odzimierza Puchalskiego &#8221; Na ptasiej Wyspie&#8221;z 1947 i \u00a0&#8222;Wykluwanie si\u0119 i rozw\u00f3j piskl\u0105t&#8221; z 1948 roku. Filmy s\u0105 pi\u0119kne. Zdj\u0119cia wci\u0105\u017c zachwycaj\u0105 doskona\u0142o\u015bci\u0105 [&hellip;]<\/p>\n","protected":false},"author":2,"featured_media":0,"comment_status":"open","ping_status":"open","sticky":false,"template":"","format":"standard","meta":{"footnotes":""},"categories":[1,9,3],"tags":[],"class_list":["post-3232","post","type-post","status-publish","format-standard","hentry","category-bez-kategorii","category-ciekawostki","category-zebrania"],"_links":{"self":[{"href":"https:\/\/www.milosnicylasu.olsztyn.pl\/index.php?rest_route=\/wp\/v2\/posts\/3232","targetHints":{"allow":["GET"]}}],"collection":[{"href":"https:\/\/www.milosnicylasu.olsztyn.pl\/index.php?rest_route=\/wp\/v2\/posts"}],"about":[{"href":"https:\/\/www.milosnicylasu.olsztyn.pl\/index.php?rest_route=\/wp\/v2\/types\/post"}],"author":[{"embeddable":true,"href":"https:\/\/www.milosnicylasu.olsztyn.pl\/index.php?rest_route=\/wp\/v2\/users\/2"}],"replies":[{"embeddable":true,"href":"https:\/\/www.milosnicylasu.olsztyn.pl\/index.php?rest_route=%2Fwp%2Fv2%2Fcomments&post=3232"}],"version-history":[{"count":2,"href":"https:\/\/www.milosnicylasu.olsztyn.pl\/index.php?rest_route=\/wp\/v2\/posts\/3232\/revisions"}],"predecessor-version":[{"id":3239,"href":"https:\/\/www.milosnicylasu.olsztyn.pl\/index.php?rest_route=\/wp\/v2\/posts\/3232\/revisions\/3239"}],"wp:attachment":[{"href":"https:\/\/www.milosnicylasu.olsztyn.pl\/index.php?rest_route=%2Fwp%2Fv2%2Fmedia&parent=3232"}],"wp:term":[{"taxonomy":"category","embeddable":true,"href":"https:\/\/www.milosnicylasu.olsztyn.pl\/index.php?rest_route=%2Fwp%2Fv2%2Fcategories&post=3232"},{"taxonomy":"post_tag","embeddable":true,"href":"https:\/\/www.milosnicylasu.olsztyn.pl\/index.php?rest_route=%2Fwp%2Fv2%2Ftags&post=3232"}],"curies":[{"name":"wp","href":"https:\/\/api.w.org\/{rel}","templated":true}]}}