{"id":3250,"date":"2016-11-07T17:31:26","date_gmt":"2016-11-07T16:31:26","guid":{"rendered":"http:\/\/www.milosnicylasu.olsztyn.pl\/?p=3250"},"modified":"2016-11-07T18:16:54","modified_gmt":"2016-11-07T17:16:54","slug":"jest-takie-miejsce-bardejovske-kupele","status":"publish","type":"post","link":"https:\/\/www.milosnicylasu.olsztyn.pl\/?p=3250","title":{"rendered":"Jest takie miejsce&#8230;&#8230;.Bardejovske Kupele"},"content":{"rendered":"<p><a href=\"http:\/\/www.milosnicylasu.olsztyn.pl\/wp-content\/uploads\/2016\/11\/P9200571-www.jpg\" rel=\"attachment wp-att-3261\" data-rel=\"lightbox-image-0\" data-magnific_type=\"image\" data-rl_title=\"\" data-rl_caption=\"\" title=\"\"><img loading=\"lazy\" decoding=\"async\" class=\"size-medium wp-image-3261 alignleft\" src=\"http:\/\/www.milosnicylasu.olsztyn.pl\/wp-content\/uploads\/2016\/11\/P9200571-www-300x225.jpg\" alt=\"OLYMPUS DIGITAL CAMERA\" width=\"300\" height=\"225\" srcset=\"https:\/\/www.milosnicylasu.olsztyn.pl\/wp-content\/uploads\/2016\/11\/P9200571-www-300x225.jpg 300w, https:\/\/www.milosnicylasu.olsztyn.pl\/wp-content\/uploads\/2016\/11\/P9200571-www-768x576.jpg 768w, https:\/\/www.milosnicylasu.olsztyn.pl\/wp-content\/uploads\/2016\/11\/P9200571-www.jpg 1024w, https:\/\/www.milosnicylasu.olsztyn.pl\/wp-content\/uploads\/2016\/11\/P9200571-www-400x300.jpg 400w\" sizes=\"auto, (max-width: 300px) 100vw, 300px\" \/><\/a><\/p>\n<p><strong>Bardejovske Kupele <\/strong>znajduj\u0105 si\u0119 w malowniczej kotlinie Karpat, w Beskidach Niskich na miejscu gdzie \u0142\u0105cz\u0105 si\u0119 g\u00f3ry Odnawa i Busow, w p\u00f3\u0142nocno-wschodniej cz\u0119\u015bci S\u0142owacji, kt\u00f3ra jest bogata w wody mineralne.<br \/>\nBardejowskie Kupele, to do\u015b\u0107 &#8222;stare&#8221; i znane uzdrowisko, w kt\u00f3rym przebywa\u0142y nawet koronowane g\u0142owy Europy.<\/p>\n<p><a href=\"http:\/\/www.milosnicylasu.olsztyn.pl\/wp-content\/uploads\/2016\/11\/P9200674-www.jpg\" rel=\"attachment wp-att-3252\" data-rel=\"lightbox-image-1\" data-magnific_type=\"image\" data-rl_title=\"\" data-rl_caption=\"\" title=\"\"><img loading=\"lazy\" decoding=\"async\" class=\"size-medium wp-image-3252 alignright\" src=\"http:\/\/www.milosnicylasu.olsztyn.pl\/wp-content\/uploads\/2016\/11\/P9200674-www-300x225.jpg\" alt=\"OLYMPUS DIGITAL CAMERA\" width=\"300\" height=\"225\" srcset=\"https:\/\/www.milosnicylasu.olsztyn.pl\/wp-content\/uploads\/2016\/11\/P9200674-www-300x225.jpg 300w, https:\/\/www.milosnicylasu.olsztyn.pl\/wp-content\/uploads\/2016\/11\/P9200674-www-768x576.jpg 768w, https:\/\/www.milosnicylasu.olsztyn.pl\/wp-content\/uploads\/2016\/11\/P9200674-www.jpg 1024w, https:\/\/www.milosnicylasu.olsztyn.pl\/wp-content\/uploads\/2016\/11\/P9200674-www-400x300.jpg 400w\" sizes=\"auto, (max-width: 300px) 100vw, 300px\" \/><\/a><\/p>\n<p>Pomnik jednej z nich, El\u017cbiety Amalii von Wittelsbach (bli\u017cej znana jako El\u017cbieta Bawarska lub Sisi), \u017cony cesarza Franciszka I zosta\u0142 wystawiony w 1903 roku przy jednej z uliczek tego uzdrowiska, przed Domem Zdrojowym. Leczy\u0142 si\u0119 tu tak\u017ce car rosyjski Miko\u0142aj I, a mia\u0142o to miejsce w 1821 roku, co oznajmia pami\u0105tkowa tablica na jednym z budynk\u00f3w.<\/p>\n<p><a href=\"http:\/\/www.milosnicylasu.olsztyn.pl\/wp-content\/uploads\/2016\/11\/P9200681-www.jpg\" rel=\"attachment wp-att-3259\" data-rel=\"lightbox-image-2\" data-magnific_type=\"image\" data-rl_title=\"\" data-rl_caption=\"\" title=\"\"><img loading=\"lazy\" decoding=\"async\" class=\"size-medium wp-image-3259 alignleft\" src=\"http:\/\/www.milosnicylasu.olsztyn.pl\/wp-content\/uploads\/2016\/11\/P9200681-www-300x225.jpg\" alt=\"OLYMPUS DIGITAL CAMERA\" width=\"300\" height=\"225\" srcset=\"https:\/\/www.milosnicylasu.olsztyn.pl\/wp-content\/uploads\/2016\/11\/P9200681-www-300x225.jpg 300w, https:\/\/www.milosnicylasu.olsztyn.pl\/wp-content\/uploads\/2016\/11\/P9200681-www-768x576.jpg 768w, https:\/\/www.milosnicylasu.olsztyn.pl\/wp-content\/uploads\/2016\/11\/P9200681-www.jpg 1024w, https:\/\/www.milosnicylasu.olsztyn.pl\/wp-content\/uploads\/2016\/11\/P9200681-www-400x300.jpg 400w\" sizes=\"auto, (max-width: 300px) 100vw, 300px\" \/><\/a><\/p>\n<p>&nbsp;<\/p>\n<p>Leczy\u0142a si\u0119 tutaj nasza kr\u00f3lowa Marysie\u0144ka, kt\u00f3ra te\u017c ma swoj\u0105 tablic\u0119.<\/p>\n<p>&nbsp;<\/p>\n<p><a href=\"http:\/\/www.milosnicylasu.olsztyn.pl\/wp-content\/uploads\/2016\/11\/P9200579-www.jpg\" rel=\"attachment wp-att-3257\" data-rel=\"lightbox-image-3\" data-magnific_type=\"image\" data-rl_title=\"\" data-rl_caption=\"\" title=\"\"><img loading=\"lazy\" decoding=\"async\" class=\"size-medium wp-image-3257 alignright\" src=\"http:\/\/www.milosnicylasu.olsztyn.pl\/wp-content\/uploads\/2016\/11\/P9200579-www-300x225.jpg\" alt=\"OLYMPUS DIGITAL CAMERA\" width=\"300\" height=\"225\" srcset=\"https:\/\/www.milosnicylasu.olsztyn.pl\/wp-content\/uploads\/2016\/11\/P9200579-www-300x225.jpg 300w, https:\/\/www.milosnicylasu.olsztyn.pl\/wp-content\/uploads\/2016\/11\/P9200579-www-768x576.jpg 768w, https:\/\/www.milosnicylasu.olsztyn.pl\/wp-content\/uploads\/2016\/11\/P9200579-www.jpg 1024w, https:\/\/www.milosnicylasu.olsztyn.pl\/wp-content\/uploads\/2016\/11\/P9200579-www-400x300.jpg 400w\" sizes=\"auto, (max-width: 300px) 100vw, 300px\" \/><\/a><\/p>\n<p>Kolejn\u0105 atrakcj\u0105 uzdrowiska jest najstarszy skansen S\u0142owacji z ok. 30 obiektami, kt\u00f3ry jest Oddzia\u0142em Muzeum Szaryskiego z Bardejowa. W\u015br\u00f3d nich pi\u0119kna tr\u00f3jdzielna cerkiew greckokatolicka pw. Opieki Bogurodzicy z Mikulasowej (niedaleko Ni\u017cnej Polianki), a tak\u017ce cerkiew pw. \u015bw. Miko\u0142aja przeniesiona tu ze Zboja w G\u00f3rach Bukowskich, na pograniczu polsko-ukrai\u0144sko-s\u0142owackim.<\/p>\n","protected":false},"excerpt":{"rendered":"<p>Bardejovske Kupele znajduj\u0105 si\u0119 w malowniczej kotlinie Karpat, w Beskidach Niskich na miejscu gdzie \u0142\u0105cz\u0105 si\u0119 g\u00f3ry Odnawa i Busow, w p\u00f3\u0142nocno-wschodniej cz\u0119\u015bci S\u0142owacji, kt\u00f3ra jest bogata w wody mineralne. Bardejowskie Kupele, to do\u015b\u0107 &#8222;stare&#8221; i znane uzdrowisko, w kt\u00f3rym przebywa\u0142y nawet koronowane g\u0142owy Europy. Pomnik jednej z nich, El\u017cbiety Amalii von Wittelsbach (bli\u017cej znana [&hellip;]<\/p>\n","protected":false},"author":2,"featured_media":0,"comment_status":"open","ping_status":"open","sticky":false,"template":"","format":"standard","meta":{"footnotes":""},"categories":[1,9,5],"tags":[],"class_list":["post-3250","post","type-post","status-publish","format-standard","hentry","category-bez-kategorii","category-ciekawostki","category-wycieczki"],"_links":{"self":[{"href":"https:\/\/www.milosnicylasu.olsztyn.pl\/index.php?rest_route=\/wp\/v2\/posts\/3250","targetHints":{"allow":["GET"]}}],"collection":[{"href":"https:\/\/www.milosnicylasu.olsztyn.pl\/index.php?rest_route=\/wp\/v2\/posts"}],"about":[{"href":"https:\/\/www.milosnicylasu.olsztyn.pl\/index.php?rest_route=\/wp\/v2\/types\/post"}],"author":[{"embeddable":true,"href":"https:\/\/www.milosnicylasu.olsztyn.pl\/index.php?rest_route=\/wp\/v2\/users\/2"}],"replies":[{"embeddable":true,"href":"https:\/\/www.milosnicylasu.olsztyn.pl\/index.php?rest_route=%2Fwp%2Fv2%2Fcomments&post=3250"}],"version-history":[{"count":8,"href":"https:\/\/www.milosnicylasu.olsztyn.pl\/index.php?rest_route=\/wp\/v2\/posts\/3250\/revisions"}],"predecessor-version":[{"id":3263,"href":"https:\/\/www.milosnicylasu.olsztyn.pl\/index.php?rest_route=\/wp\/v2\/posts\/3250\/revisions\/3263"}],"wp:attachment":[{"href":"https:\/\/www.milosnicylasu.olsztyn.pl\/index.php?rest_route=%2Fwp%2Fv2%2Fmedia&parent=3250"}],"wp:term":[{"taxonomy":"category","embeddable":true,"href":"https:\/\/www.milosnicylasu.olsztyn.pl\/index.php?rest_route=%2Fwp%2Fv2%2Fcategories&post=3250"},{"taxonomy":"post_tag","embeddable":true,"href":"https:\/\/www.milosnicylasu.olsztyn.pl\/index.php?rest_route=%2Fwp%2Fv2%2Ftags&post=3250"}],"curies":[{"name":"wp","href":"https:\/\/api.w.org\/{rel}","templated":true}]}}