{"id":3264,"date":"2016-11-12T18:41:18","date_gmt":"2016-11-12T17:41:18","guid":{"rendered":"http:\/\/www.milosnicylasu.olsztyn.pl\/?p=3264"},"modified":"2016-11-12T18:48:07","modified_gmt":"2016-11-12T17:48:07","slug":"45-wojewodzki-przeglad-plastyki-nieprofesjonalnej","status":"publish","type":"post","link":"https:\/\/www.milosnicylasu.olsztyn.pl\/?p=3264","title":{"rendered":"45 Wojew\u00f3dzki Przegl\u0105d Plastyki Nieprofesjonalnej"},"content":{"rendered":"<p><a href=\"http:\/\/www.milosnicylasu.olsztyn.pl\/wp-content\/uploads\/2016\/11\/DSCN9660-www.jpg\" rel=\"attachment wp-att-3266\" data-rel=\"lightbox-image-0\" data-magnific_type=\"image\" data-rl_title=\"\" data-rl_caption=\"\" title=\"\"><img loading=\"lazy\" decoding=\"async\" class=\"size-medium wp-image-3266 alignleft\" src=\"http:\/\/www.milosnicylasu.olsztyn.pl\/wp-content\/uploads\/2016\/11\/DSCN9660-www-300x225.jpg\" alt=\"dscn9660-www\" width=\"300\" height=\"225\" srcset=\"https:\/\/www.milosnicylasu.olsztyn.pl\/wp-content\/uploads\/2016\/11\/DSCN9660-www-300x225.jpg 300w, https:\/\/www.milosnicylasu.olsztyn.pl\/wp-content\/uploads\/2016\/11\/DSCN9660-www-768x576.jpg 768w, https:\/\/www.milosnicylasu.olsztyn.pl\/wp-content\/uploads\/2016\/11\/DSCN9660-www.jpg 1024w, https:\/\/www.milosnicylasu.olsztyn.pl\/wp-content\/uploads\/2016\/11\/DSCN9660-www-400x300.jpg 400w\" sizes=\"auto, (max-width: 300px) 100vw, 300px\" \/><\/a>Od 45 lat w Mr\u0105gowie odbywa si\u0119 Wojew\u00f3dzki Przegl\u0105d Plastyki Nieprofesjonalnej. Tw\u00f3rcy z ca\u0142ego wojew\u00f3dztwa dzi\u0119ki temu maj\u0105 okazj\u0119 zaprezentowa\u0107 swoje prace i spotka\u0107 innych artyst\u00f3w, by wymieni\u0107 si\u0119 swoimi tw\u00f3rczymi do\u015bwiadczeniami.<\/p>\n<p>W tegorocznym przegl\u0105dzie\u00a0 udzia\u0142 wzi\u0119li cz\u0142onkowie naszego Ko\u0142a: <strong>Barbara Kowalewska, Krystyna Leszczy\u0144ska i Antoni Jarczyk<\/strong>. Wystaw\u0119 prac mo\u017cna ogl\u0105da\u0107\u00a0 w Centrum Kultury i Turystyki w Mr\u0105gowie jeszcze do 20 listopada. Zapraszamy.<\/p>\n","protected":false},"excerpt":{"rendered":"<p>Od 45 lat w Mr\u0105gowie odbywa si\u0119 Wojew\u00f3dzki Przegl\u0105d Plastyki Nieprofesjonalnej. Tw\u00f3rcy z ca\u0142ego wojew\u00f3dztwa dzi\u0119ki temu maj\u0105 okazj\u0119 zaprezentowa\u0107 swoje prace i spotka\u0107 innych artyst\u00f3w, by wymieni\u0107 si\u0119 swoimi tw\u00f3rczymi do\u015bwiadczeniami. W tegorocznym przegl\u0105dzie\u00a0 udzia\u0142 wzi\u0119li cz\u0142onkowie naszego Ko\u0142a: Barbara Kowalewska, Krystyna Leszczy\u0144ska i Antoni Jarczyk. Wystaw\u0119 prac mo\u017cna ogl\u0105da\u0107\u00a0 w Centrum Kultury i [&hellip;]<\/p>\n","protected":false},"author":2,"featured_media":0,"comment_status":"open","ping_status":"open","sticky":false,"template":"","format":"standard","meta":{"footnotes":""},"categories":[1,9,15,4],"tags":[],"class_list":["post-3264","post","type-post","status-publish","format-standard","hentry","category-bez-kategorii","category-ciekawostki","category-komkurs","category-wystawy"],"_links":{"self":[{"href":"https:\/\/www.milosnicylasu.olsztyn.pl\/index.php?rest_route=\/wp\/v2\/posts\/3264","targetHints":{"allow":["GET"]}}],"collection":[{"href":"https:\/\/www.milosnicylasu.olsztyn.pl\/index.php?rest_route=\/wp\/v2\/posts"}],"about":[{"href":"https:\/\/www.milosnicylasu.olsztyn.pl\/index.php?rest_route=\/wp\/v2\/types\/post"}],"author":[{"embeddable":true,"href":"https:\/\/www.milosnicylasu.olsztyn.pl\/index.php?rest_route=\/wp\/v2\/users\/2"}],"replies":[{"embeddable":true,"href":"https:\/\/www.milosnicylasu.olsztyn.pl\/index.php?rest_route=%2Fwp%2Fv2%2Fcomments&post=3264"}],"version-history":[{"count":4,"href":"https:\/\/www.milosnicylasu.olsztyn.pl\/index.php?rest_route=\/wp\/v2\/posts\/3264\/revisions"}],"predecessor-version":[{"id":3269,"href":"https:\/\/www.milosnicylasu.olsztyn.pl\/index.php?rest_route=\/wp\/v2\/posts\/3264\/revisions\/3269"}],"wp:attachment":[{"href":"https:\/\/www.milosnicylasu.olsztyn.pl\/index.php?rest_route=%2Fwp%2Fv2%2Fmedia&parent=3264"}],"wp:term":[{"taxonomy":"category","embeddable":true,"href":"https:\/\/www.milosnicylasu.olsztyn.pl\/index.php?rest_route=%2Fwp%2Fv2%2Fcategories&post=3264"},{"taxonomy":"post_tag","embeddable":true,"href":"https:\/\/www.milosnicylasu.olsztyn.pl\/index.php?rest_route=%2Fwp%2Fv2%2Ftags&post=3264"}],"curies":[{"name":"wp","href":"https:\/\/api.w.org\/{rel}","templated":true}]}}