{"id":3270,"date":"2016-11-12T19:34:30","date_gmt":"2016-11-12T18:34:30","guid":{"rendered":"http:\/\/www.milosnicylasu.olsztyn.pl\/?p=3270"},"modified":"2016-11-12T19:36:57","modified_gmt":"2016-11-12T18:36:57","slug":"3270","status":"publish","type":"post","link":"https:\/\/www.milosnicylasu.olsztyn.pl\/?p=3270","title":{"rendered":"Wysokie odznaczenia Ligi Obrony Kraju z okazji \u015awi\u0119ta Niepodleg\u0142o\u015bci"},"content":{"rendered":"<p><a href=\"http:\/\/www.milosnicylasu.olsztyn.pl\/wp-content\/uploads\/2016\/11\/DSCN9629-www.jpg\" rel=\"attachment wp-att-3271\" data-rel=\"lightbox-image-0\" data-magnific_type=\"image\" data-rl_title=\"\" data-rl_caption=\"\" title=\"\"><img loading=\"lazy\" decoding=\"async\" class=\"size-medium wp-image-3271 alignleft\" src=\"http:\/\/www.milosnicylasu.olsztyn.pl\/wp-content\/uploads\/2016\/11\/DSCN9629-www-300x225.jpg\" alt=\"dscn9629-www\" width=\"300\" height=\"225\" srcset=\"https:\/\/www.milosnicylasu.olsztyn.pl\/wp-content\/uploads\/2016\/11\/DSCN9629-www-300x225.jpg 300w, https:\/\/www.milosnicylasu.olsztyn.pl\/wp-content\/uploads\/2016\/11\/DSCN9629-www-768x576.jpg 768w, https:\/\/www.milosnicylasu.olsztyn.pl\/wp-content\/uploads\/2016\/11\/DSCN9629-www.jpg 1024w, https:\/\/www.milosnicylasu.olsztyn.pl\/wp-content\/uploads\/2016\/11\/DSCN9629-www-400x300.jpg 400w\" sizes=\"auto, (max-width: 300px) 100vw, 300px\" \/><\/a>12 listopada 2016 r. na strzelnicy lokowskiej przy AL. Wojska Polskiego odby\u0142y si\u0119 zawody strzeleckie z okazji \u015awi\u0119ta Niepodleg\u0142o\u015bci.<\/p>\n<p>Przed zawodami w\u0142adze wojew\u00f3dzkie LOK dokona\u0142y uroczystego wr\u0119czenia odznacze\u0144 zas\u0142u\u017conym cz\u0142onkom LOK-u.<a href=\"http:\/\/www.milosnicylasu.olsztyn.pl\/wp-content\/uploads\/2016\/11\/DSCN9635-www.jpg\" rel=\"attachment wp-att-3272\" data-rel=\"lightbox-image-1\" data-magnific_type=\"image\" data-rl_title=\"\" data-rl_caption=\"\" title=\"\"><img loading=\"lazy\" decoding=\"async\" class=\"size-medium wp-image-3272 alignright\" src=\"http:\/\/www.milosnicylasu.olsztyn.pl\/wp-content\/uploads\/2016\/11\/DSCN9635-www-300x225.jpg\" alt=\"dscn9635-www\" width=\"300\" height=\"225\" srcset=\"https:\/\/www.milosnicylasu.olsztyn.pl\/wp-content\/uploads\/2016\/11\/DSCN9635-www-300x225.jpg 300w, https:\/\/www.milosnicylasu.olsztyn.pl\/wp-content\/uploads\/2016\/11\/DSCN9635-www-768x576.jpg 768w, https:\/\/www.milosnicylasu.olsztyn.pl\/wp-content\/uploads\/2016\/11\/DSCN9635-www.jpg 1024w, https:\/\/www.milosnicylasu.olsztyn.pl\/wp-content\/uploads\/2016\/11\/DSCN9635-www-400x300.jpg 400w\" sizes=\"auto, (max-width: 300px) 100vw, 300px\" \/><\/a><\/p>\n<p>Z naszego Ko\u0142a odznaczono :<\/p>\n<ul>\n<li>BR\u0104ZOWYM \u00a0KRZY\u017bEM \u00a0&#8221; ZA ZAS\u0141UGI DLA KLUB\u00d3W \u017bO\u0141NIERZY REZERWY&#8221; \u00a0 \u00a0pracownik\u00f3w \u00a0Regionalnej Dyrekcji Las\u00f3w Pa\u0144stwowych w Olsztynie<\/li>\n<\/ul>\n<p>&#8211; Pani\u0105 Ann\u0119 Bartoszewicz i \u00a0 \u00a0 \u00a0 \u00a0 \u00a0 \u00a0 \u00a0 \u00a0 \u00a0Pana Andrzeja Sobani\u0119,<\/p>\n<p>&nbsp;<\/p>\n<p><a href=\"http:\/\/www.milosnicylasu.olsztyn.pl\/wp-content\/uploads\/2016\/11\/DSCN9645-www.jpg\" rel=\"attachment wp-att-3273\" data-rel=\"lightbox-image-2\" data-magnific_type=\"image\" data-rl_title=\"\" data-rl_caption=\"\" title=\"\"><img loading=\"lazy\" decoding=\"async\" class=\"size-medium wp-image-3273 alignleft\" src=\"http:\/\/www.milosnicylasu.olsztyn.pl\/wp-content\/uploads\/2016\/11\/DSCN9645-www-300x225.jpg\" alt=\"dscn9645-www\" width=\"300\" height=\"225\" srcset=\"https:\/\/www.milosnicylasu.olsztyn.pl\/wp-content\/uploads\/2016\/11\/DSCN9645-www-300x225.jpg 300w, https:\/\/www.milosnicylasu.olsztyn.pl\/wp-content\/uploads\/2016\/11\/DSCN9645-www-768x576.jpg 768w, https:\/\/www.milosnicylasu.olsztyn.pl\/wp-content\/uploads\/2016\/11\/DSCN9645-www.jpg 1024w, https:\/\/www.milosnicylasu.olsztyn.pl\/wp-content\/uploads\/2016\/11\/DSCN9645-www-400x300.jpg 400w\" sizes=\"auto, (max-width: 300px) 100vw, 300px\" \/><\/a><\/p>\n<ul>\n<li>SREBRNYM\u00a0 KRZY\u017bEM \u00a0&#8221; ZA ZAS\u0141UGI DLA KLUB\u00d3W \u017bO\u0141NIERZY REZERWY&#8221;<\/li>\n<\/ul>\n<p>&#8211; Grzegorza Kluczka i Anatola Leszczy\u0144skiego<\/p>\n<p><strong>GRATULUJEMY!<\/strong><\/p>\n<p>&nbsp;<\/p>\n","protected":false},"excerpt":{"rendered":"<p>12 listopada 2016 r. na strzelnicy lokowskiej przy AL. Wojska Polskiego odby\u0142y si\u0119 zawody strzeleckie z okazji \u015awi\u0119ta Niepodleg\u0142o\u015bci. Przed zawodami w\u0142adze wojew\u00f3dzkie LOK dokona\u0142y uroczystego wr\u0119czenia odznacze\u0144 zas\u0142u\u017conym cz\u0142onkom LOK-u. Z naszego Ko\u0142a odznaczono : BR\u0104ZOWYM \u00a0KRZY\u017bEM \u00a0&#8221; ZA ZAS\u0141UGI DLA KLUB\u00d3W \u017bO\u0141NIERZY REZERWY&#8221; \u00a0 \u00a0pracownik\u00f3w \u00a0Regionalnej Dyrekcji Las\u00f3w Pa\u0144stwowych w Olsztynie &#8211; Pani\u0105 [&hellip;]<\/p>\n","protected":false},"author":2,"featured_media":0,"comment_status":"open","ping_status":"open","sticky":false,"template":"","format":"standard","meta":{"footnotes":""},"categories":[1,9,6],"tags":[],"class_list":["post-3270","post","type-post","status-publish","format-standard","hentry","category-bez-kategorii","category-ciekawostki","category-odznaczenia"],"_links":{"self":[{"href":"https:\/\/www.milosnicylasu.olsztyn.pl\/index.php?rest_route=\/wp\/v2\/posts\/3270","targetHints":{"allow":["GET"]}}],"collection":[{"href":"https:\/\/www.milosnicylasu.olsztyn.pl\/index.php?rest_route=\/wp\/v2\/posts"}],"about":[{"href":"https:\/\/www.milosnicylasu.olsztyn.pl\/index.php?rest_route=\/wp\/v2\/types\/post"}],"author":[{"embeddable":true,"href":"https:\/\/www.milosnicylasu.olsztyn.pl\/index.php?rest_route=\/wp\/v2\/users\/2"}],"replies":[{"embeddable":true,"href":"https:\/\/www.milosnicylasu.olsztyn.pl\/index.php?rest_route=%2Fwp%2Fv2%2Fcomments&post=3270"}],"version-history":[{"count":3,"href":"https:\/\/www.milosnicylasu.olsztyn.pl\/index.php?rest_route=\/wp\/v2\/posts\/3270\/revisions"}],"predecessor-version":[{"id":3276,"href":"https:\/\/www.milosnicylasu.olsztyn.pl\/index.php?rest_route=\/wp\/v2\/posts\/3270\/revisions\/3276"}],"wp:attachment":[{"href":"https:\/\/www.milosnicylasu.olsztyn.pl\/index.php?rest_route=%2Fwp%2Fv2%2Fmedia&parent=3270"}],"wp:term":[{"taxonomy":"category","embeddable":true,"href":"https:\/\/www.milosnicylasu.olsztyn.pl\/index.php?rest_route=%2Fwp%2Fv2%2Fcategories&post=3270"},{"taxonomy":"post_tag","embeddable":true,"href":"https:\/\/www.milosnicylasu.olsztyn.pl\/index.php?rest_route=%2Fwp%2Fv2%2Ftags&post=3270"}],"curies":[{"name":"wp","href":"https:\/\/api.w.org\/{rel}","templated":true}]}}