{"id":3277,"date":"2016-11-12T20:08:23","date_gmt":"2016-11-12T19:08:23","guid":{"rendered":"http:\/\/www.milosnicylasu.olsztyn.pl\/?p=3277"},"modified":"2016-11-12T20:08:23","modified_gmt":"2016-11-12T19:08:23","slug":"srebrna-odznaka-dla-pana-janusza-jeznacha","status":"publish","type":"post","link":"https:\/\/www.milosnicylasu.olsztyn.pl\/?p=3277","title":{"rendered":"Srebrna odznaka dla Pana Janusza Jeznacha"},"content":{"rendered":"<p><a href=\"http:\/\/www.milosnicylasu.olsztyn.pl\/wp-content\/uploads\/2016\/11\/DSCN9623-www.jpg\" rel=\"attachment wp-att-3278\" data-rel=\"lightbox-image-0\" data-magnific_type=\"image\" data-rl_title=\"\" data-rl_caption=\"\" title=\"\"><img loading=\"lazy\" decoding=\"async\" class=\"alignnone size-medium wp-image-3278 alignleft\" src=\"http:\/\/www.milosnicylasu.olsztyn.pl\/wp-content\/uploads\/2016\/11\/DSCN9623-www-300x225.jpg\" alt=\"dscn9623-www\" width=\"300\" height=\"225\" srcset=\"https:\/\/www.milosnicylasu.olsztyn.pl\/wp-content\/uploads\/2016\/11\/DSCN9623-www-300x225.jpg 300w, https:\/\/www.milosnicylasu.olsztyn.pl\/wp-content\/uploads\/2016\/11\/DSCN9623-www-768x576.jpg 768w, https:\/\/www.milosnicylasu.olsztyn.pl\/wp-content\/uploads\/2016\/11\/DSCN9623-www.jpg 1024w, https:\/\/www.milosnicylasu.olsztyn.pl\/wp-content\/uploads\/2016\/11\/DSCN9623-www-400x300.jpg 400w\" sizes=\"auto, (max-width: 300px) 100vw, 300px\" \/><\/a>W siedzibie Nadle\u015bnictwa Nowe Ramuki, prezes Ko\u0142a Anatol Leszczy\u0144ski wr\u0119czy\u0142 Panu Januszowi Jeznachowi nadle\u015bniczemu Nadle\u015bnictwa SREBRN\u0104 ODZNAK\u0118 ZAS\u0141U\u017bONY DZIA\u0141ACZ LOK.<\/p>\n<p>Przyznaj\u0105c to wyr\u00f3\u017cnienie Organizacja LOK docenia\u0142a dotychczasowe zaanga\u017cowanie \u00a0Pana Janusza w terenow\u0105 edukacj\u0119 przyrodniczo-le\u015bn\u0105 \u00a0cz\u0142onk\u00f3w Ko\u0142a Mi\u0142o\u015bnik\u00f3w Lasu i Militari\u00f3w LOK przy ATW w Olsztynie.<\/p>\n<p>Dzi\u0119kujemy i gratulujemy !<\/p>\n","protected":false},"excerpt":{"rendered":"<p>W siedzibie Nadle\u015bnictwa Nowe Ramuki, prezes Ko\u0142a Anatol Leszczy\u0144ski wr\u0119czy\u0142 Panu Januszowi Jeznachowi nadle\u015bniczemu Nadle\u015bnictwa SREBRN\u0104 ODZNAK\u0118 ZAS\u0141U\u017bONY DZIA\u0141ACZ LOK. Przyznaj\u0105c to wyr\u00f3\u017cnienie Organizacja LOK docenia\u0142a dotychczasowe zaanga\u017cowanie \u00a0Pana Janusza w terenow\u0105 edukacj\u0119 przyrodniczo-le\u015bn\u0105 \u00a0cz\u0142onk\u00f3w Ko\u0142a Mi\u0142o\u015bnik\u00f3w Lasu i Militari\u00f3w LOK przy ATW w Olsztynie. Dzi\u0119kujemy i gratulujemy !<\/p>\n","protected":false},"author":2,"featured_media":0,"comment_status":"open","ping_status":"open","sticky":false,"template":"","format":"standard","meta":{"footnotes":""},"categories":[1,6],"tags":[],"class_list":["post-3277","post","type-post","status-publish","format-standard","hentry","category-bez-kategorii","category-odznaczenia"],"_links":{"self":[{"href":"https:\/\/www.milosnicylasu.olsztyn.pl\/index.php?rest_route=\/wp\/v2\/posts\/3277","targetHints":{"allow":["GET"]}}],"collection":[{"href":"https:\/\/www.milosnicylasu.olsztyn.pl\/index.php?rest_route=\/wp\/v2\/posts"}],"about":[{"href":"https:\/\/www.milosnicylasu.olsztyn.pl\/index.php?rest_route=\/wp\/v2\/types\/post"}],"author":[{"embeddable":true,"href":"https:\/\/www.milosnicylasu.olsztyn.pl\/index.php?rest_route=\/wp\/v2\/users\/2"}],"replies":[{"embeddable":true,"href":"https:\/\/www.milosnicylasu.olsztyn.pl\/index.php?rest_route=%2Fwp%2Fv2%2Fcomments&post=3277"}],"version-history":[{"count":1,"href":"https:\/\/www.milosnicylasu.olsztyn.pl\/index.php?rest_route=\/wp\/v2\/posts\/3277\/revisions"}],"predecessor-version":[{"id":3279,"href":"https:\/\/www.milosnicylasu.olsztyn.pl\/index.php?rest_route=\/wp\/v2\/posts\/3277\/revisions\/3279"}],"wp:attachment":[{"href":"https:\/\/www.milosnicylasu.olsztyn.pl\/index.php?rest_route=%2Fwp%2Fv2%2Fmedia&parent=3277"}],"wp:term":[{"taxonomy":"category","embeddable":true,"href":"https:\/\/www.milosnicylasu.olsztyn.pl\/index.php?rest_route=%2Fwp%2Fv2%2Fcategories&post=3277"},{"taxonomy":"post_tag","embeddable":true,"href":"https:\/\/www.milosnicylasu.olsztyn.pl\/index.php?rest_route=%2Fwp%2Fv2%2Ftags&post=3277"}],"curies":[{"name":"wp","href":"https:\/\/api.w.org\/{rel}","templated":true}]}}