{"id":3281,"date":"2016-11-13T15:23:13","date_gmt":"2016-11-13T14:23:13","guid":{"rendered":"http:\/\/www.milosnicylasu.olsztyn.pl\/?p=3281"},"modified":"2016-11-13T15:41:49","modified_gmt":"2016-11-13T14:41:49","slug":"sobotnie-rajdy-5-i-12-listopada-2016","status":"publish","type":"post","link":"https:\/\/www.milosnicylasu.olsztyn.pl\/?p=3281","title":{"rendered":"Sobotnie rajdy &#8211; 5 i 12 listopada 2016"},"content":{"rendered":"<p>W listopadzie\u00a0spotykamy si\u0119 w ka\u017cd\u0105 sobot\u0119 na przystanku autobusowym &#8211; przy Intermarche \/ulica Dorantta\/ i w\u0119drujemy po lasach w kierunku Le\u015bnictwa Zazdro\u015b\u0107.<\/p>\n<p><a href=\"http:\/\/www.milosnicylasu.olsztyn.pl\/wp-content\/uploads\/2016\/11\/DSCN9611-www.jpg\" rel=\"attachment wp-att-3286\" data-rel=\"lightbox-image-0\" data-magnific_type=\"image\" data-rl_title=\"\" data-rl_caption=\"\" title=\"\"><img loading=\"lazy\" decoding=\"async\" class=\"size-medium wp-image-3286 alignleft\" src=\"http:\/\/www.milosnicylasu.olsztyn.pl\/wp-content\/uploads\/2016\/11\/DSCN9611-www-300x225.jpg\" alt=\"dscn9611-www\" width=\"300\" height=\"225\" srcset=\"https:\/\/www.milosnicylasu.olsztyn.pl\/wp-content\/uploads\/2016\/11\/DSCN9611-www-300x225.jpg 300w, https:\/\/www.milosnicylasu.olsztyn.pl\/wp-content\/uploads\/2016\/11\/DSCN9611-www-768x576.jpg 768w, https:\/\/www.milosnicylasu.olsztyn.pl\/wp-content\/uploads\/2016\/11\/DSCN9611-www.jpg 1024w, https:\/\/www.milosnicylasu.olsztyn.pl\/wp-content\/uploads\/2016\/11\/DSCN9611-www-400x300.jpg 400w\" sizes=\"auto, (max-width: 300px) 100vw, 300px\" \/><\/a><\/p>\n<p>&nbsp;<\/p>\n<p>Pierwszy rajd &#8211; 5 listopada odby\u0142 si\u0119 drog\u0105 wzd\u0142u\u017c jeziora Bart\u0105\u017cek<\/p>\n<p>&nbsp;<\/p>\n<p>I nie zawsze by\u0142o lekko &#8211; czasem by\u0142 to rajd z przeszkodami.\u00a0<a href=\"http:\/\/www.milosnicylasu.olsztyn.pl\/wp-content\/uploads\/2016\/11\/DSCN9613-www.jpg\" rel=\"attachment wp-att-3287\" data-rel=\"lightbox-image-1\" data-magnific_type=\"image\" data-rl_title=\"\" data-rl_caption=\"\" title=\"\"><img loading=\"lazy\" decoding=\"async\" class=\"size-medium wp-image-3287 alignright\" src=\"http:\/\/www.milosnicylasu.olsztyn.pl\/wp-content\/uploads\/2016\/11\/DSCN9613-www-300x225.jpg\" alt=\"dscn9613-www\" width=\"300\" height=\"225\" srcset=\"https:\/\/www.milosnicylasu.olsztyn.pl\/wp-content\/uploads\/2016\/11\/DSCN9613-www-300x225.jpg 300w, https:\/\/www.milosnicylasu.olsztyn.pl\/wp-content\/uploads\/2016\/11\/DSCN9613-www-768x576.jpg 768w, https:\/\/www.milosnicylasu.olsztyn.pl\/wp-content\/uploads\/2016\/11\/DSCN9613-www.jpg 1024w, https:\/\/www.milosnicylasu.olsztyn.pl\/wp-content\/uploads\/2016\/11\/DSCN9613-www-400x300.jpg 400w\" sizes=\"auto, (max-width: 300px) 100vw, 300px\" \/><\/a><\/p>\n<p>&nbsp;<\/p>\n<p>&nbsp;<\/p>\n<p>Tego dnia obchodzili\u015bmy Dzie\u0144 \u015aw. Huberta.<\/p>\n<p>Z tej okazji przeprowadzony zosta\u0142 konkurs przygotowany przez Waldka Chrzanowskiego, jurorem by\u0142a Zosia Romanowska.<a href=\"http:\/\/www.milosnicylasu.olsztyn.pl\/wp-content\/uploads\/2016\/11\/DSCN9616-www.jpg\" rel=\"attachment wp-att-3288\" data-rel=\"lightbox-image-2\" data-magnific_type=\"image\" data-rl_title=\"\" data-rl_caption=\"\" title=\"\"><img loading=\"lazy\" decoding=\"async\" class=\"size-medium wp-image-3288 alignleft\" src=\"http:\/\/www.milosnicylasu.olsztyn.pl\/wp-content\/uploads\/2016\/11\/DSCN9616-www-225x300.jpg\" alt=\"dscn9616-www\" width=\"225\" height=\"300\" srcset=\"https:\/\/www.milosnicylasu.olsztyn.pl\/wp-content\/uploads\/2016\/11\/DSCN9616-www-225x300.jpg 225w, https:\/\/www.milosnicylasu.olsztyn.pl\/wp-content\/uploads\/2016\/11\/DSCN9616-www.jpg 768w\" sizes=\"auto, (max-width: 225px) 100vw, 225px\" \/><\/a><\/p>\n<p>&nbsp;<\/p>\n<p>&nbsp;<\/p>\n<p>A najlepsz\u0105 wiedz\u0105 w tym temacie wykazali si\u0119 Czes\u0142aw Bu\u0144kowski, Stefania Jarczyk, Barbara Janowska i Ryszarda Wiejek.<\/p>\n<p>&nbsp;<\/p>\n<p>&nbsp;<\/p>\n<p>&nbsp;<\/p>\n<p><a href=\"http:\/\/www.milosnicylasu.olsztyn.pl\/wp-content\/uploads\/2016\/11\/IMG_20161112_105351-www.jpg\" rel=\"attachment wp-att-3282\" data-rel=\"lightbox-image-3\" data-magnific_type=\"image\" data-rl_title=\"\" data-rl_caption=\"\" title=\"\"><img loading=\"lazy\" decoding=\"async\" class=\"size-medium wp-image-3282 alignleft\" src=\"http:\/\/www.milosnicylasu.olsztyn.pl\/wp-content\/uploads\/2016\/11\/IMG_20161112_105351-www-300x225.jpg\" alt=\"img_20161112_105351-www\" width=\"300\" height=\"225\" srcset=\"https:\/\/www.milosnicylasu.olsztyn.pl\/wp-content\/uploads\/2016\/11\/IMG_20161112_105351-www-300x225.jpg 300w, https:\/\/www.milosnicylasu.olsztyn.pl\/wp-content\/uploads\/2016\/11\/IMG_20161112_105351-www-768x576.jpg 768w, https:\/\/www.milosnicylasu.olsztyn.pl\/wp-content\/uploads\/2016\/11\/IMG_20161112_105351-www.jpg 1024w, https:\/\/www.milosnicylasu.olsztyn.pl\/wp-content\/uploads\/2016\/11\/IMG_20161112_105351-www-400x300.jpg 400w\" sizes=\"auto, (max-width: 300px) 100vw, 300px\" \/><\/a>Rajd 12 listopada poprowadzi\u0142, zrobi\u0142 zdj\u0119cia i opisa\u0142 Waldek Chrzanowski.<\/p>\n<p><em>&#8222;W rajdzie uczestniczy\u0142o 17 os\u00f3b. W\u0119drowali\u015bmy \u015bcie\u017ck\u0105 edukacyjn\u0105 &#8222;Zazdro\u015b\u0107&#8217; lecz nie do Zazdro\u015bci.<\/em><\/p>\n<p><em>Mieli\u015bmy Renate solenizantk\u0119 od\u015bpiewali\u015bmy tradycyjne: &#8222;sto lat&#8221;. <\/em><\/p>\n<p><em><a href=\"http:\/\/www.milosnicylasu.olsztyn.pl\/wp-content\/uploads\/2016\/11\/IMG_20161112_113924-www.jpg\" rel=\"attachment wp-att-3283\" data-rel=\"lightbox-image-4\" data-magnific_type=\"image\" data-rl_title=\"\" data-rl_caption=\"\" title=\"\"><img loading=\"lazy\" decoding=\"async\" class=\"size-medium wp-image-3283 alignright\" src=\"http:\/\/www.milosnicylasu.olsztyn.pl\/wp-content\/uploads\/2016\/11\/IMG_20161112_113924-www-300x225.jpg\" alt=\"img_20161112_113924-www\" width=\"300\" height=\"225\" srcset=\"https:\/\/www.milosnicylasu.olsztyn.pl\/wp-content\/uploads\/2016\/11\/IMG_20161112_113924-www-300x225.jpg 300w, https:\/\/www.milosnicylasu.olsztyn.pl\/wp-content\/uploads\/2016\/11\/IMG_20161112_113924-www-768x576.jpg 768w, https:\/\/www.milosnicylasu.olsztyn.pl\/wp-content\/uploads\/2016\/11\/IMG_20161112_113924-www.jpg 1024w, https:\/\/www.milosnicylasu.olsztyn.pl\/wp-content\/uploads\/2016\/11\/IMG_20161112_113924-www-400x300.jpg 400w\" sizes=\"auto, (max-width: 300px) 100vw, 300px\" \/><\/a>Przeprowadzony zosta\u0142 konkurs na temat J. Pi\u0142sudskiego, kt\u00f3ry przygotowa\u0142a i prowadzi\u0142a Daniela Tyll, Zosia Romanowska, jak zwykle, by\u0142a asystentk\u0105. I miejsce zaj\u0119\u0142a Tereska \u017bemojcin, II miejsce tyle samo punkt\u00f3w Rysia Wiejek i J\u00f3zek Gazda, III Czesio Bu\u0144kowski, IV Benek Kucki, V Renata Janicka, VI Romanowska Zofia. . Atmosfera by\u0142a wspania\u0142a, na koniec od\u015bpiewali\u015bmy w bojowym nastroju kilka piosenek patriotycznych i ruszyli\u015bmy z piosenk\u0105 na ustach na Moskw\u0119, \u00a0ale jak wyliczyli\u015bmy, \u017ce jednak za daleko &#8211; zrezygnowali\u015bmy&#8221;.<\/em><\/p>\n<p>Zwyci\u0119scy obu konkurs\u00f3w otrzymaj\u0105 nagrody podczas grudniowego zebrania.<\/p>\n<p>_____________________________<\/p>\n<p>A gdyby kto\u015b nie wiedzia\u0142 \/ja nie wiedzia\u0142am\/ kto to by\u0142 Stanis\u0142aw Dorantt\/ to podaj\u0119 informacje z internetu:<\/p>\n<p><b>Stanis\u0142aw Dorantt<\/b> (ur. 4 listopada w Zwierzy\u0144cu Lubelskim, zm. 8 grudnia 1976 r.) \u2013 lekarz, pierwszy dyrektor Szpitala Mariackiego w Olsztynie oraz ordynator oddzia\u0142u ginekologicznego w tym szpitalu; specjalizowa\u0142 si\u0119 w ginekologii i po\u0142o\u017cnictwie.<\/p>\n<p>&nbsp;<\/p>\n<p>&nbsp;<\/p>\n","protected":false},"excerpt":{"rendered":"<p>W listopadzie\u00a0spotykamy si\u0119 w ka\u017cd\u0105 sobot\u0119 na przystanku autobusowym &#8211; przy Intermarche \/ulica Dorantta\/ i w\u0119drujemy po lasach w kierunku Le\u015bnictwa Zazdro\u015b\u0107. &nbsp; Pierwszy rajd &#8211; 5 listopada odby\u0142 si\u0119 drog\u0105 wzd\u0142u\u017c jeziora Bart\u0105\u017cek &nbsp; I nie zawsze by\u0142o lekko &#8211; czasem by\u0142 to rajd z przeszkodami.\u00a0 &nbsp; &nbsp; Tego dnia obchodzili\u015bmy Dzie\u0144 \u015aw. Huberta. [&hellip;]<\/p>\n","protected":false},"author":2,"featured_media":0,"comment_status":"open","ping_status":"open","sticky":false,"template":"","format":"standard","meta":{"footnotes":""},"categories":[1,9,13,2],"tags":[],"class_list":["post-3281","post","type-post","status-publish","format-standard","hentry","category-bez-kategorii","category-ciekawostki","category-konkursy","category-rajdy"],"_links":{"self":[{"href":"https:\/\/www.milosnicylasu.olsztyn.pl\/index.php?rest_route=\/wp\/v2\/posts\/3281","targetHints":{"allow":["GET"]}}],"collection":[{"href":"https:\/\/www.milosnicylasu.olsztyn.pl\/index.php?rest_route=\/wp\/v2\/posts"}],"about":[{"href":"https:\/\/www.milosnicylasu.olsztyn.pl\/index.php?rest_route=\/wp\/v2\/types\/post"}],"author":[{"embeddable":true,"href":"https:\/\/www.milosnicylasu.olsztyn.pl\/index.php?rest_route=\/wp\/v2\/users\/2"}],"replies":[{"embeddable":true,"href":"https:\/\/www.milosnicylasu.olsztyn.pl\/index.php?rest_route=%2Fwp%2Fv2%2Fcomments&post=3281"}],"version-history":[{"count":4,"href":"https:\/\/www.milosnicylasu.olsztyn.pl\/index.php?rest_route=\/wp\/v2\/posts\/3281\/revisions"}],"predecessor-version":[{"id":3290,"href":"https:\/\/www.milosnicylasu.olsztyn.pl\/index.php?rest_route=\/wp\/v2\/posts\/3281\/revisions\/3290"}],"wp:attachment":[{"href":"https:\/\/www.milosnicylasu.olsztyn.pl\/index.php?rest_route=%2Fwp%2Fv2%2Fmedia&parent=3281"}],"wp:term":[{"taxonomy":"category","embeddable":true,"href":"https:\/\/www.milosnicylasu.olsztyn.pl\/index.php?rest_route=%2Fwp%2Fv2%2Fcategories&post=3281"},{"taxonomy":"post_tag","embeddable":true,"href":"https:\/\/www.milosnicylasu.olsztyn.pl\/index.php?rest_route=%2Fwp%2Fv2%2Ftags&post=3281"}],"curies":[{"name":"wp","href":"https:\/\/api.w.org\/{rel}","templated":true}]}}