{"id":3291,"date":"2016-11-15T15:56:15","date_gmt":"2016-11-15T14:56:15","guid":{"rendered":"http:\/\/www.milosnicylasu.olsztyn.pl\/?p=3291"},"modified":"2016-11-15T15:57:16","modified_gmt":"2016-11-15T14:57:16","slug":"obchody-swieta-niepodleglosci-ciag-dalszy","status":"publish","type":"post","link":"https:\/\/www.milosnicylasu.olsztyn.pl\/?p=3291","title":{"rendered":"Obchody \u015awi\u0119ta Niepodleg\u0142o\u015bci &#8211; ci\u0105g dalszy"},"content":{"rendered":"<p>14.11.2016 r.w Kole Mi\u0142o\u015bnik\u00f3w Lasu i Militari\u00f3w LOK przy ATW w Olsztynie odby\u0142y si\u0119 zawody strzeleckie z okazji 98 rocznicy odzyskania niepodleg\u0142o\u015bci. Trzeba przyzna\u0107, \u017ce treningi strzeleckie, kt\u00f3re odbywaj\u0105 si\u0119 co dwa tygodnie, przynosz\u0105 wspania\u0142e rezultaty.<\/p>\n<p><a href=\"http:\/\/www.milosnicylasu.olsztyn.pl\/wp-content\/uploads\/2016\/11\/DSCN9664-www.jpg\" rel=\"attachment wp-att-3292\" data-rel=\"lightbox-image-0\" data-magnific_type=\"image\" data-rl_title=\"\" data-rl_caption=\"\" title=\"\"><img loading=\"lazy\" decoding=\"async\" class=\"size-medium wp-image-3292 alignleft\" src=\"http:\/\/www.milosnicylasu.olsztyn.pl\/wp-content\/uploads\/2016\/11\/DSCN9664-www-300x225.jpg\" alt=\"dscn9664-www\" width=\"300\" height=\"225\" srcset=\"https:\/\/www.milosnicylasu.olsztyn.pl\/wp-content\/uploads\/2016\/11\/DSCN9664-www-300x225.jpg 300w, https:\/\/www.milosnicylasu.olsztyn.pl\/wp-content\/uploads\/2016\/11\/DSCN9664-www-768x576.jpg 768w, https:\/\/www.milosnicylasu.olsztyn.pl\/wp-content\/uploads\/2016\/11\/DSCN9664-www.jpg 1024w, https:\/\/www.milosnicylasu.olsztyn.pl\/wp-content\/uploads\/2016\/11\/DSCN9664-www-400x300.jpg 400w\" sizes=\"auto, (max-width: 300px) 100vw, 300px\" \/><\/a><\/p>\n<p>&nbsp;<\/p>\n<p>&nbsp;<\/p>\n<p>Takich wynik\u00f3w to tylko mo\u017cna pozazdro\u015bci\u0107. Wielkim zaskoczeniem by\u0142y szczeg\u00f3lnie punkty uzyskane przez Panie.<\/p>\n<p>&nbsp;<\/p>\n<p>&nbsp;<\/p>\n<p><a href=\"http:\/\/www.milosnicylasu.olsztyn.pl\/wp-content\/uploads\/2016\/11\/DSCN9666-www.jpg\" rel=\"attachment wp-att-3293\" data-rel=\"lightbox-image-1\" data-magnific_type=\"image\" data-rl_title=\"\" data-rl_caption=\"\" title=\"\"><img loading=\"lazy\" decoding=\"async\" class=\"size-medium wp-image-3293 alignright\" src=\"http:\/\/www.milosnicylasu.olsztyn.pl\/wp-content\/uploads\/2016\/11\/DSCN9666-www-300x225.jpg\" alt=\"dscn9666-www\" width=\"300\" height=\"225\" srcset=\"https:\/\/www.milosnicylasu.olsztyn.pl\/wp-content\/uploads\/2016\/11\/DSCN9666-www-300x225.jpg 300w, https:\/\/www.milosnicylasu.olsztyn.pl\/wp-content\/uploads\/2016\/11\/DSCN9666-www-768x576.jpg 768w, https:\/\/www.milosnicylasu.olsztyn.pl\/wp-content\/uploads\/2016\/11\/DSCN9666-www.jpg 1024w, https:\/\/www.milosnicylasu.olsztyn.pl\/wp-content\/uploads\/2016\/11\/DSCN9666-www-400x300.jpg 400w\" sizes=\"auto, (max-width: 300px) 100vw, 300px\" \/><\/a>Zwyci\u0119\u017cy\u0142y:I miejsce Teresa Mielczarska \u00a0 \u00a0 &#8211; 94 pkt<\/p>\n<p>II miejsce Zofia Siemianowska \u00a0 \u00a0&#8211; 89 pkt<\/p>\n<p>III miejsce Barbara Kowalewska \u00a0&#8211; 87 pkt<\/p>\n<p>&nbsp;<\/p>\n<p>Panowie strzelali r\u00f3wnie\u017c celnie &#8211; oczywi\u015bcie wszyscy, ale najlepiej: I miejsce Ryszard Chudziakiewicz 94 pkt, II miejsce W\u0142odzimierz Siemianowski 90 pkt, III miejsce Anatol Leszczy\u0144ski 85 pkt.<\/p>\n<p>Zwyci\u0119zcom gratulujemy, a wszystkim przypominamy, \u017ce treningi na strzelnicy LOK odbywaj\u0105 si\u0119 co dwa tygodnie, zgodnie z planem pracy. Odpowiedzialnymi za treningi i zawody s\u0105 Grzegorz Kluczek i J\u00f3zef Gazda. Gratulujemy wyszkolenia tak wspania\u0142ych zawodnik\u00f3w<\/p>\n","protected":false},"excerpt":{"rendered":"<p>14.11.2016 r.w Kole Mi\u0142o\u015bnik\u00f3w Lasu i Militari\u00f3w LOK przy ATW w Olsztynie odby\u0142y si\u0119 zawody strzeleckie z okazji 98 rocznicy odzyskania niepodleg\u0142o\u015bci. Trzeba przyzna\u0107, \u017ce treningi strzeleckie, kt\u00f3re odbywaj\u0105 si\u0119 co dwa tygodnie, przynosz\u0105 wspania\u0142e rezultaty. &nbsp; &nbsp; Takich wynik\u00f3w to tylko mo\u017cna pozazdro\u015bci\u0107. Wielkim zaskoczeniem by\u0142y szczeg\u00f3lnie punkty uzyskane przez Panie. &nbsp; &nbsp; Zwyci\u0119\u017cy\u0142y:I [&hellip;]<\/p>\n","protected":false},"author":2,"featured_media":0,"comment_status":"open","ping_status":"open","sticky":false,"template":"","format":"standard","meta":{"footnotes":""},"categories":[1,9,8],"tags":[],"class_list":["post-3291","post","type-post","status-publish","format-standard","hentry","category-bez-kategorii","category-ciekawostki","category-zawody-strzeleckie"],"_links":{"self":[{"href":"https:\/\/www.milosnicylasu.olsztyn.pl\/index.php?rest_route=\/wp\/v2\/posts\/3291","targetHints":{"allow":["GET"]}}],"collection":[{"href":"https:\/\/www.milosnicylasu.olsztyn.pl\/index.php?rest_route=\/wp\/v2\/posts"}],"about":[{"href":"https:\/\/www.milosnicylasu.olsztyn.pl\/index.php?rest_route=\/wp\/v2\/types\/post"}],"author":[{"embeddable":true,"href":"https:\/\/www.milosnicylasu.olsztyn.pl\/index.php?rest_route=\/wp\/v2\/users\/2"}],"replies":[{"embeddable":true,"href":"https:\/\/www.milosnicylasu.olsztyn.pl\/index.php?rest_route=%2Fwp%2Fv2%2Fcomments&post=3291"}],"version-history":[{"count":2,"href":"https:\/\/www.milosnicylasu.olsztyn.pl\/index.php?rest_route=\/wp\/v2\/posts\/3291\/revisions"}],"predecessor-version":[{"id":3295,"href":"https:\/\/www.milosnicylasu.olsztyn.pl\/index.php?rest_route=\/wp\/v2\/posts\/3291\/revisions\/3295"}],"wp:attachment":[{"href":"https:\/\/www.milosnicylasu.olsztyn.pl\/index.php?rest_route=%2Fwp%2Fv2%2Fmedia&parent=3291"}],"wp:term":[{"taxonomy":"category","embeddable":true,"href":"https:\/\/www.milosnicylasu.olsztyn.pl\/index.php?rest_route=%2Fwp%2Fv2%2Fcategories&post=3291"},{"taxonomy":"post_tag","embeddable":true,"href":"https:\/\/www.milosnicylasu.olsztyn.pl\/index.php?rest_route=%2Fwp%2Fv2%2Ftags&post=3291"}],"curies":[{"name":"wp","href":"https:\/\/api.w.org\/{rel}","templated":true}]}}