{"id":3308,"date":"2016-11-26T16:30:03","date_gmt":"2016-11-26T15:30:03","guid":{"rendered":"http:\/\/www.milosnicylasu.olsztyn.pl\/?p=3308"},"modified":"2016-12-01T21:05:13","modified_gmt":"2016-12-01T20:05:13","slug":"spiewianie-przy-kominku","status":"publish","type":"post","link":"https:\/\/www.milosnicylasu.olsztyn.pl\/?p=3308","title":{"rendered":"\u015apiewianie przy kominku"},"content":{"rendered":"<p>Tradycja wsp\u00f3lnego \u015bpiewania, prze\u017cywania razem zimowych nastroj\u00f3w, w wyj\u0105tkowy i nadzwyczajny spos\u00f3b od pokole\u0144 zbli\u017ca ludzi do siebie.<\/p>\n<p>I w\u0142a\u015bnie z tak\u0105 wspania\u0142\u0105 inicjatyw\u0105 wyst\u0105pi\u0142 Waldek Chrzanowski, a spotkanie odby\u0142o si\u0119 w go\u015bcinnym domu Ewy Szwejk. By\u0142o na tyle sympatycznie, \u017ce \u015bpiewy, \u017carty, wspomnienia trwa\u0142y ponad 4 godziny i wszyscy uczestnicy maj\u0105 nadziej\u0119, \u017ce powt\u00f3rka nast\u0105pi wkr\u00f3tce.<\/p>\n<p>&nbsp;<\/p>\n<p><strong><em>Gdzie s\u0142yszysz \u015bpiew, tam \u015bmia\u0142o wst\u0105p, <\/em><\/strong><br \/>\n<strong><em> tam dobre serca maj\u0105. Bo ludzie \u017ali, <\/em><\/strong><br \/>\n<strong><em> ach, wierzaj mi, ci nigdy nie \u015bpiewaj\u0105.<\/em><\/strong><br \/>\n<i><b>Johann Wolfgang Goethe<\/b><\/i><\/p>\n<p>&nbsp;<\/p>\n<p>&nbsp;<\/p>\n<p>&nbsp;<\/p>\n","protected":false},"excerpt":{"rendered":"<p>Tradycja wsp\u00f3lnego \u015bpiewania, prze\u017cywania razem zimowych nastroj\u00f3w, w wyj\u0105tkowy i nadzwyczajny spos\u00f3b od pokole\u0144 zbli\u017ca ludzi do siebie. I w\u0142a\u015bnie z tak\u0105 wspania\u0142\u0105 inicjatyw\u0105 wyst\u0105pi\u0142 Waldek Chrzanowski, a spotkanie odby\u0142o si\u0119 w go\u015bcinnym domu Ewy Szwejk. By\u0142o na tyle sympatycznie, \u017ce \u015bpiewy, \u017carty, wspomnienia trwa\u0142y ponad 4 godziny i wszyscy uczestnicy maj\u0105 nadziej\u0119, \u017ce powt\u00f3rka [&hellip;]<\/p>\n","protected":false},"author":2,"featured_media":0,"comment_status":"open","ping_status":"open","sticky":false,"template":"","format":"standard","meta":{"footnotes":""},"categories":[1,9,11],"tags":[],"class_list":["post-3308","post","type-post","status-publish","format-standard","hentry","category-bez-kategorii","category-ciekawostki","category-spotkania-artystyczne"],"_links":{"self":[{"href":"https:\/\/www.milosnicylasu.olsztyn.pl\/index.php?rest_route=\/wp\/v2\/posts\/3308","targetHints":{"allow":["GET"]}}],"collection":[{"href":"https:\/\/www.milosnicylasu.olsztyn.pl\/index.php?rest_route=\/wp\/v2\/posts"}],"about":[{"href":"https:\/\/www.milosnicylasu.olsztyn.pl\/index.php?rest_route=\/wp\/v2\/types\/post"}],"author":[{"embeddable":true,"href":"https:\/\/www.milosnicylasu.olsztyn.pl\/index.php?rest_route=\/wp\/v2\/users\/2"}],"replies":[{"embeddable":true,"href":"https:\/\/www.milosnicylasu.olsztyn.pl\/index.php?rest_route=%2Fwp%2Fv2%2Fcomments&post=3308"}],"version-history":[{"count":2,"href":"https:\/\/www.milosnicylasu.olsztyn.pl\/index.php?rest_route=\/wp\/v2\/posts\/3308\/revisions"}],"predecessor-version":[{"id":3313,"href":"https:\/\/www.milosnicylasu.olsztyn.pl\/index.php?rest_route=\/wp\/v2\/posts\/3308\/revisions\/3313"}],"wp:attachment":[{"href":"https:\/\/www.milosnicylasu.olsztyn.pl\/index.php?rest_route=%2Fwp%2Fv2%2Fmedia&parent=3308"}],"wp:term":[{"taxonomy":"category","embeddable":true,"href":"https:\/\/www.milosnicylasu.olsztyn.pl\/index.php?rest_route=%2Fwp%2Fv2%2Fcategories&post=3308"},{"taxonomy":"post_tag","embeddable":true,"href":"https:\/\/www.milosnicylasu.olsztyn.pl\/index.php?rest_route=%2Fwp%2Fv2%2Ftags&post=3308"}],"curies":[{"name":"wp","href":"https:\/\/api.w.org\/{rel}","templated":true}]}}