{"id":331,"date":"2013-05-04T20:41:46","date_gmt":"2013-05-04T18:41:46","guid":{"rendered":"http:\/\/www.milosnicylasu.olsztyn.pl\/?p=331"},"modified":"2013-05-04T20:47:50","modified_gmt":"2013-05-04T18:47:50","slug":"majowe-spotkanie-w-rdlp","status":"publish","type":"post","link":"https:\/\/www.milosnicylasu.olsztyn.pl\/?p=331","title":{"rendered":"Majowe spotkanie w RDLP"},"content":{"rendered":"<p><a href=\"http:\/\/www.milosnicylasu.olsztyn.pl\/wp-content\/uploads\/2013\/05\/sdfgsdfgi.jpg\" data-rel=\"lightbox-image-0\" data-magnific_type=\"image\" data-rl_title=\"\" data-rl_caption=\"\" title=\"\"><img loading=\"lazy\" decoding=\"async\" class=\"alignleft size-medium wp-image-335\" alt=\"sdfgsdfgi\" src=\"http:\/\/www.milosnicylasu.olsztyn.pl\/wp-content\/uploads\/2013\/05\/sdfgsdfgi-293x300.jpg\" width=\"293\" height=\"300\" srcset=\"https:\/\/www.milosnicylasu.olsztyn.pl\/wp-content\/uploads\/2013\/05\/sdfgsdfgi-293x300.jpg 293w, https:\/\/www.milosnicylasu.olsztyn.pl\/wp-content\/uploads\/2013\/05\/sdfgsdfgi.jpg 797w\" sizes=\"auto, (max-width: 293px) 100vw, 293px\" \/><\/a>Zarz\u0105d Ko\u0142a zaprasza na kolejne spotkanie w ramach czwartk\u00f3w ekologicznych w dniu 9 maja 2013r. o godzinie 15.00 w sali konferencyjnej RDLP w Olsztynie.<\/p>\n<p>W cz\u0119\u015bci organizacyjnej b\u0119d\u0105 omawiane m.in. sprawy dotycz\u0105ce:<\/p>\n<ul>\n<li>organizacji obchod\u00f3w IV rocznicy powstania Ko\u0142a -15 maja 2013r.,<\/li>\n<li>terenowego wyjazdu szkoleniowego do Nadle\u015bnictwa Olsztynek &#8211; 24 maja 2013r. \/op\u0142ata 20 z\u0142\/<\/li>\n<\/ul>\n<p>Tradycyjnie, w kolejn\u0105 rocznic\u0119 powstania\u00a0 Ko\u0142a spotkamy si\u0119 na strzelnicy LOK w Olsztynie, gdzie odb\u0119d\u0105 si\u0119 zawody strzeleckie. Op\u0142ata startowa uczestnika 5 z\u0142. W ramach tej op\u0142aty zapewniamy kaw\u0119, herbat\u0119, groch\u00f3wk\u0119.<\/p>\n<p>&nbsp;<\/p>\n<p>&nbsp;<\/p>\n","protected":false},"excerpt":{"rendered":"<p>Zarz\u0105d Ko\u0142a zaprasza na kolejne spotkanie w ramach czwartk\u00f3w ekologicznych w dniu 9 maja 2013r. o godzinie 15.00 w sali konferencyjnej RDLP w Olsztynie. W cz\u0119\u015bci organizacyjnej b\u0119d\u0105 omawiane m.in. sprawy dotycz\u0105ce: organizacji obchod\u00f3w IV rocznicy powstania Ko\u0142a -15 maja 2013r., terenowego wyjazdu szkoleniowego do Nadle\u015bnictwa Olsztynek &#8211; 24 maja 2013r. \/op\u0142ata 20 z\u0142\/ Tradycyjnie, [&hellip;]<\/p>\n","protected":false},"author":1,"featured_media":0,"comment_status":"open","ping_status":"open","sticky":false,"template":"","format":"standard","meta":{"footnotes":""},"categories":[1,5,3],"tags":[],"class_list":["post-331","post","type-post","status-publish","format-standard","hentry","category-bez-kategorii","category-wycieczki","category-zebrania"],"_links":{"self":[{"href":"https:\/\/www.milosnicylasu.olsztyn.pl\/index.php?rest_route=\/wp\/v2\/posts\/331","targetHints":{"allow":["GET"]}}],"collection":[{"href":"https:\/\/www.milosnicylasu.olsztyn.pl\/index.php?rest_route=\/wp\/v2\/posts"}],"about":[{"href":"https:\/\/www.milosnicylasu.olsztyn.pl\/index.php?rest_route=\/wp\/v2\/types\/post"}],"author":[{"embeddable":true,"href":"https:\/\/www.milosnicylasu.olsztyn.pl\/index.php?rest_route=\/wp\/v2\/users\/1"}],"replies":[{"embeddable":true,"href":"https:\/\/www.milosnicylasu.olsztyn.pl\/index.php?rest_route=%2Fwp%2Fv2%2Fcomments&post=331"}],"version-history":[{"count":4,"href":"https:\/\/www.milosnicylasu.olsztyn.pl\/index.php?rest_route=\/wp\/v2\/posts\/331\/revisions"}],"predecessor-version":[{"id":334,"href":"https:\/\/www.milosnicylasu.olsztyn.pl\/index.php?rest_route=\/wp\/v2\/posts\/331\/revisions\/334"}],"wp:attachment":[{"href":"https:\/\/www.milosnicylasu.olsztyn.pl\/index.php?rest_route=%2Fwp%2Fv2%2Fmedia&parent=331"}],"wp:term":[{"taxonomy":"category","embeddable":true,"href":"https:\/\/www.milosnicylasu.olsztyn.pl\/index.php?rest_route=%2Fwp%2Fv2%2Fcategories&post=331"},{"taxonomy":"post_tag","embeddable":true,"href":"https:\/\/www.milosnicylasu.olsztyn.pl\/index.php?rest_route=%2Fwp%2Fv2%2Ftags&post=331"}],"curies":[{"name":"wp","href":"https:\/\/api.w.org\/{rel}","templated":true}]}}