{"id":3315,"date":"2016-12-13T06:58:49","date_gmt":"2016-12-13T05:58:49","guid":{"rendered":"http:\/\/www.milosnicylasu.olsztyn.pl\/?p=3315"},"modified":"2016-12-13T12:11:42","modified_gmt":"2016-12-13T11:11:42","slug":"goscie","status":"publish","type":"post","link":"https:\/\/www.milosnicylasu.olsztyn.pl\/?p=3315","title":{"rendered":"Go\u015bcie"},"content":{"rendered":"<p><a href=\"http:\/\/www.milosnicylasu.olsztyn.pl\/wp-content\/uploads\/2016\/12\/DSCN9819-www.jpg\" rel=\"attachment wp-att-3316\" data-rel=\"lightbox-image-0\" data-magnific_type=\"image\" data-rl_title=\"\" data-rl_caption=\"\" title=\"\"><img loading=\"lazy\" decoding=\"async\" class=\"size-medium wp-image-3316 alignleft\" src=\"http:\/\/www.milosnicylasu.olsztyn.pl\/wp-content\/uploads\/2016\/12\/DSCN9819-www-225x300.jpg\" alt=\"dscn9819-www\" width=\"225\" height=\"300\" srcset=\"https:\/\/www.milosnicylasu.olsztyn.pl\/wp-content\/uploads\/2016\/12\/DSCN9819-www-225x300.jpg 225w, https:\/\/www.milosnicylasu.olsztyn.pl\/wp-content\/uploads\/2016\/12\/DSCN9819-www.jpg 768w\" sizes=\"auto, (max-width: 225px) 100vw, 225px\" \/><\/a><\/p>\n<p>Na balkonie, od wczoraj mamy dziwnych go\u015bci.<br \/>\nNie ruszaj\u0105 si\u0119, nic nie m\u00f3wi\u0105, troch\u0119 smutne, czekaj\u0105 na zim\u0119.<\/p>\n<p>Podobno na Podlasiu mocno napada\u0142o&#8230; a u nas&#8230; na dzi\u015b, takie bardziej jesienne ba\u0142wanki &#8211; &#8222;dzie\u0142o&#8221; prezesa Ko\u0142a Tolka Leszczy\u0144skiego.<\/p>\n<p>&nbsp;<\/p>\n<p>&nbsp;<\/p>\n<p>&nbsp;<\/p>\n<p><strong>PRZYSZ\u0141A KRYSIA DO BA\u0141WANA\u00a0\u00a0\u00a0\u00a0 <\/strong><em>Tadeusz Kubiak\u00a0\u00a0\u00a0\u00a0\u00a0\u00a0\u00a0\u00a0\u00a0\u00a0\u00a0\u00a0 <\/em><br \/>\nPrzysz\u0142a Krysia do ba\u0142wana.<br \/>\n-Jak si\u0119 mamy prosz\u0119 Pana?<br \/>\n-Czy nie zimno panu mo\u017ce?<br \/>\nChyba co\u015b na pana w\u0142o\u017c\u0119.<br \/>\nNie potrzeba mi niczego<br \/>\nbo ja ko\u017cuch mam ze \u015bniegu .<\/p>\n<p>Nie ma \u015bniegu, wi\u0119c pomy\u015blimy, \u017ceby opr\u00f3cz apaszek co\u015b im do\u0142o\u017cy\u0107.<\/p>\n<p>&nbsp;<\/p>\n","protected":false},"excerpt":{"rendered":"<p>Na balkonie, od wczoraj mamy dziwnych go\u015bci. Nie ruszaj\u0105 si\u0119, nic nie m\u00f3wi\u0105, troch\u0119 smutne, czekaj\u0105 na zim\u0119. Podobno na Podlasiu mocno napada\u0142o&#8230; a u nas&#8230; na dzi\u015b, takie bardziej jesienne ba\u0142wanki &#8211; &#8222;dzie\u0142o&#8221; prezesa Ko\u0142a Tolka Leszczy\u0144skiego. &nbsp; &nbsp; &nbsp; PRZYSZ\u0141A KRYSIA DO BA\u0141WANA\u00a0\u00a0\u00a0\u00a0 Tadeusz Kubiak\u00a0\u00a0\u00a0\u00a0\u00a0\u00a0\u00a0\u00a0\u00a0\u00a0\u00a0\u00a0 Przysz\u0142a Krysia do ba\u0142wana. -Jak si\u0119 mamy prosz\u0119 [&hellip;]<\/p>\n","protected":false},"author":2,"featured_media":0,"comment_status":"open","ping_status":"open","sticky":false,"template":"","format":"standard","meta":{"footnotes":""},"categories":[1,9],"tags":[],"class_list":["post-3315","post","type-post","status-publish","format-standard","hentry","category-bez-kategorii","category-ciekawostki"],"_links":{"self":[{"href":"https:\/\/www.milosnicylasu.olsztyn.pl\/index.php?rest_route=\/wp\/v2\/posts\/3315","targetHints":{"allow":["GET"]}}],"collection":[{"href":"https:\/\/www.milosnicylasu.olsztyn.pl\/index.php?rest_route=\/wp\/v2\/posts"}],"about":[{"href":"https:\/\/www.milosnicylasu.olsztyn.pl\/index.php?rest_route=\/wp\/v2\/types\/post"}],"author":[{"embeddable":true,"href":"https:\/\/www.milosnicylasu.olsztyn.pl\/index.php?rest_route=\/wp\/v2\/users\/2"}],"replies":[{"embeddable":true,"href":"https:\/\/www.milosnicylasu.olsztyn.pl\/index.php?rest_route=%2Fwp%2Fv2%2Fcomments&post=3315"}],"version-history":[{"count":4,"href":"https:\/\/www.milosnicylasu.olsztyn.pl\/index.php?rest_route=\/wp\/v2\/posts\/3315\/revisions"}],"predecessor-version":[{"id":3334,"href":"https:\/\/www.milosnicylasu.olsztyn.pl\/index.php?rest_route=\/wp\/v2\/posts\/3315\/revisions\/3334"}],"wp:attachment":[{"href":"https:\/\/www.milosnicylasu.olsztyn.pl\/index.php?rest_route=%2Fwp%2Fv2%2Fmedia&parent=3315"}],"wp:term":[{"taxonomy":"category","embeddable":true,"href":"https:\/\/www.milosnicylasu.olsztyn.pl\/index.php?rest_route=%2Fwp%2Fv2%2Fcategories&post=3315"},{"taxonomy":"post_tag","embeddable":true,"href":"https:\/\/www.milosnicylasu.olsztyn.pl\/index.php?rest_route=%2Fwp%2Fv2%2Ftags&post=3315"}],"curies":[{"name":"wp","href":"https:\/\/api.w.org\/{rel}","templated":true}]}}