{"id":3322,"date":"2016-12-13T11:41:13","date_gmt":"2016-12-13T10:41:13","guid":{"rendered":"http:\/\/www.milosnicylasu.olsztyn.pl\/?p=3322"},"modified":"2016-12-13T11:56:07","modified_gmt":"2016-12-13T10:56:07","slug":"nasze-kochane-losie","status":"publish","type":"post","link":"https:\/\/www.milosnicylasu.olsztyn.pl\/?p=3322","title":{"rendered":"Nasze kochane \u0142osie"},"content":{"rendered":"<p><a href=\"http:\/\/www.milosnicylasu.olsztyn.pl\/wp-content\/uploads\/2016\/11\/DSCN9602-www.jpg\" rel=\"attachment wp-att-3237\" data-rel=\"lightbox-image-0\" data-magnific_type=\"image\" data-rl_title=\"\" data-rl_caption=\"\" title=\"\"><img loading=\"lazy\" decoding=\"async\" class=\"size-medium wp-image-3237 alignleft\" src=\"http:\/\/www.milosnicylasu.olsztyn.pl\/wp-content\/uploads\/2016\/11\/DSCN9602-www-300x225.jpg\" alt=\"dscn9602-www\" width=\"300\" height=\"225\" srcset=\"https:\/\/www.milosnicylasu.olsztyn.pl\/wp-content\/uploads\/2016\/11\/DSCN9602-www-300x225.jpg 300w, https:\/\/www.milosnicylasu.olsztyn.pl\/wp-content\/uploads\/2016\/11\/DSCN9602-www-768x576.jpg 768w, https:\/\/www.milosnicylasu.olsztyn.pl\/wp-content\/uploads\/2016\/11\/DSCN9602-www.jpg 1024w, https:\/\/www.milosnicylasu.olsztyn.pl\/wp-content\/uploads\/2016\/11\/DSCN9602-www-400x300.jpg 400w\" sizes=\"auto, (max-width: 300px) 100vw, 300px\" \/><\/a>&#8222;Nasze kochane \u0142osie&#8221; &#8211; \u00a0to temat wyk\u0142adu Pana Patryka Kaczy\u0144skiego z 1 grudnia 2016 r, \u00a0przedstawionego w ramach czwartk\u00f3w ekologicznych Ko\u0142a Mi\u0142o\u015bnik\u00f3w Lasu i Militari\u00f3w LOK przy ATW w Olsztynie.<\/p>\n<p>Wyk\u0142ad by\u0142 bardzo ciekawy, urozmaicony wieloma eksponatami, kt\u00f3re Pan Patryk przyni\u00f3s\u0142 na spotkanie. Mogli\u015bmy zobaczy\u0107 w jaki spos\u00f3b le\u015bnicy zabezpieczaj\u0105 drzewka przed zjadaniem \u00a0przez zwierz\u0119ta le\u015bne. Widzieli\u015bmy r\u00f3wnie\u017c uszkodzone drzewka w wyniku ich obgryzania m.in. przez \u0142osie..<\/p>\n<p>W drugiej cz\u0119\u015bci spotkania wr\u0119czono upominki i medale zdobyte w konkursach i zawodach strzeleckich.<\/p>\n","protected":false},"excerpt":{"rendered":"<p>&#8222;Nasze kochane \u0142osie&#8221; &#8211; \u00a0to temat wyk\u0142adu Pana Patryka Kaczy\u0144skiego z 1 grudnia 2016 r, \u00a0przedstawionego w ramach czwartk\u00f3w ekologicznych Ko\u0142a Mi\u0142o\u015bnik\u00f3w Lasu i Militari\u00f3w LOK przy ATW w Olsztynie. Wyk\u0142ad by\u0142 bardzo ciekawy, urozmaicony wieloma eksponatami, kt\u00f3re Pan Patryk przyni\u00f3s\u0142 na spotkanie. Mogli\u015bmy zobaczy\u0107 w jaki spos\u00f3b le\u015bnicy zabezpieczaj\u0105 drzewka przed zjadaniem \u00a0przez zwierz\u0119ta [&hellip;]<\/p>\n","protected":false},"author":2,"featured_media":0,"comment_status":"open","ping_status":"open","sticky":false,"template":"","format":"standard","meta":{"footnotes":""},"categories":[9,3],"tags":[],"class_list":["post-3322","post","type-post","status-publish","format-standard","hentry","category-ciekawostki","category-zebrania"],"_links":{"self":[{"href":"https:\/\/www.milosnicylasu.olsztyn.pl\/index.php?rest_route=\/wp\/v2\/posts\/3322","targetHints":{"allow":["GET"]}}],"collection":[{"href":"https:\/\/www.milosnicylasu.olsztyn.pl\/index.php?rest_route=\/wp\/v2\/posts"}],"about":[{"href":"https:\/\/www.milosnicylasu.olsztyn.pl\/index.php?rest_route=\/wp\/v2\/types\/post"}],"author":[{"embeddable":true,"href":"https:\/\/www.milosnicylasu.olsztyn.pl\/index.php?rest_route=\/wp\/v2\/users\/2"}],"replies":[{"embeddable":true,"href":"https:\/\/www.milosnicylasu.olsztyn.pl\/index.php?rest_route=%2Fwp%2Fv2%2Fcomments&post=3322"}],"version-history":[{"count":3,"href":"https:\/\/www.milosnicylasu.olsztyn.pl\/index.php?rest_route=\/wp\/v2\/posts\/3322\/revisions"}],"predecessor-version":[{"id":3329,"href":"https:\/\/www.milosnicylasu.olsztyn.pl\/index.php?rest_route=\/wp\/v2\/posts\/3322\/revisions\/3329"}],"wp:attachment":[{"href":"https:\/\/www.milosnicylasu.olsztyn.pl\/index.php?rest_route=%2Fwp%2Fv2%2Fmedia&parent=3322"}],"wp:term":[{"taxonomy":"category","embeddable":true,"href":"https:\/\/www.milosnicylasu.olsztyn.pl\/index.php?rest_route=%2Fwp%2Fv2%2Fcategories&post=3322"},{"taxonomy":"post_tag","embeddable":true,"href":"https:\/\/www.milosnicylasu.olsztyn.pl\/index.php?rest_route=%2Fwp%2Fv2%2Ftags&post=3322"}],"curies":[{"name":"wp","href":"https:\/\/api.w.org\/{rel}","templated":true}]}}