{"id":3324,"date":"2016-12-13T11:51:32","date_gmt":"2016-12-13T10:51:32","guid":{"rendered":"http:\/\/www.milosnicylasu.olsztyn.pl\/?p=3324"},"modified":"2016-12-13T12:17:13","modified_gmt":"2016-12-13T11:17:13","slug":"zaproszenie-3","status":"publish","type":"post","link":"https:\/\/www.milosnicylasu.olsztyn.pl\/?p=3324","title":{"rendered":"Zaproszenie"},"content":{"rendered":"<p><a href=\"http:\/\/www.milosnicylasu.olsztyn.pl\/wp-content\/uploads\/2015\/12\/DSCN5007-www.jpg\" rel=\"attachment wp-att-2388\" data-rel=\"lightbox-image-0\" data-magnific_type=\"image\" data-rl_title=\"\" data-rl_caption=\"\" title=\"\"><img loading=\"lazy\" decoding=\"async\" class=\"size-medium wp-image-2388 alignleft\" src=\"http:\/\/www.milosnicylasu.olsztyn.pl\/wp-content\/uploads\/2015\/12\/DSCN5007-www-225x300.jpg\" alt=\"DSCN5007-www\" width=\"225\" height=\"300\" srcset=\"https:\/\/www.milosnicylasu.olsztyn.pl\/wp-content\/uploads\/2015\/12\/DSCN5007-www-225x300.jpg 225w, https:\/\/www.milosnicylasu.olsztyn.pl\/wp-content\/uploads\/2015\/12\/DSCN5007-www.jpg 768w\" sizes=\"auto, (max-width: 225px) 100vw, 225px\" \/><\/a>Serdecznie zapraszamy na coroczne ubieranie le\u015bnej choinki, kt\u00f3re odb\u0119dzie si\u0119 17 grudnia 2016 r. Zbi\u00f3rka godzina 10.00 na p\u0119tli autobus\u00f3w \u00a0w Kortowie. Zapraszamy ca\u0142e rodziny : tzn takie, jak m\u00f3wi Natalka, &#8222;co je\u017cd\u017c\u0105 tramwajem i autobusem za darmo &#8222;, troch\u0119 m\u0142odsze, ich dzieci, wnuki a mo\u017ce i prawnuki. Dla wszystkich b\u0119d\u0105 s\u0142odkie niespodzianki . Prosimy zabra\u0107 z sob\u0105 marchewki, jab\u0142uszka, sk\u00f3rki s\u0142oninek i inne ekologiczne produkty, kt\u00f3rymi przystroimy choink\u0119.i pokol\u0119dujemy.<\/p>\n<p>Zapowiada si\u0119 niez\u0142a pogoda, wi\u0119c do zobaczenia! Nasza choinka b\u0119dzie prezentem- niespodziabnk\u0105 dla naszych &#8222;le\u015bnych braci&#8221;.<\/p>\n<p><em><strong>NADEJDZIE PORA \u015aNIE\u017bNYCH CZAR\u00d3W<\/strong>\u00a0\u00a0\u00a0\u00a0\u00a0 K. J. W\u0119grzyna <\/em><\/p>\n<p><em> Nadejdzie znowu \u00a0zima <\/em><br \/>\n<em> I poubiera \u015bwierki w czapy <\/em><br \/>\n<em> I b\u0119d\u0105 sta\u0142y otulone <\/em><br \/>\n<em> Dmuchaj\u0105c w przemarzni\u0119te \u0142apy\u00a0\u00a0\u00a0\u00a0\u00a0\u00a0\u00a0\u00a0\u00a0\u00a0\u00a0\u00a0\u00a0\u00a0\u00a0\u00a0\u00a0 <\/em><\/p>\n<p><em> B\u0119d\u0105 si\u0119 szeptem naradza\u0142y <\/em><br \/>\n<em> Bo jest to ju\u017c ich zwyczaj taki <\/em><br \/>\n<em> Jak pom\u00f3c ptakom i zwierzynie <\/em><br \/>\n<em> Gdy \u015bnieg zasypie le\u015bne szlaki <\/em><\/p>\n<p><em> Nadejdzie pora \u015bnie\u017cnych czar\u00f3w <\/em><br \/>\n<em> Po drogach b\u0119dzie chodzi\u0142 mr\u00f3z <\/em><br \/>\n<em> W skrzypi\u0105cych butach w srebrnym szalu <\/em><br \/>\n<em> &#8222;Bia\u0142e szale\u0144stwo&#8221; b\u0119dzie ni\u00f3s\u0142<\/em><\/p>\n","protected":false},"excerpt":{"rendered":"<p>Serdecznie zapraszamy na coroczne ubieranie le\u015bnej choinki, kt\u00f3re odb\u0119dzie si\u0119 17 grudnia 2016 r. Zbi\u00f3rka godzina 10.00 na p\u0119tli autobus\u00f3w \u00a0w Kortowie. Zapraszamy ca\u0142e rodziny : tzn takie, jak m\u00f3wi Natalka, &#8222;co je\u017cd\u017c\u0105 tramwajem i autobusem za darmo &#8222;, troch\u0119 m\u0142odsze, ich dzieci, wnuki a mo\u017ce i prawnuki. Dla wszystkich b\u0119d\u0105 s\u0142odkie niespodzianki . Prosimy [&hellip;]<\/p>\n","protected":false},"author":2,"featured_media":0,"comment_status":"open","ping_status":"open","sticky":false,"template":"","format":"standard","meta":{"footnotes":""},"categories":[9,2],"tags":[],"class_list":["post-3324","post","type-post","status-publish","format-standard","hentry","category-ciekawostki","category-rajdy"],"_links":{"self":[{"href":"https:\/\/www.milosnicylasu.olsztyn.pl\/index.php?rest_route=\/wp\/v2\/posts\/3324","targetHints":{"allow":["GET"]}}],"collection":[{"href":"https:\/\/www.milosnicylasu.olsztyn.pl\/index.php?rest_route=\/wp\/v2\/posts"}],"about":[{"href":"https:\/\/www.milosnicylasu.olsztyn.pl\/index.php?rest_route=\/wp\/v2\/types\/post"}],"author":[{"embeddable":true,"href":"https:\/\/www.milosnicylasu.olsztyn.pl\/index.php?rest_route=\/wp\/v2\/users\/2"}],"replies":[{"embeddable":true,"href":"https:\/\/www.milosnicylasu.olsztyn.pl\/index.php?rest_route=%2Fwp%2Fv2%2Fcomments&post=3324"}],"version-history":[{"count":5,"href":"https:\/\/www.milosnicylasu.olsztyn.pl\/index.php?rest_route=\/wp\/v2\/posts\/3324\/revisions"}],"predecessor-version":[{"id":3336,"href":"https:\/\/www.milosnicylasu.olsztyn.pl\/index.php?rest_route=\/wp\/v2\/posts\/3324\/revisions\/3336"}],"wp:attachment":[{"href":"https:\/\/www.milosnicylasu.olsztyn.pl\/index.php?rest_route=%2Fwp%2Fv2%2Fmedia&parent=3324"}],"wp:term":[{"taxonomy":"category","embeddable":true,"href":"https:\/\/www.milosnicylasu.olsztyn.pl\/index.php?rest_route=%2Fwp%2Fv2%2Fcategories&post=3324"},{"taxonomy":"post_tag","embeddable":true,"href":"https:\/\/www.milosnicylasu.olsztyn.pl\/index.php?rest_route=%2Fwp%2Fv2%2Ftags&post=3324"}],"curies":[{"name":"wp","href":"https:\/\/api.w.org\/{rel}","templated":true}]}}