{"id":3357,"date":"2017-01-05T08:13:08","date_gmt":"2017-01-05T07:13:08","guid":{"rendered":"http:\/\/www.milosnicylasu.olsztyn.pl\/?p=3357"},"modified":"2017-01-05T08:13:08","modified_gmt":"2017-01-05T07:13:08","slug":"a-moze-by-tak-w-sen-zimowy","status":"publish","type":"post","link":"https:\/\/www.milosnicylasu.olsztyn.pl\/?p=3357","title":{"rendered":"A mo\u017ce by tak w sen zimowy&#8230;.."},"content":{"rendered":"<p>Na dworze szaro, smutno i&#8230;. zimno. Dzie\u0144 kr\u00f3tki.. i czasem marzy si\u0119 aby &#8230; \u00a0obudzi\u0107 si\u0119 wiosn\u0105. Jest nawet takie powiedzenie: &#8222;aby do wiosny&#8221;. To o czym mo\u017cemy tylko pomarzy\u0107 to niekt\u00f3rzy tak ju\u017c maj\u0105.<\/p>\n<p>Niekt\u00f3re zwierz\u0119ta sta\u0142ocieplne w okresie zimowym zapadaj\u0105\u00a0w fizjologiczny stan odr\u0119twienia organizmu, kt\u00f3ry objawia si\u0119 okresowym spowolnieniem proces\u00f3w \u017cyciowych takich jak: spowolnienie akcji serca; \u00a0metabolizmu; oddychania; akcji m\u00f3zgu, spadek temperatury cia\u0142a, obni\u017cenia pobudliwo\u015bci nerwowej.\u00a0Stan ten trwa od kilku tygodni do kilku miesi\u0119cy, mo\u017ce by\u0107 ci\u0105g\u0142y lub z kr\u00f3tkimi przerwami a poprzedzony jest gromadzeniem tkanki t\u0142uszczowej w organizmie lub robieniem zapas\u00f3w pokarmu w gnie\u017adzie oraz zmianami w funkcjonowaniu gruczo\u0142\u00f3w dokrewnych.<\/p>\n<p>Przyk\u0142adowe zwierz\u0119ta sta\u0142ocieplne zapadaj\u0105ce w sen zimowy:<\/p>\n<p><strong>nied\u017awied\u017a brunatny, je\u017c, nietoperze, borsuk, suse\u0142. <\/strong><\/p>\n<p>To tylko kilka przedstawicieli zwierz\u0105t kt\u00f3re zapadaj\u0105 w sen zimowy i wszystkie s\u0105 ssakami. Poza nimi na zim\u0119 zasypiaj\u0105 jeszcze:<strong> popielice, koszatki, \u015bwistaki, bobaki, chomiki i kilka innych.<\/strong><\/p>\n<p>W stan hibernacji naturalnej zapadaj\u0105 r\u00f3wnie\u017c\u00a0zwierz\u0119ta zmiennocieplne: owady, paj\u0105ki, w\u0119\u017ce a tak\u017ce p\u0142azy i gady<\/p>\n","protected":false},"excerpt":{"rendered":"<p>Na dworze szaro, smutno i&#8230;. zimno. Dzie\u0144 kr\u00f3tki.. i czasem marzy si\u0119 aby &#8230; \u00a0obudzi\u0107 si\u0119 wiosn\u0105. Jest nawet takie powiedzenie: &#8222;aby do wiosny&#8221;. To o czym mo\u017cemy tylko pomarzy\u0107 to niekt\u00f3rzy tak ju\u017c maj\u0105. Niekt\u00f3re zwierz\u0119ta sta\u0142ocieplne w okresie zimowym zapadaj\u0105\u00a0w fizjologiczny stan odr\u0119twienia organizmu, kt\u00f3ry objawia si\u0119 okresowym spowolnieniem proces\u00f3w \u017cyciowych takich jak: [&hellip;]<\/p>\n","protected":false},"author":2,"featured_media":0,"comment_status":"open","ping_status":"open","sticky":false,"template":"","format":"standard","meta":{"footnotes":""},"categories":[1,9],"tags":[],"class_list":["post-3357","post","type-post","status-publish","format-standard","hentry","category-bez-kategorii","category-ciekawostki"],"_links":{"self":[{"href":"https:\/\/www.milosnicylasu.olsztyn.pl\/index.php?rest_route=\/wp\/v2\/posts\/3357","targetHints":{"allow":["GET"]}}],"collection":[{"href":"https:\/\/www.milosnicylasu.olsztyn.pl\/index.php?rest_route=\/wp\/v2\/posts"}],"about":[{"href":"https:\/\/www.milosnicylasu.olsztyn.pl\/index.php?rest_route=\/wp\/v2\/types\/post"}],"author":[{"embeddable":true,"href":"https:\/\/www.milosnicylasu.olsztyn.pl\/index.php?rest_route=\/wp\/v2\/users\/2"}],"replies":[{"embeddable":true,"href":"https:\/\/www.milosnicylasu.olsztyn.pl\/index.php?rest_route=%2Fwp%2Fv2%2Fcomments&post=3357"}],"version-history":[{"count":1,"href":"https:\/\/www.milosnicylasu.olsztyn.pl\/index.php?rest_route=\/wp\/v2\/posts\/3357\/revisions"}],"predecessor-version":[{"id":3358,"href":"https:\/\/www.milosnicylasu.olsztyn.pl\/index.php?rest_route=\/wp\/v2\/posts\/3357\/revisions\/3358"}],"wp:attachment":[{"href":"https:\/\/www.milosnicylasu.olsztyn.pl\/index.php?rest_route=%2Fwp%2Fv2%2Fmedia&parent=3357"}],"wp:term":[{"taxonomy":"category","embeddable":true,"href":"https:\/\/www.milosnicylasu.olsztyn.pl\/index.php?rest_route=%2Fwp%2Fv2%2Fcategories&post=3357"},{"taxonomy":"post_tag","embeddable":true,"href":"https:\/\/www.milosnicylasu.olsztyn.pl\/index.php?rest_route=%2Fwp%2Fv2%2Ftags&post=3357"}],"curies":[{"name":"wp","href":"https:\/\/api.w.org\/{rel}","templated":true}]}}