{"id":3366,"date":"2017-01-10T08:19:26","date_gmt":"2017-01-10T07:19:26","guid":{"rendered":"http:\/\/www.milosnicylasu.olsztyn.pl\/?p=3366"},"modified":"2017-01-10T08:33:16","modified_gmt":"2017-01-10T07:33:16","slug":"pierwsze-spotkanie-w-nowym-roku","status":"publish","type":"post","link":"https:\/\/www.milosnicylasu.olsztyn.pl\/?p=3366","title":{"rendered":"Pierwsze spotkanie w Nowym Roku"},"content":{"rendered":"<p>Pierwszy czwartek stycznia 2017 r. to kolejny czwartek ekologiczny w RDLP w Olsztynie i pierwsze spotkanie cz\u0142onk\u00f3w Ko\u0142a Mi\u0142o\u015bnik\u00f3w Lasu i Militari\u00f3w LOK przy ATW w Olsztynie.<a href=\"http:\/\/www.milosnicylasu.olsztyn.pl\/wp-content\/uploads\/2017\/01\/DSCN9913-www.jpg\" rel=\"attachment wp-att-3367\" data-rel=\"lightbox-image-0\" data-magnific_type=\"image\" data-rl_title=\"\" data-rl_caption=\"\" title=\"\"><img loading=\"lazy\" decoding=\"async\" class=\"size-medium wp-image-3367 alignleft\" src=\"http:\/\/www.milosnicylasu.olsztyn.pl\/wp-content\/uploads\/2017\/01\/DSCN9913-www-300x225.jpg\" alt=\"dscn9913-www\" width=\"300\" height=\"225\" srcset=\"https:\/\/www.milosnicylasu.olsztyn.pl\/wp-content\/uploads\/2017\/01\/DSCN9913-www-300x225.jpg 300w, https:\/\/www.milosnicylasu.olsztyn.pl\/wp-content\/uploads\/2017\/01\/DSCN9913-www-768x576.jpg 768w, https:\/\/www.milosnicylasu.olsztyn.pl\/wp-content\/uploads\/2017\/01\/DSCN9913-www.jpg 1024w, https:\/\/www.milosnicylasu.olsztyn.pl\/wp-content\/uploads\/2017\/01\/DSCN9913-www-400x300.jpg 400w\" sizes=\"auto, (max-width: 300px) 100vw, 300px\" \/><\/a>Naszym go\u015bciem by\u0142 Adam Ge\u0142don z Nadle\u015bnictwa Spychowo, kt\u00f3ry przybli\u017cy\u0142 nam temat liczenia wilk\u00f3w i rysi w 2015 roku,\u00a0na terenie nadle\u015bnictw wchodz\u0105cych w sk\u0142ad kompleksu le\u015bnego Puszczy Piskiej, Puszczy Napiwodzko-Ramuckiej, Puszczy Boreckiej, Puszczy Rominckiej i nadle\u015bnictw bezpo\u015brednio do nich przylegaj\u0105cych.<\/p>\n<p>A jakie informacje brane s\u0105 pod uwag\u0119 przy oszacowaniu ilo\u015bci zwierz\u0105t na danym terenie? To m.in.\u00a0znalezione tropy, odchody, mocz, oznaki rui, ofiary, legowiska, obserwacje naoczne, oraz s\u0142yszane wycie.<\/p>\n<p>W trakcie tego liczenia minimaln\u0105 liczb\u0119 wilk\u00f3w oszacowano\u00a0na 96-114 osobnik\u00f3w.<\/p>\n<p>\u0141\u0105czna liczba grup rodzinnych wilk\u00f3w na ca\u0142ym obszarze obj\u0119tym inwentaryzacj\u0105 wynios\u0142a 24, w tym :<\/p>\n<ul>\n<li>\u00a05 watah w Puszczy Piskiej, 7 w Puszczy Napiwodzko-Ramuckiej, 2 w Lasach Taborskich (nadle\u015bnictwa Mi\u0142om\u0142yn, Stare Jab\u0142onki i Jagie\u0142ek), 2 w Puszczy Rominckiej, 2 w Nadle\u015bnictwie Srokowo, i po jednej grupie w: Puszczy Boreckiej, w p\u00f3\u0142nocnej cz\u0119\u015bci nadle\u015bnictw Czerwony Dw\u00f3r i Borki, w Lasach G\u00f3rznie\u0144sko-Lidzbarskich (nadle\u015bnictwa Brodnica i Lidzbark), w Nadle\u015bnictwie Wipsowo, Dryga\u0142y oraz na pograniczu nadle\u015bnictw Olecko i E\u0142k.<\/li>\n<\/ul>\n<p>To tylko niekt\u00f3re informacje przekazane nam podczas spotkania przez Pana Adama Ge\u0142dona. Dzi\u0119kujemy za wyk\u0142ad. Doceniamy to, \u017ce mimo \u00a0bardzo niesprzyjaj\u0105cej pogody dotar\u0142 do nas \u00a0i podzieli\u0142 si\u0119 wiedz\u0105.<a href=\"http:\/\/www.milosnicylasu.olsztyn.pl\/wp-content\/uploads\/2017\/01\/DSCN9934-www.jpg\" rel=\"attachment wp-att-3372\" data-rel=\"lightbox-image-1\" data-magnific_type=\"image\" data-rl_title=\"\" data-rl_caption=\"\" title=\"\"><img loading=\"lazy\" decoding=\"async\" class=\"size-medium wp-image-3372 alignleft\" src=\"http:\/\/www.milosnicylasu.olsztyn.pl\/wp-content\/uploads\/2017\/01\/DSCN9934-www-225x300.jpg\" alt=\"dscn9934-www\" width=\"225\" height=\"300\" srcset=\"https:\/\/www.milosnicylasu.olsztyn.pl\/wp-content\/uploads\/2017\/01\/DSCN9934-www-225x300.jpg 225w, https:\/\/www.milosnicylasu.olsztyn.pl\/wp-content\/uploads\/2017\/01\/DSCN9934-www.jpg 768w\" sizes=\"auto, (max-width: 225px) 100vw, 225px\" \/><\/a><\/p>\n<p><span style=\"font-weight: 300;\">Na pami\u0105tk\u0119 otrzyma\u0142 maki wykonane przez Krystyn\u0119 Leszczy\u0144sk\u0105 technik\u0105 haftu wst\u0105\u017ceczkowego.<\/span><\/p>\n<p>&nbsp;<\/p>\n<p>W dalszej cz\u0119\u015bci zebrania Prezes Ko\u0142a Anatol Leszczy\u0144ski om\u00f3wi\u0142 wykonanie planu pracy w grudniu 2016 roku i przedstawi\u0142 propozycje na stycze\u0144 2017 r.<a href=\"http:\/\/www.milosnicylasu.olsztyn.pl\/wp-content\/uploads\/2017\/01\/DSCN9940-www.jpg\" rel=\"attachment wp-att-3371\" data-rel=\"lightbox-image-2\" data-magnific_type=\"image\" data-rl_title=\"\" data-rl_caption=\"\" title=\"\"><img loading=\"lazy\" decoding=\"async\" class=\"size-medium wp-image-3371 alignright\" src=\"http:\/\/www.milosnicylasu.olsztyn.pl\/wp-content\/uploads\/2017\/01\/DSCN9940-www-300x225.jpg\" alt=\"dscn9940-www\" width=\"300\" height=\"225\" srcset=\"https:\/\/www.milosnicylasu.olsztyn.pl\/wp-content\/uploads\/2017\/01\/DSCN9940-www-300x225.jpg 300w, https:\/\/www.milosnicylasu.olsztyn.pl\/wp-content\/uploads\/2017\/01\/DSCN9940-www-768x576.jpg 768w, https:\/\/www.milosnicylasu.olsztyn.pl\/wp-content\/uploads\/2017\/01\/DSCN9940-www.jpg 1024w, https:\/\/www.milosnicylasu.olsztyn.pl\/wp-content\/uploads\/2017\/01\/DSCN9940-www-400x300.jpg 400w\" sizes=\"auto, (max-width: 300px) 100vw, 300px\" \/><\/a><\/p>\n<p>&nbsp;<\/p>\n<p>&nbsp;<\/p>\n<p>Wr\u0119czy\u0142 s\u0142odkie upominki kole\u017cankom, kt\u00f3re zorganizowa\u0142y w Regionalnej Dyrekcji Las\u00f3w Pa\u0144stwowych w Olsztynie \u00a0wystaw\u0119 przed Bo\u017cym Narodzeniem.<\/p>\n<p>&nbsp;<\/p>\n","protected":false},"excerpt":{"rendered":"<p>Pierwszy czwartek stycznia 2017 r. to kolejny czwartek ekologiczny w RDLP w Olsztynie i pierwsze spotkanie cz\u0142onk\u00f3w Ko\u0142a Mi\u0142o\u015bnik\u00f3w Lasu i Militari\u00f3w LOK przy ATW w Olsztynie.Naszym go\u015bciem by\u0142 Adam Ge\u0142don z Nadle\u015bnictwa Spychowo, kt\u00f3ry przybli\u017cy\u0142 nam temat liczenia wilk\u00f3w i rysi w 2015 roku,\u00a0na terenie nadle\u015bnictw wchodz\u0105cych w sk\u0142ad kompleksu le\u015bnego Puszczy Piskiej, Puszczy [&hellip;]<\/p>\n","protected":false},"author":2,"featured_media":0,"comment_status":"open","ping_status":"open","sticky":false,"template":"","format":"standard","meta":{"footnotes":""},"categories":[1,9,3],"tags":[],"class_list":["post-3366","post","type-post","status-publish","format-standard","hentry","category-bez-kategorii","category-ciekawostki","category-zebrania"],"_links":{"self":[{"href":"https:\/\/www.milosnicylasu.olsztyn.pl\/index.php?rest_route=\/wp\/v2\/posts\/3366","targetHints":{"allow":["GET"]}}],"collection":[{"href":"https:\/\/www.milosnicylasu.olsztyn.pl\/index.php?rest_route=\/wp\/v2\/posts"}],"about":[{"href":"https:\/\/www.milosnicylasu.olsztyn.pl\/index.php?rest_route=\/wp\/v2\/types\/post"}],"author":[{"embeddable":true,"href":"https:\/\/www.milosnicylasu.olsztyn.pl\/index.php?rest_route=\/wp\/v2\/users\/2"}],"replies":[{"embeddable":true,"href":"https:\/\/www.milosnicylasu.olsztyn.pl\/index.php?rest_route=%2Fwp%2Fv2%2Fcomments&post=3366"}],"version-history":[{"count":4,"href":"https:\/\/www.milosnicylasu.olsztyn.pl\/index.php?rest_route=\/wp\/v2\/posts\/3366\/revisions"}],"predecessor-version":[{"id":3373,"href":"https:\/\/www.milosnicylasu.olsztyn.pl\/index.php?rest_route=\/wp\/v2\/posts\/3366\/revisions\/3373"}],"wp:attachment":[{"href":"https:\/\/www.milosnicylasu.olsztyn.pl\/index.php?rest_route=%2Fwp%2Fv2%2Fmedia&parent=3366"}],"wp:term":[{"taxonomy":"category","embeddable":true,"href":"https:\/\/www.milosnicylasu.olsztyn.pl\/index.php?rest_route=%2Fwp%2Fv2%2Fcategories&post=3366"},{"taxonomy":"post_tag","embeddable":true,"href":"https:\/\/www.milosnicylasu.olsztyn.pl\/index.php?rest_route=%2Fwp%2Fv2%2Ftags&post=3366"}],"curies":[{"name":"wp","href":"https:\/\/api.w.org\/{rel}","templated":true}]}}