{"id":3374,"date":"2017-01-11T08:22:33","date_gmt":"2017-01-11T07:22:33","guid":{"rendered":"http:\/\/www.milosnicylasu.olsztyn.pl\/?p=3374"},"modified":"2017-01-11T08:23:18","modified_gmt":"2017-01-11T07:23:18","slug":"nasze-pasje-zainteresowania","status":"publish","type":"post","link":"https:\/\/www.milosnicylasu.olsztyn.pl\/?p=3374","title":{"rendered":"Nasze pasje, zainteresowania&#8230;&#8230;."},"content":{"rendered":"<p>Ko\u0142o Mi\u0142o\u015bnik\u00f3w Lasu i Militari\u00f3w LOK przy ATW w Olsztynie \u00a0 skupia ludzi r\u00f3\u017cni\u0105cych si\u0119 wiekiem, zawodem, maj\u0105cych r\u00f3\u017cne pasje. Na grudniowej wystawie w RDLP w Olsztynie mogli\u015bmy podziwia\u0107 &#8222;cude\u0144ka&#8221; wykonane przez kole\u017canki z sekcji r\u0119kodzie\u0142a, a na styczniowym zebraniu swoje prace przedstawili <a href=\"http:\/\/www.milosnicylasu.olsztyn.pl\/wp-content\/uploads\/2017\/01\/DSCN9918-www.jpg\" rel=\"attachment wp-att-3375\" data-rel=\"lightbox-image-0\" data-magnific_type=\"image\" data-rl_title=\"\" data-rl_caption=\"\" title=\"\"><img loading=\"lazy\" decoding=\"async\" class=\"size-medium wp-image-3375 alignleft\" src=\"http:\/\/www.milosnicylasu.olsztyn.pl\/wp-content\/uploads\/2017\/01\/DSCN9918-www-300x225.jpg\" alt=\"dscn9918-www\" width=\"300\" height=\"225\" srcset=\"https:\/\/www.milosnicylasu.olsztyn.pl\/wp-content\/uploads\/2017\/01\/DSCN9918-www-300x225.jpg 300w, https:\/\/www.milosnicylasu.olsztyn.pl\/wp-content\/uploads\/2017\/01\/DSCN9918-www-768x576.jpg 768w, https:\/\/www.milosnicylasu.olsztyn.pl\/wp-content\/uploads\/2017\/01\/DSCN9918-www.jpg 1024w, https:\/\/www.milosnicylasu.olsztyn.pl\/wp-content\/uploads\/2017\/01\/DSCN9918-www-400x300.jpg 400w\" sizes=\"auto, (max-width: 300px) 100vw, 300px\" \/><\/a><\/p>\n<p>&nbsp;<\/p>\n<p>Ania Kukli\u0144ska,<\/p>\n<p>&nbsp;<\/p>\n<p><a href=\"http:\/\/www.milosnicylasu.olsztyn.pl\/wp-content\/uploads\/2017\/01\/DSCN9920-www.jpg\" rel=\"attachment wp-att-3376\" data-rel=\"lightbox-image-1\" data-magnific_type=\"image\" data-rl_title=\"\" data-rl_caption=\"\" title=\"\"><img loading=\"lazy\" decoding=\"async\" class=\"size-medium wp-image-3376 alignright\" src=\"http:\/\/www.milosnicylasu.olsztyn.pl\/wp-content\/uploads\/2017\/01\/DSCN9920-www-300x225.jpg\" alt=\"dscn9920-www\" width=\"300\" height=\"225\" srcset=\"https:\/\/www.milosnicylasu.olsztyn.pl\/wp-content\/uploads\/2017\/01\/DSCN9920-www-300x225.jpg 300w, https:\/\/www.milosnicylasu.olsztyn.pl\/wp-content\/uploads\/2017\/01\/DSCN9920-www-768x576.jpg 768w, https:\/\/www.milosnicylasu.olsztyn.pl\/wp-content\/uploads\/2017\/01\/DSCN9920-www.jpg 1024w, https:\/\/www.milosnicylasu.olsztyn.pl\/wp-content\/uploads\/2017\/01\/DSCN9920-www-400x300.jpg 400w\" sizes=\"auto, (max-width: 300px) 100vw, 300px\" \/><\/a><\/p>\n<p>&nbsp;<\/p>\n<p>&nbsp;<\/p>\n<p>&nbsp;<\/p>\n<p>&nbsp;<\/p>\n<p>&nbsp;<\/p>\n<p>Antoni Jarczyk<\/p>\n<p>&nbsp;<\/p>\n<p>&nbsp;<\/p>\n<p>&nbsp;<\/p>\n<p><a href=\"http:\/\/www.milosnicylasu.olsztyn.pl\/wp-content\/uploads\/2017\/01\/DSCN9916-www.jpg\" rel=\"attachment wp-att-3377\" data-rel=\"lightbox-image-2\" data-magnific_type=\"image\" data-rl_title=\"\" data-rl_caption=\"\" title=\"\"><img loading=\"lazy\" decoding=\"async\" class=\"size-medium wp-image-3377 alignleft\" src=\"http:\/\/www.milosnicylasu.olsztyn.pl\/wp-content\/uploads\/2017\/01\/DSCN9916-www-300x225.jpg\" alt=\"dscn9916-www\" width=\"300\" height=\"225\" srcset=\"https:\/\/www.milosnicylasu.olsztyn.pl\/wp-content\/uploads\/2017\/01\/DSCN9916-www-300x225.jpg 300w, https:\/\/www.milosnicylasu.olsztyn.pl\/wp-content\/uploads\/2017\/01\/DSCN9916-www-768x576.jpg 768w, https:\/\/www.milosnicylasu.olsztyn.pl\/wp-content\/uploads\/2017\/01\/DSCN9916-www.jpg 1024w, https:\/\/www.milosnicylasu.olsztyn.pl\/wp-content\/uploads\/2017\/01\/DSCN9916-www-400x300.jpg 400w\" sizes=\"auto, (max-width: 300px) 100vw, 300px\" \/><\/a><\/p>\n<p>&nbsp;<\/p>\n<p>&nbsp;<\/p>\n<p>i Krystyna Leszczy\u0144ska.<\/p>\n<p>&nbsp;<\/p>\n<p>&nbsp;<\/p>\n<p>W lutym b\u0119dziemy ogl\u0105da\u0107 prace Rysia Chudziakiewicza a w marcu swoj\u0105 pasj\u0105 podzieli si\u0119 z nami J\u00f3zek Gazda. Zapraszamy wszystkich cz\u0142onk\u00f3w Ko\u0142a do przedstawiania swoich zainteresowa\u0144. Mamy nadziej\u0119, \u017ce w ten spos\u00f3b lepiej si\u0119 poznamy, a mo\u017ce te\u017c zainspirujemy do nowych wyzwa\u0144.<\/p>\n","protected":false},"excerpt":{"rendered":"<p>Ko\u0142o Mi\u0142o\u015bnik\u00f3w Lasu i Militari\u00f3w LOK przy ATW w Olsztynie \u00a0 skupia ludzi r\u00f3\u017cni\u0105cych si\u0119 wiekiem, zawodem, maj\u0105cych r\u00f3\u017cne pasje. Na grudniowej wystawie w RDLP w Olsztynie mogli\u015bmy podziwia\u0107 &#8222;cude\u0144ka&#8221; wykonane przez kole\u017canki z sekcji r\u0119kodzie\u0142a, a na styczniowym zebraniu swoje prace przedstawili &nbsp; Ania Kukli\u0144ska, &nbsp; &nbsp; &nbsp; &nbsp; &nbsp; &nbsp; Antoni Jarczyk &nbsp; [&hellip;]<\/p>\n","protected":false},"author":2,"featured_media":0,"comment_status":"open","ping_status":"open","sticky":false,"template":"","format":"standard","meta":{"footnotes":""},"categories":[1,9,4,3],"tags":[],"class_list":["post-3374","post","type-post","status-publish","format-standard","hentry","category-bez-kategorii","category-ciekawostki","category-wystawy","category-zebrania"],"_links":{"self":[{"href":"https:\/\/www.milosnicylasu.olsztyn.pl\/index.php?rest_route=\/wp\/v2\/posts\/3374","targetHints":{"allow":["GET"]}}],"collection":[{"href":"https:\/\/www.milosnicylasu.olsztyn.pl\/index.php?rest_route=\/wp\/v2\/posts"}],"about":[{"href":"https:\/\/www.milosnicylasu.olsztyn.pl\/index.php?rest_route=\/wp\/v2\/types\/post"}],"author":[{"embeddable":true,"href":"https:\/\/www.milosnicylasu.olsztyn.pl\/index.php?rest_route=\/wp\/v2\/users\/2"}],"replies":[{"embeddable":true,"href":"https:\/\/www.milosnicylasu.olsztyn.pl\/index.php?rest_route=%2Fwp%2Fv2%2Fcomments&post=3374"}],"version-history":[{"count":2,"href":"https:\/\/www.milosnicylasu.olsztyn.pl\/index.php?rest_route=\/wp\/v2\/posts\/3374\/revisions"}],"predecessor-version":[{"id":3379,"href":"https:\/\/www.milosnicylasu.olsztyn.pl\/index.php?rest_route=\/wp\/v2\/posts\/3374\/revisions\/3379"}],"wp:attachment":[{"href":"https:\/\/www.milosnicylasu.olsztyn.pl\/index.php?rest_route=%2Fwp%2Fv2%2Fmedia&parent=3374"}],"wp:term":[{"taxonomy":"category","embeddable":true,"href":"https:\/\/www.milosnicylasu.olsztyn.pl\/index.php?rest_route=%2Fwp%2Fv2%2Fcategories&post=3374"},{"taxonomy":"post_tag","embeddable":true,"href":"https:\/\/www.milosnicylasu.olsztyn.pl\/index.php?rest_route=%2Fwp%2Fv2%2Ftags&post=3374"}],"curies":[{"name":"wp","href":"https:\/\/api.w.org\/{rel}","templated":true}]}}