{"id":3381,"date":"2017-01-21T07:29:00","date_gmt":"2017-01-21T06:29:00","guid":{"rendered":"http:\/\/www.milosnicylasu.olsztyn.pl\/?p=3381"},"modified":"2017-01-22T17:12:18","modified_gmt":"2017-01-22T16:12:18","slug":"sobotni-rajd-nasz-udzial-w-orkiestrze-swiatecznej-pomocy","status":"publish","type":"post","link":"https:\/\/www.milosnicylasu.olsztyn.pl\/?p=3381","title":{"rendered":"Sobotni rajd, nasz udzia\u0142 w Wielkiej Orkiestrze \u015awi\u0105tecznej Pomocy"},"content":{"rendered":"<p>Organizowane przez Ko\u0142o Mi\u0142o\u015bnik\u00f3w Lasu i Militari\u00f3w LOK przy ATW w Olsztynie sobotnie rajdy, to dobra propozycja mro\u017anej przechadzki, idealna na podreperowanie kondycji na pocz\u0105tku roku.<a href=\"http:\/\/www.milosnicylasu.olsztyn.pl\/wp-content\/uploads\/2017\/01\/DSC08532-www.jpg\" rel=\"attachment wp-att-3382\" data-rel=\"lightbox-image-0\" data-magnific_type=\"image\" data-rl_title=\"\" data-rl_caption=\"\" title=\"\"><img loading=\"lazy\" decoding=\"async\" class=\"size-medium wp-image-3382 alignleft\" src=\"http:\/\/www.milosnicylasu.olsztyn.pl\/wp-content\/uploads\/2017\/01\/DSC08532-www-300x225.jpg\" alt=\"DSC08532-www\" width=\"300\" height=\"225\" srcset=\"https:\/\/www.milosnicylasu.olsztyn.pl\/wp-content\/uploads\/2017\/01\/DSC08532-www-300x225.jpg 300w, https:\/\/www.milosnicylasu.olsztyn.pl\/wp-content\/uploads\/2017\/01\/DSC08532-www-768x576.jpg 768w, https:\/\/www.milosnicylasu.olsztyn.pl\/wp-content\/uploads\/2017\/01\/DSC08532-www.jpg 1024w, https:\/\/www.milosnicylasu.olsztyn.pl\/wp-content\/uploads\/2017\/01\/DSC08532-www-400x300.jpg 400w\" sizes=\"auto, (max-width: 300px) 100vw, 300px\" \/><\/a><\/p>\n<p>Tym razem &#8211; 14 stycznia przysz\u0142o 17 cz\u0142onk\u00f3w Ko\u0142a, kt\u00f3rych Waldek Chrzanowski poprowadzi\u0142 do wiaty przy le\u015bnicz\u00f3wce Stary Dw\u00f3r, gdzie mo\u017cna by\u0142o ogrza\u0107 si\u0119 przy ognisku, po\u015bpiewa\u0107, pota\u0144czy\u0107, ale te\u017c wzi\u0105\u0107 czynny udzia\u0142 w Wielkiej \u00a0Orkiestrze \u015awi\u0105tecznej Pomocy. \u00a0<a href=\"http:\/\/www.milosnicylasu.olsztyn.pl\/wp-content\/uploads\/2017\/01\/DSC08520-www.jpg\" rel=\"attachment wp-att-3383\" data-rel=\"lightbox-image-1\" data-magnific_type=\"image\" data-rl_title=\"\" data-rl_caption=\"\" title=\"\"><img loading=\"lazy\" decoding=\"async\" class=\"size-medium wp-image-3383 alignright\" src=\"http:\/\/www.milosnicylasu.olsztyn.pl\/wp-content\/uploads\/2017\/01\/DSC08520-www-225x300.jpg\" alt=\"DSC08520-www\" width=\"225\" height=\"300\" srcset=\"https:\/\/www.milosnicylasu.olsztyn.pl\/wp-content\/uploads\/2017\/01\/DSC08520-www-225x300.jpg 225w, https:\/\/www.milosnicylasu.olsztyn.pl\/wp-content\/uploads\/2017\/01\/DSC08520-www.jpg 768w\" sizes=\"auto, (max-width: 225px) 100vw, 225px\" \/><\/a><\/p>\n<p>&nbsp;<\/p>\n<p>&nbsp;<\/p>\n<p>Do przygotowanej przez Waldka puszki uczestnicy rajdu wrzucali datki, kt\u00f3re nast\u0119pnego dnia zosta\u0142y przekazane na akcj\u0119 Jurka Owsiaka, podczas imprezy &#8222;Jazda z Mistrzem&#8221;.<\/p>\n<p>&nbsp;<\/p>\n<p>Mo\u017cna tam by\u0142o wylicytowa\u0107 przejazd, na fotelu pilota rajdowego, z jednym z kierowc\u00f3w warmi\u0144skich: Sebastianem Chrzanowskim, Robertem Kocikiem, Marcinem Kurpiem, Zbigniewem Staniszewskim, Bartoszem Zaborniakiem<\/p>\n<p><a href=\"http:\/\/www.milosnicylasu.olsztyn.pl\/wp-content\/uploads\/2017\/01\/DSC08539-www.jpg\" rel=\"attachment wp-att-3393\" data-rel=\"lightbox-image-2\" data-magnific_type=\"image\" data-rl_title=\"\" data-rl_caption=\"\" title=\"\"><img loading=\"lazy\" decoding=\"async\" class=\"size-medium wp-image-3393 alignleft\" src=\"http:\/\/www.milosnicylasu.olsztyn.pl\/wp-content\/uploads\/2017\/01\/DSC08539-www-300x225.jpg\" alt=\"DSC08539-www\" width=\"300\" height=\"225\" srcset=\"https:\/\/www.milosnicylasu.olsztyn.pl\/wp-content\/uploads\/2017\/01\/DSC08539-www-300x225.jpg 300w, https:\/\/www.milosnicylasu.olsztyn.pl\/wp-content\/uploads\/2017\/01\/DSC08539-www-768x576.jpg 768w, https:\/\/www.milosnicylasu.olsztyn.pl\/wp-content\/uploads\/2017\/01\/DSC08539-www.jpg 1024w, https:\/\/www.milosnicylasu.olsztyn.pl\/wp-content\/uploads\/2017\/01\/DSC08539-www-400x300.jpg 400w\" sizes=\"auto, (max-width: 300px) 100vw, 300px\" \/><\/a><\/p>\n<p>.<\/p>\n<p>&nbsp;<\/p>\n<p>Akcj\u0119 t\u0119 wspierali\u015bmy r\u00f3wnie\u017c w niedziel\u0119, m.in. podczas zawod\u00f3w strzeleckich w siedzibie LOK w Olsztynie, przy ulicy Westerplatte. \u00a0<a href=\"http:\/\/www.milosnicylasu.olsztyn.pl\/wp-content\/uploads\/2017\/01\/DSCN0006-www.jpg\" rel=\"attachment wp-att-3385\" data-rel=\"lightbox-image-3\" data-magnific_type=\"image\" data-rl_title=\"\" data-rl_caption=\"\" title=\"\"><img loading=\"lazy\" decoding=\"async\" class=\"size-medium wp-image-3385 alignright\" src=\"http:\/\/www.milosnicylasu.olsztyn.pl\/wp-content\/uploads\/2017\/01\/DSCN0006-www-300x225.jpg\" alt=\"DSCN0006-www\" width=\"300\" height=\"225\" srcset=\"https:\/\/www.milosnicylasu.olsztyn.pl\/wp-content\/uploads\/2017\/01\/DSCN0006-www-300x225.jpg 300w, https:\/\/www.milosnicylasu.olsztyn.pl\/wp-content\/uploads\/2017\/01\/DSCN0006-www-768x576.jpg 768w, https:\/\/www.milosnicylasu.olsztyn.pl\/wp-content\/uploads\/2017\/01\/DSCN0006-www.jpg 1024w, https:\/\/www.milosnicylasu.olsztyn.pl\/wp-content\/uploads\/2017\/01\/DSCN0006-www-400x300.jpg 400w\" sizes=\"auto, (max-width: 300px) 100vw, 300px\" \/><\/a><\/p>\n<p>&nbsp;<\/p>\n<p>&nbsp;<\/p>\n<p>Liczni cz\u0142onkowie Ko\u0142a, ich rodziny oraz zaprzyja\u017anione z Ko\u0142em osoby wzi\u0119\u0142y udzia\u0142 w strzelaniu \u00a0wnosz\u0105c op\u0142at\u0119 startow\u0105.<\/p>\n<p>&nbsp;<\/p>\n<p>Ca\u0142o\u015b\u0107 dochodu z zawod\u00f3w zosta\u0142a przekazana na konto WO\u015aP.<\/p>\n<p><a href=\"http:\/\/www.milosnicylasu.olsztyn.pl\/wp-content\/uploads\/2017\/01\/DSCN0021-www.jpg\" rel=\"attachment wp-att-3389\" data-rel=\"lightbox-image-4\" data-magnific_type=\"image\" data-rl_title=\"\" data-rl_caption=\"\" title=\"\"><img loading=\"lazy\" decoding=\"async\" class=\"size-medium wp-image-3389 alignright\" src=\"http:\/\/www.milosnicylasu.olsztyn.pl\/wp-content\/uploads\/2017\/01\/DSCN0021-www-225x300.jpg\" alt=\"DSCN0021-www\" width=\"225\" height=\"300\" srcset=\"https:\/\/www.milosnicylasu.olsztyn.pl\/wp-content\/uploads\/2017\/01\/DSCN0021-www-225x300.jpg 225w, https:\/\/www.milosnicylasu.olsztyn.pl\/wp-content\/uploads\/2017\/01\/DSCN0021-www.jpg 768w\" sizes=\"auto, (max-width: 225px) 100vw, 225px\" \/><\/a><\/p>\n<p>&nbsp;<\/p>\n<p>Szczeg\u00f3lnie cieszy udzia\u0142 m\u0142odego pokolenia w tej imprezie.\u015awietnie strzelaj\u0105. Gratulujemy wynik\u00f3w.<\/p>\n<p>&nbsp;<\/p>\n<p>&nbsp;<\/p>\n","protected":false},"excerpt":{"rendered":"<p>Organizowane przez Ko\u0142o Mi\u0142o\u015bnik\u00f3w Lasu i Militari\u00f3w LOK przy ATW w Olsztynie sobotnie rajdy, to dobra propozycja mro\u017anej przechadzki, idealna na podreperowanie kondycji na pocz\u0105tku roku. Tym razem &#8211; 14 stycznia przysz\u0142o 17 cz\u0142onk\u00f3w Ko\u0142a, kt\u00f3rych Waldek Chrzanowski poprowadzi\u0142 do wiaty przy le\u015bnicz\u00f3wce Stary Dw\u00f3r, gdzie mo\u017cna by\u0142o ogrza\u0107 si\u0119 przy ognisku, po\u015bpiewa\u0107, pota\u0144czy\u0107, ale [&hellip;]<\/p>\n","protected":false},"author":2,"featured_media":0,"comment_status":"open","ping_status":"open","sticky":false,"template":"","format":"standard","meta":{"footnotes":""},"categories":[1,9,2,8],"tags":[],"class_list":["post-3381","post","type-post","status-publish","format-standard","hentry","category-bez-kategorii","category-ciekawostki","category-rajdy","category-zawody-strzeleckie"],"_links":{"self":[{"href":"https:\/\/www.milosnicylasu.olsztyn.pl\/index.php?rest_route=\/wp\/v2\/posts\/3381","targetHints":{"allow":["GET"]}}],"collection":[{"href":"https:\/\/www.milosnicylasu.olsztyn.pl\/index.php?rest_route=\/wp\/v2\/posts"}],"about":[{"href":"https:\/\/www.milosnicylasu.olsztyn.pl\/index.php?rest_route=\/wp\/v2\/types\/post"}],"author":[{"embeddable":true,"href":"https:\/\/www.milosnicylasu.olsztyn.pl\/index.php?rest_route=\/wp\/v2\/users\/2"}],"replies":[{"embeddable":true,"href":"https:\/\/www.milosnicylasu.olsztyn.pl\/index.php?rest_route=%2Fwp%2Fv2%2Fcomments&post=3381"}],"version-history":[{"count":8,"href":"https:\/\/www.milosnicylasu.olsztyn.pl\/index.php?rest_route=\/wp\/v2\/posts\/3381\/revisions"}],"predecessor-version":[{"id":3396,"href":"https:\/\/www.milosnicylasu.olsztyn.pl\/index.php?rest_route=\/wp\/v2\/posts\/3381\/revisions\/3396"}],"wp:attachment":[{"href":"https:\/\/www.milosnicylasu.olsztyn.pl\/index.php?rest_route=%2Fwp%2Fv2%2Fmedia&parent=3381"}],"wp:term":[{"taxonomy":"category","embeddable":true,"href":"https:\/\/www.milosnicylasu.olsztyn.pl\/index.php?rest_route=%2Fwp%2Fv2%2Fcategories&post=3381"},{"taxonomy":"post_tag","embeddable":true,"href":"https:\/\/www.milosnicylasu.olsztyn.pl\/index.php?rest_route=%2Fwp%2Fv2%2Ftags&post=3381"}],"curies":[{"name":"wp","href":"https:\/\/api.w.org\/{rel}","templated":true}]}}