{"id":3409,"date":"2017-02-06T20:54:06","date_gmt":"2017-02-06T19:54:06","guid":{"rendered":"http:\/\/www.milosnicylasu.olsztyn.pl\/?p=3409"},"modified":"2017-02-07T05:10:19","modified_gmt":"2017-02-07T04:10:19","slug":"3409","status":"publish","type":"post","link":"https:\/\/www.milosnicylasu.olsztyn.pl\/?p=3409","title":{"rendered":"O Parku Krajobrazowym Pojezierza I\u0142awskiego na  czwartkowym spotkaniu"},"content":{"rendered":"<p>W czasie ostatniego czwartku ekologicznego &#8211; 2 lutego 2017 roku &#8211; mieli\u015bmy mo\u017cliwo\u015b\u0107 spotkania si\u0119 z wyj\u0105tkowymi osobami: z Pani\u0105 Alin\u0105 Rodziewicz z Zespo\u0142u Park\u00f3w Krajobrazowych Pojezierza I\u0142awskiego i Wzg\u00f3rz Dylewskich oraz z Panem Mariuszem G\u00f3rskim &#8211; K\u0142odzi\u0144skim &#8211; Naczelnikiem Wydzia\u0142u Ochrony Ekosystem\u00f3w w Regionalnej Dyrekcji Las\u00f3w Pa\u0144stwowych w Olsztynie.<\/p>\n<p><a href=\"http:\/\/www.milosnicylasu.olsztyn.pl\/wp-content\/uploads\/2017\/02\/DSCN0060-www.jpg\" rel=\"attachment wp-att-3411\" data-rel=\"lightbox-image-0\" data-magnific_type=\"image\" data-rl_title=\"\" data-rl_caption=\"\" title=\"\"><img loading=\"lazy\" decoding=\"async\" class=\"size-medium wp-image-3411 alignleft\" src=\"http:\/\/www.milosnicylasu.olsztyn.pl\/wp-content\/uploads\/2017\/02\/DSCN0060-www-300x225.jpg\" alt=\"DSCN0060-www\" width=\"300\" height=\"225\" srcset=\"https:\/\/www.milosnicylasu.olsztyn.pl\/wp-content\/uploads\/2017\/02\/DSCN0060-www-300x225.jpg 300w, https:\/\/www.milosnicylasu.olsztyn.pl\/wp-content\/uploads\/2017\/02\/DSCN0060-www-768x576.jpg 768w, https:\/\/www.milosnicylasu.olsztyn.pl\/wp-content\/uploads\/2017\/02\/DSCN0060-www.jpg 1024w, https:\/\/www.milosnicylasu.olsztyn.pl\/wp-content\/uploads\/2017\/02\/DSCN0060-www-400x300.jpg 400w\" sizes=\"auto, (max-width: 300px) 100vw, 300px\" \/><\/a>Od Pana Naczelnika us\u0142yszeli\u015bmy wiele mi\u0142ych s\u0142\u00f3w na \u00a0temat naszej dzia\u0142alno\u015bci. Dzi\u0119kujemy.<\/p>\n<p><a href=\"http:\/\/www.milosnicylasu.olsztyn.pl\/wp-content\/uploads\/2017\/02\/DSCN0061-www.jpg\" rel=\"attachment wp-att-3412\" data-rel=\"lightbox-image-1\" data-magnific_type=\"image\" data-rl_title=\"\" data-rl_caption=\"\" title=\"\"><img loading=\"lazy\" decoding=\"async\" class=\"size-medium wp-image-3412 alignright\" src=\"http:\/\/www.milosnicylasu.olsztyn.pl\/wp-content\/uploads\/2017\/02\/DSCN0061-www-300x225.jpg\" alt=\"DSCN0061-www\" width=\"300\" height=\"225\" srcset=\"https:\/\/www.milosnicylasu.olsztyn.pl\/wp-content\/uploads\/2017\/02\/DSCN0061-www-300x225.jpg 300w, https:\/\/www.milosnicylasu.olsztyn.pl\/wp-content\/uploads\/2017\/02\/DSCN0061-www-768x576.jpg 768w, https:\/\/www.milosnicylasu.olsztyn.pl\/wp-content\/uploads\/2017\/02\/DSCN0061-www.jpg 1024w, https:\/\/www.milosnicylasu.olsztyn.pl\/wp-content\/uploads\/2017\/02\/DSCN0061-www-400x300.jpg 400w\" sizes=\"auto, (max-width: 300px) 100vw, 300px\" \/><\/a>Pani Alina Rodziewicz przekaza\u0142a nam wiele informacji dotycz\u0105cych Parku Krajobrazowego Pojezierza I\u0142awskiego. Wyk\u0142ad poparty by\u0142 pi\u0119knymi zdj\u0119ciami. Dzi\u0119kujemy, liczymy na nast\u0119pne spotkanie.<\/p>\n<p>&nbsp;<\/p>\n<p>Dla przypomnienia kilka podstawowych informacji z wyk\u0142adu.<\/p>\n<p><em><strong>Park Krajobrazowy Pojezierza I\u0142awskiego<\/strong> \u2013 powsta\u0142y w roku 1993 park krajobrazowy po\u0142o\u017cony na pograniczu wojew\u00f3dztw warmi\u0144sko &#8211; mazurskiego\u00a0i pomorskiego. Obejmuje najcenniejszy pod wzgl\u0119dem przyrodniczym obszar Pojezierza I\u0142awskiego,\u00a0w tym jezioro Jeziorak\u00a0(najd\u0142u\u017csze w Polsce \u2013 27,5 km) oraz Jezioro Jasne\u00a0(o wyj\u0105tkowo czystej toni \u2013 przezroczysto\u015b\u0107 wody do 15 m). W granicach parku i jego otuliny znajduj\u0105 si\u0119 43 zbiorniki jeziorne o \u0142\u0105cznej powierzchni 6003 ha. Jeziorno\u015b\u0107 parku wynosi zatem 27%. Park obejmuje tereny charakterystyczne dla m\u0142odego krajobrazu polodowcowego. Licznie reprezentowane s\u0105 tu takie formy krajobrazu polodowcowego\u00a0jak pag\u00f3rki moreny czo\u0142owej, moren\u0119 denna, pola sandrowe\u00a0czy wype\u0142nione wodami jezior zag\u0142\u0119bienia po martwym lodzie<\/em><\/p>\n<p><em>Obszar Parku zamieszkuje \u0142\u0105cznie ok. 1340 mieszka\u0144c\u00f3w i jest podzielony mi\u0119dzy dwa wojew\u00f3dztwa<\/em><\/p>\n<ul>\n<li><em>obszar parku w wojew\u00f3dztwie warmi\u0144sko-mazurskim 224,04 km\u00b2 \u2013 otuliny parku 157,54 km\u00b2,<\/em><\/li>\n<li><em>obszar parku w wojew\u00f3dztwie pomorskim 26,41 km\u00b2 \u2013 otuliny parku 22,84 km\u00b2.<\/em><\/li>\n<\/ul>\n<p><em>Jezioro Jeziorak\u00a0wraz z otaczaj\u0105cym go kompleksem le\u015bnym stanowi zbi\u00f3r unikatowych zasob\u00f3w fauny i flory. Jest ostoj\u0105 wielu gatunk\u00f3w ptak\u00f3w, jak np. czapli, kormoran\u00f3w, \u017curawi,\u00a0w tym tak\u017ce niezwykle rzadkich ptak\u00f3w drapie\u017cnych: bielik\u00f3w, rybo\u0142ow\u00f3w czy ka\u0144 rudych.\u00a0W kompleksach le\u015bnych bytuj\u0105 popularne i rzadsze gatunki zwierzyny \u0142ownej:sarny,dziki, jelenie, \u0142osie. Zim\u0105 pojawiaj\u0105 si\u0119 czasami wilki.<\/em><\/p>\n<p>W drugiej cz\u0119\u015bci spotkania prezes Anatol Leszczy\u0144ski om\u00f3wi\u0142 realizacje planu pracy w styczniu br. i przedstawi\u0142 propozycje na luty. Zaprosi\u0142 do sobotnich spacer\u00f3w, trening\u00f3w strzeleckich i na wycieczk\u0119 do Gniewa. Jest jeszcze kilka wolnych miejsc &#8211; zapraszamy.<\/p>\n<p>Wyjazd 25 lutego, koszt 65 z\u0142. Odp\u0142atno\u015b\u0107\u00a0przyjmuje Rysia Wiejek.<\/p>\n<p><a href=\"http:\/\/www.milosnicylasu.olsztyn.pl\/wp-content\/uploads\/2017\/02\/DSCN0071-www.jpg\" rel=\"attachment wp-att-3413\" data-rel=\"lightbox-image-2\" data-magnific_type=\"image\" data-rl_title=\"\" data-rl_caption=\"\" title=\"\"><img loading=\"lazy\" decoding=\"async\" class=\"size-medium wp-image-3413 alignleft\" src=\"http:\/\/www.milosnicylasu.olsztyn.pl\/wp-content\/uploads\/2017\/02\/DSCN0071-www-300x225.jpg\" alt=\"DSCN0071-www\" width=\"300\" height=\"225\" srcset=\"https:\/\/www.milosnicylasu.olsztyn.pl\/wp-content\/uploads\/2017\/02\/DSCN0071-www-300x225.jpg 300w, https:\/\/www.milosnicylasu.olsztyn.pl\/wp-content\/uploads\/2017\/02\/DSCN0071-www-768x576.jpg 768w, https:\/\/www.milosnicylasu.olsztyn.pl\/wp-content\/uploads\/2017\/02\/DSCN0071-www.jpg 1024w, https:\/\/www.milosnicylasu.olsztyn.pl\/wp-content\/uploads\/2017\/02\/DSCN0071-www-400x300.jpg 400w\" sizes=\"auto, (max-width: 300px) 100vw, 300px\" \/><\/a><\/p>\n<p>&nbsp;<\/p>\n<p>W czasie zebrania swoje prace zaprezentowali Bo\u017cenka B\u0142aszczuk<a href=\"http:\/\/www.milosnicylasu.olsztyn.pl\/wp-content\/uploads\/2017\/02\/DSCN0076-www.jpg\" rel=\"attachment wp-att-3414\" data-rel=\"lightbox-image-3\" data-magnific_type=\"image\" data-rl_title=\"\" data-rl_caption=\"\" title=\"\"><img loading=\"lazy\" decoding=\"async\" class=\"size-medium wp-image-3414 alignright\" src=\"http:\/\/www.milosnicylasu.olsztyn.pl\/wp-content\/uploads\/2017\/02\/DSCN0076-www-300x225.jpg\" alt=\"DSCN0076-www\" width=\"300\" height=\"225\" srcset=\"https:\/\/www.milosnicylasu.olsztyn.pl\/wp-content\/uploads\/2017\/02\/DSCN0076-www-300x225.jpg 300w, https:\/\/www.milosnicylasu.olsztyn.pl\/wp-content\/uploads\/2017\/02\/DSCN0076-www-768x576.jpg 768w, https:\/\/www.milosnicylasu.olsztyn.pl\/wp-content\/uploads\/2017\/02\/DSCN0076-www.jpg 1024w, https:\/\/www.milosnicylasu.olsztyn.pl\/wp-content\/uploads\/2017\/02\/DSCN0076-www-400x300.jpg 400w\" sizes=\"auto, (max-width: 300px) 100vw, 300px\" \/><\/a><\/p>\n<p>&nbsp;<\/p>\n<p>&nbsp;<\/p>\n<p>&nbsp;<\/p>\n<p>i Rysiu Chudziakiewicz.<\/p>\n<p>Pi\u0119kne, gratulujemy!<\/p>\n<p>&nbsp;<\/p>\n<p>&nbsp;<\/p>\n","protected":false},"excerpt":{"rendered":"<p>W czasie ostatniego czwartku ekologicznego &#8211; 2 lutego 2017 roku &#8211; mieli\u015bmy mo\u017cliwo\u015b\u0107 spotkania si\u0119 z wyj\u0105tkowymi osobami: z Pani\u0105 Alin\u0105 Rodziewicz z Zespo\u0142u Park\u00f3w Krajobrazowych Pojezierza I\u0142awskiego i Wzg\u00f3rz Dylewskich oraz z Panem Mariuszem G\u00f3rskim &#8211; K\u0142odzi\u0144skim &#8211; Naczelnikiem Wydzia\u0142u Ochrony Ekosystem\u00f3w w Regionalnej Dyrekcji Las\u00f3w Pa\u0144stwowych w Olsztynie. Od Pana Naczelnika us\u0142yszeli\u015bmy wiele [&hellip;]<\/p>\n","protected":false},"author":2,"featured_media":0,"comment_status":"open","ping_status":"open","sticky":false,"template":"","format":"standard","meta":{"footnotes":""},"categories":[1,9,4,3],"tags":[],"class_list":["post-3409","post","type-post","status-publish","format-standard","hentry","category-bez-kategorii","category-ciekawostki","category-wystawy","category-zebrania"],"_links":{"self":[{"href":"https:\/\/www.milosnicylasu.olsztyn.pl\/index.php?rest_route=\/wp\/v2\/posts\/3409","targetHints":{"allow":["GET"]}}],"collection":[{"href":"https:\/\/www.milosnicylasu.olsztyn.pl\/index.php?rest_route=\/wp\/v2\/posts"}],"about":[{"href":"https:\/\/www.milosnicylasu.olsztyn.pl\/index.php?rest_route=\/wp\/v2\/types\/post"}],"author":[{"embeddable":true,"href":"https:\/\/www.milosnicylasu.olsztyn.pl\/index.php?rest_route=\/wp\/v2\/users\/2"}],"replies":[{"embeddable":true,"href":"https:\/\/www.milosnicylasu.olsztyn.pl\/index.php?rest_route=%2Fwp%2Fv2%2Fcomments&post=3409"}],"version-history":[{"count":4,"href":"https:\/\/www.milosnicylasu.olsztyn.pl\/index.php?rest_route=\/wp\/v2\/posts\/3409\/revisions"}],"predecessor-version":[{"id":3417,"href":"https:\/\/www.milosnicylasu.olsztyn.pl\/index.php?rest_route=\/wp\/v2\/posts\/3409\/revisions\/3417"}],"wp:attachment":[{"href":"https:\/\/www.milosnicylasu.olsztyn.pl\/index.php?rest_route=%2Fwp%2Fv2%2Fmedia&parent=3409"}],"wp:term":[{"taxonomy":"category","embeddable":true,"href":"https:\/\/www.milosnicylasu.olsztyn.pl\/index.php?rest_route=%2Fwp%2Fv2%2Fcategories&post=3409"},{"taxonomy":"post_tag","embeddable":true,"href":"https:\/\/www.milosnicylasu.olsztyn.pl\/index.php?rest_route=%2Fwp%2Fv2%2Ftags&post=3409"}],"curies":[{"name":"wp","href":"https:\/\/api.w.org\/{rel}","templated":true}]}}