{"id":3424,"date":"2017-02-07T06:14:13","date_gmt":"2017-02-07T05:14:13","guid":{"rendered":"http:\/\/www.milosnicylasu.olsztyn.pl\/?p=3424"},"modified":"2017-02-07T06:14:13","modified_gmt":"2017-02-07T05:14:13","slug":"zimowy-rajd-na-orientacje-2017","status":"publish","type":"post","link":"https:\/\/www.milosnicylasu.olsztyn.pl\/?p=3424","title":{"rendered":"Zimowy Rajd na Orientacj\u0119 2017"},"content":{"rendered":"<p><a href=\"http:\/\/www.milosnicylasu.olsztyn.pl\/wp-content\/uploads\/2017\/02\/DSCN0078-www.jpg\" rel=\"attachment wp-att-3425\" data-rel=\"lightbox-image-0\" data-magnific_type=\"image\" data-rl_title=\"\" data-rl_caption=\"\" title=\"\"><img loading=\"lazy\" decoding=\"async\" class=\"size-medium wp-image-3425 alignleft\" src=\"http:\/\/www.milosnicylasu.olsztyn.pl\/wp-content\/uploads\/2017\/02\/DSCN0078-www-300x225.jpg\" alt=\"DSCN0078-www\" width=\"300\" height=\"225\" srcset=\"https:\/\/www.milosnicylasu.olsztyn.pl\/wp-content\/uploads\/2017\/02\/DSCN0078-www-300x225.jpg 300w, https:\/\/www.milosnicylasu.olsztyn.pl\/wp-content\/uploads\/2017\/02\/DSCN0078-www-768x576.jpg 768w, https:\/\/www.milosnicylasu.olsztyn.pl\/wp-content\/uploads\/2017\/02\/DSCN0078-www.jpg 1024w, https:\/\/www.milosnicylasu.olsztyn.pl\/wp-content\/uploads\/2017\/02\/DSCN0078-www-400x300.jpg 400w\" sizes=\"auto, (max-width: 300px) 100vw, 300px\" \/><\/a><\/p>\n<p>4 lutego 2017 roku odby\u0142 si\u0119 &#8222;Zimowy Rajd na Orientacj\u0119 2017&#8221;, w kt\u00f3rym wzi\u0119\u0142o udzia\u0142 16 os\u00f3b.<\/p>\n<p>Trasa by\u0142a trudna, jednak \u00a0troch\u0119 zm\u0119czonym uczestnikom w\u0119dr\u00f3wki uda\u0142o si\u0119 dotrze\u0107 do mety.\u00a0Na pami\u0105tk\u0119 tego wydarzenia otrzymaj\u0105 na najbli\u017cszym zebraniu medale.<\/p>\n<p>By\u0142 to pi\u0105ty tego typu rajd organizowany przez Ko\u0142o.<\/p>\n","protected":false},"excerpt":{"rendered":"<p>4 lutego 2017 roku odby\u0142 si\u0119 &#8222;Zimowy Rajd na Orientacj\u0119 2017&#8221;, w kt\u00f3rym wzi\u0119\u0142o udzia\u0142 16 os\u00f3b. Trasa by\u0142a trudna, jednak \u00a0troch\u0119 zm\u0119czonym uczestnikom w\u0119dr\u00f3wki uda\u0142o si\u0119 dotrze\u0107 do mety.\u00a0Na pami\u0105tk\u0119 tego wydarzenia otrzymaj\u0105 na najbli\u017cszym zebraniu medale. By\u0142 to pi\u0105ty tego typu rajd organizowany przez Ko\u0142o.<\/p>\n","protected":false},"author":2,"featured_media":0,"comment_status":"open","ping_status":"open","sticky":false,"template":"","format":"standard","meta":{"footnotes":""},"categories":[1,9,2],"tags":[],"class_list":["post-3424","post","type-post","status-publish","format-standard","hentry","category-bez-kategorii","category-ciekawostki","category-rajdy"],"_links":{"self":[{"href":"https:\/\/www.milosnicylasu.olsztyn.pl\/index.php?rest_route=\/wp\/v2\/posts\/3424","targetHints":{"allow":["GET"]}}],"collection":[{"href":"https:\/\/www.milosnicylasu.olsztyn.pl\/index.php?rest_route=\/wp\/v2\/posts"}],"about":[{"href":"https:\/\/www.milosnicylasu.olsztyn.pl\/index.php?rest_route=\/wp\/v2\/types\/post"}],"author":[{"embeddable":true,"href":"https:\/\/www.milosnicylasu.olsztyn.pl\/index.php?rest_route=\/wp\/v2\/users\/2"}],"replies":[{"embeddable":true,"href":"https:\/\/www.milosnicylasu.olsztyn.pl\/index.php?rest_route=%2Fwp%2Fv2%2Fcomments&post=3424"}],"version-history":[{"count":1,"href":"https:\/\/www.milosnicylasu.olsztyn.pl\/index.php?rest_route=\/wp\/v2\/posts\/3424\/revisions"}],"predecessor-version":[{"id":3426,"href":"https:\/\/www.milosnicylasu.olsztyn.pl\/index.php?rest_route=\/wp\/v2\/posts\/3424\/revisions\/3426"}],"wp:attachment":[{"href":"https:\/\/www.milosnicylasu.olsztyn.pl\/index.php?rest_route=%2Fwp%2Fv2%2Fmedia&parent=3424"}],"wp:term":[{"taxonomy":"category","embeddable":true,"href":"https:\/\/www.milosnicylasu.olsztyn.pl\/index.php?rest_route=%2Fwp%2Fv2%2Fcategories&post=3424"},{"taxonomy":"post_tag","embeddable":true,"href":"https:\/\/www.milosnicylasu.olsztyn.pl\/index.php?rest_route=%2Fwp%2Fv2%2Ftags&post=3424"}],"curies":[{"name":"wp","href":"https:\/\/api.w.org\/{rel}","templated":true}]}}