{"id":3427,"date":"2017-02-07T16:29:56","date_gmt":"2017-02-07T15:29:56","guid":{"rendered":"http:\/\/www.milosnicylasu.olsztyn.pl\/?p=3427"},"modified":"2017-02-07T16:29:56","modified_gmt":"2017-02-07T15:29:56","slug":"bardzo-dobre-lokaty-w-zawodach-organizowanych-przez-lok","status":"publish","type":"post","link":"https:\/\/www.milosnicylasu.olsztyn.pl\/?p=3427","title":{"rendered":"Bardzo dobre lokaty w zawodach organizowanych przez LOK"},"content":{"rendered":"<p><a href=\"http:\/\/www.milosnicylasu.olsztyn.pl\/wp-content\/uploads\/2017\/02\/DSCN0082-www.jpg\" rel=\"attachment wp-att-3428\" data-rel=\"lightbox-image-0\" data-magnific_type=\"image\" data-rl_title=\"\" data-rl_caption=\"\" title=\"\"><img loading=\"lazy\" decoding=\"async\" class=\"size-medium wp-image-3428 alignleft\" src=\"http:\/\/www.milosnicylasu.olsztyn.pl\/wp-content\/uploads\/2017\/02\/DSCN0082-www-300x225.jpg\" alt=\"DSCN0082-www\" width=\"300\" height=\"225\" srcset=\"https:\/\/www.milosnicylasu.olsztyn.pl\/wp-content\/uploads\/2017\/02\/DSCN0082-www-300x225.jpg 300w, https:\/\/www.milosnicylasu.olsztyn.pl\/wp-content\/uploads\/2017\/02\/DSCN0082-www-768x576.jpg 768w, https:\/\/www.milosnicylasu.olsztyn.pl\/wp-content\/uploads\/2017\/02\/DSCN0082-www.jpg 1024w, https:\/\/www.milosnicylasu.olsztyn.pl\/wp-content\/uploads\/2017\/02\/DSCN0082-www-400x300.jpg 400w\" sizes=\"auto, (max-width: 300px) 100vw, 300px\" \/><\/a>6 lutego 2017 roku cz\u0142onkowie Ko\u0142a Mi\u0142o\u015bnik\u00f3w Lasu i Militari\u00f3w LOK przy ATW w Olsztynie uczestniczyli \u00a0w \u00a0Zawodach dla Mieszka\u0144c\u00f3w Olsztyna w strzelaniu z broni sportowej, organizowanych przez Zarz\u0105d Powiatowy LOK. Kierownikiem zawod\u00f3w by\u0142 J\u00f3zef Klucz.<\/p>\n<p>&nbsp;<\/p>\n<p>Nasi cz\u0142onkowie zaj\u0119li bardzo wysokie lokaty.<a href=\"http:\/\/www.milosnicylasu.olsztyn.pl\/wp-content\/uploads\/2017\/02\/DSCN0088-www.jpg\" rel=\"attachment wp-att-3429\" data-rel=\"lightbox-image-1\" data-magnific_type=\"image\" data-rl_title=\"\" data-rl_caption=\"\" title=\"\"><img loading=\"lazy\" decoding=\"async\" class=\"size-medium wp-image-3429 aligncenter\" src=\"http:\/\/www.milosnicylasu.olsztyn.pl\/wp-content\/uploads\/2017\/02\/DSCN0088-www-300x225.jpg\" alt=\"DSCN0088-www\" width=\"300\" height=\"225\" srcset=\"https:\/\/www.milosnicylasu.olsztyn.pl\/wp-content\/uploads\/2017\/02\/DSCN0088-www-300x225.jpg 300w, https:\/\/www.milosnicylasu.olsztyn.pl\/wp-content\/uploads\/2017\/02\/DSCN0088-www-768x576.jpg 768w, https:\/\/www.milosnicylasu.olsztyn.pl\/wp-content\/uploads\/2017\/02\/DSCN0088-www.jpg 1024w, https:\/\/www.milosnicylasu.olsztyn.pl\/wp-content\/uploads\/2017\/02\/DSCN0088-www-400x300.jpg 400w\" sizes=\"auto, (max-width: 300px) 100vw, 300px\" \/><\/a><\/p>\n<p><strong>W kategorii pa\u0144:<\/strong><\/p>\n<p>1 miejsce \u00a0&#8211; Zofia Siemianowska 80 pkt<\/p>\n<p>2 miejsce &#8211; Ewa Rakowska \u00a0 \u00a0 \u00a0 \u00a0 \u00a080 pkt<\/p>\n<p>3 miejsce &#8211; Teresa Mielczarska \u00a0 \u00a0 69 pkt<\/p>\n<p><strong>A panowie:<\/strong><\/p>\n<p>1 miejsce &#8211; \u00a0Waldemar Chrzanowski \u00a0 \u00a0 96 pkt<\/p>\n<p>2 miejsce &#8211; Anatol Leszczy\u0144ski \u00a0 \u00a0 \u00a0 \u00a0 \u00a0 \u00a0 \u00a095 pkt<\/p>\n<p>3 miejsce &#8211; W\u0142odzimierz Siemianowski \u00a0 \u00a091 pkt<\/p>\n<p>Na zako\u0144czenie zawod\u00f3w zosta\u0142y wr\u0119czone dyplomy. <strong>Gratulujemy!<\/strong><\/p>\n<p>&nbsp;<\/p>\n","protected":false},"excerpt":{"rendered":"<p>6 lutego 2017 roku cz\u0142onkowie Ko\u0142a Mi\u0142o\u015bnik\u00f3w Lasu i Militari\u00f3w LOK przy ATW w Olsztynie uczestniczyli \u00a0w \u00a0Zawodach dla Mieszka\u0144c\u00f3w Olsztyna w strzelaniu z broni sportowej, organizowanych przez Zarz\u0105d Powiatowy LOK. Kierownikiem zawod\u00f3w by\u0142 J\u00f3zef Klucz. &nbsp; Nasi cz\u0142onkowie zaj\u0119li bardzo wysokie lokaty. W kategorii pa\u0144: 1 miejsce \u00a0&#8211; Zofia Siemianowska 80 pkt 2 miejsce [&hellip;]<\/p>\n","protected":false},"author":2,"featured_media":0,"comment_status":"open","ping_status":"open","sticky":false,"template":"","format":"standard","meta":{"footnotes":""},"categories":[1,9,8],"tags":[],"class_list":["post-3427","post","type-post","status-publish","format-standard","hentry","category-bez-kategorii","category-ciekawostki","category-zawody-strzeleckie"],"_links":{"self":[{"href":"https:\/\/www.milosnicylasu.olsztyn.pl\/index.php?rest_route=\/wp\/v2\/posts\/3427","targetHints":{"allow":["GET"]}}],"collection":[{"href":"https:\/\/www.milosnicylasu.olsztyn.pl\/index.php?rest_route=\/wp\/v2\/posts"}],"about":[{"href":"https:\/\/www.milosnicylasu.olsztyn.pl\/index.php?rest_route=\/wp\/v2\/types\/post"}],"author":[{"embeddable":true,"href":"https:\/\/www.milosnicylasu.olsztyn.pl\/index.php?rest_route=\/wp\/v2\/users\/2"}],"replies":[{"embeddable":true,"href":"https:\/\/www.milosnicylasu.olsztyn.pl\/index.php?rest_route=%2Fwp%2Fv2%2Fcomments&post=3427"}],"version-history":[{"count":1,"href":"https:\/\/www.milosnicylasu.olsztyn.pl\/index.php?rest_route=\/wp\/v2\/posts\/3427\/revisions"}],"predecessor-version":[{"id":3430,"href":"https:\/\/www.milosnicylasu.olsztyn.pl\/index.php?rest_route=\/wp\/v2\/posts\/3427\/revisions\/3430"}],"wp:attachment":[{"href":"https:\/\/www.milosnicylasu.olsztyn.pl\/index.php?rest_route=%2Fwp%2Fv2%2Fmedia&parent=3427"}],"wp:term":[{"taxonomy":"category","embeddable":true,"href":"https:\/\/www.milosnicylasu.olsztyn.pl\/index.php?rest_route=%2Fwp%2Fv2%2Fcategories&post=3427"},{"taxonomy":"post_tag","embeddable":true,"href":"https:\/\/www.milosnicylasu.olsztyn.pl\/index.php?rest_route=%2Fwp%2Fv2%2Ftags&post=3427"}],"curies":[{"name":"wp","href":"https:\/\/api.w.org\/{rel}","templated":true}]}}