{"id":3432,"date":"2017-02-08T07:43:36","date_gmt":"2017-02-08T06:43:36","guid":{"rendered":"http:\/\/www.milosnicylasu.olsztyn.pl\/?p=3432"},"modified":"2017-02-08T07:44:44","modified_gmt":"2017-02-08T06:44:44","slug":"odznaczenie-dla-nadlesnictwa-jagielek","status":"publish","type":"post","link":"https:\/\/www.milosnicylasu.olsztyn.pl\/?p=3432","title":{"rendered":"Odznaczenie dla Nadle\u015bnictwa Jagie\u0142ek"},"content":{"rendered":"<p><a href=\"http:\/\/www.milosnicylasu.olsztyn.pl\/wp-content\/uploads\/2017\/02\/DSCN0095-www.jpg\" rel=\"attachment wp-att-3433\" data-rel=\"lightbox-image-0\" data-magnific_type=\"image\" data-rl_title=\"\" data-rl_caption=\"\" title=\"\"><img loading=\"lazy\" decoding=\"async\" class=\"size-medium wp-image-3433 alignleft\" src=\"http:\/\/www.milosnicylasu.olsztyn.pl\/wp-content\/uploads\/2017\/02\/DSCN0095-www-300x225.jpg\" alt=\"DSCN0095-www\" width=\"300\" height=\"225\" srcset=\"https:\/\/www.milosnicylasu.olsztyn.pl\/wp-content\/uploads\/2017\/02\/DSCN0095-www-300x225.jpg 300w, https:\/\/www.milosnicylasu.olsztyn.pl\/wp-content\/uploads\/2017\/02\/DSCN0095-www-768x576.jpg 768w, https:\/\/www.milosnicylasu.olsztyn.pl\/wp-content\/uploads\/2017\/02\/DSCN0095-www.jpg 1024w, https:\/\/www.milosnicylasu.olsztyn.pl\/wp-content\/uploads\/2017\/02\/DSCN0095-www-400x300.jpg 400w\" sizes=\"auto, (max-width: 300px) 100vw, 300px\" \/><\/a>7 lutego 2017 roku, Anatol Leszczy\u0144ski prezes Ko\u0142a Mi\u0142o\u015bnik\u00f3w Lasu i Militari\u00f3w LOK przy Akademii Trzeciego Wieku w Olsztynie, przekaza\u0142 na r\u0119ce Pani Bo\u017ceny Przes\u0142aw Nadle\u015bniczemu Nadle\u015bnictwa Jagie\u0142ek, medal zbiorowy &#8222;Za zas\u0142ugi dla Ligi Obrony Kraju&#8221;.<\/p>\n<p><a href=\"http:\/\/www.milosnicylasu.olsztyn.pl\/wp-content\/uploads\/2017\/02\/DSCN0092-www.jpg\" rel=\"attachment wp-att-3434\" data-rel=\"lightbox-image-1\" data-magnific_type=\"image\" data-rl_title=\"\" data-rl_caption=\"\" title=\"\"><img loading=\"lazy\" decoding=\"async\" class=\"size-medium wp-image-3434 alignright\" src=\"http:\/\/www.milosnicylasu.olsztyn.pl\/wp-content\/uploads\/2017\/02\/DSCN0092-www-300x225.jpg\" alt=\"DSCN0092-www\" width=\"300\" height=\"225\" srcset=\"https:\/\/www.milosnicylasu.olsztyn.pl\/wp-content\/uploads\/2017\/02\/DSCN0092-www-300x225.jpg 300w, https:\/\/www.milosnicylasu.olsztyn.pl\/wp-content\/uploads\/2017\/02\/DSCN0092-www-768x576.jpg 768w, https:\/\/www.milosnicylasu.olsztyn.pl\/wp-content\/uploads\/2017\/02\/DSCN0092-www.jpg 1024w, https:\/\/www.milosnicylasu.olsztyn.pl\/wp-content\/uploads\/2017\/02\/DSCN0092-www-400x300.jpg 400w\" sizes=\"auto, (max-width: 300px) 100vw, 300px\" \/><\/a>Prezes podkre\u015bli\u0142, \u017ce medal jest wyrazem naszej wdzi\u0119czno\u015bci \u00a0za dotychczasow\u0105 wsp\u00f3\u0142prac\u0119 z Nadle\u015bnictwem Jagie\u0142ek. Jest to te\u017c okazja do z\u0142o\u017cenia podzi\u0119kowa\u0144 dla wielu le\u015bnik\u00f3w Nadle\u015bnictwa, kt\u00f3rzy umo\u017cliwili nam edukacj\u0119 przyrodniczo-le\u015bn\u0105 podczas dwukrotnego pobytu. Dowiedzieli\u015bmy si\u0119 wiele, du\u017co zobaczyli\u015bmy, mogli\u015bmy poobcowa\u0107 z przyjaznymi lud\u017ami i wspania\u0142\u0105 przyrod\u0105.<\/p>\n<p>Dzi\u0119kujemy!<\/p>\n<p>Dla przypomnienia podaj\u0119 kilka danych Nadle\u015bnictwa Jagie\u0142ek.<\/p>\n<p>Wed\u0142ug przekazu Jana D\u0142ugosza po bitwie pod Grunwaldem w 1410 roku kr\u00f3l W\u0142adys\u0142aw Jagie\u0142\u0142o odpoczywa\u0142 w okolicy Olsztynka. Od tego czasu miejsce to nosi nazw\u0119 Jagie\u0142ek i od niego wzi\u0119\u0142a si\u0119 nazwa Nadle\u015bnictwa.<\/p>\n<p>Nadle\u015bnictwo Jagie\u0142ek po\u0142o\u017cone jest na terenie Wojew\u00f3dztwa Warmi\u0144sko -Mazurskiego w nast\u0119puj\u0105cych gminach: Gietrzwa\u0142d, Grunwald, Olsztynek, Ostr\u00f3da i Stawiguda. \u00a0Powierzchnia og\u00f3lna Nadle\u015bnictwa Jagie\u0142ek wynosi 11 771,49 ha w tym le\u015bna 10 979,00 ha. Zasi\u0119g terytorialny to 218,48 km2. Nadle\u015bnictwo sk\u0142ada si\u0119 z jednego obr\u0119bu. \u015arednia lesisto\u015b\u0107 wynosz\u0105ca blisko 53 % znacznie przekracza lesisto\u015b\u0107 wojew\u00f3dztwa warmi\u0144sko-mazurskiego jak r\u00f3wnie\u017c kraju. W sk\u0142ad Nadle\u015bnictwa wchodzi 8 le\u015bnictw: Mitelki, Kieraj, Makruty, Wym\u00f3j, Macierzanka, Jagie\u0142ek, Potok, Warlity oraz Szk\u00f3\u0142ka.<\/p>\n<p>I dla przypomnienia r\u00f3wnie\u017c, jedno zdj\u0119cie z pobytu cz\u0142onk\u00f3w Ko\u0142a w Nadle\u015bnictwie Jagie\u0142ek w 2015 roku.<br \/>\n<a href=\"http:\/\/www.milosnicylasu.olsztyn.pl\/wp-content\/uploads\/2017\/02\/DSCN0159-www.jpg\" rel=\"attachment wp-att-3435\" data-rel=\"lightbox-image-2\" data-magnific_type=\"image\" data-rl_title=\"\" data-rl_caption=\"\" title=\"\"><img loading=\"lazy\" decoding=\"async\" class=\"size-medium wp-image-3435 aligncenter\" src=\"http:\/\/www.milosnicylasu.olsztyn.pl\/wp-content\/uploads\/2017\/02\/DSCN0159-www-300x225.jpg\" alt=\"DSCN0159-www\" width=\"300\" height=\"225\" srcset=\"https:\/\/www.milosnicylasu.olsztyn.pl\/wp-content\/uploads\/2017\/02\/DSCN0159-www-300x225.jpg 300w, https:\/\/www.milosnicylasu.olsztyn.pl\/wp-content\/uploads\/2017\/02\/DSCN0159-www-768x576.jpg 768w, https:\/\/www.milosnicylasu.olsztyn.pl\/wp-content\/uploads\/2017\/02\/DSCN0159-www.jpg 1024w, https:\/\/www.milosnicylasu.olsztyn.pl\/wp-content\/uploads\/2017\/02\/DSCN0159-www-400x300.jpg 400w\" sizes=\"auto, (max-width: 300px) 100vw, 300px\" \/><\/a><\/p>\n<p>&nbsp;<\/p>\n","protected":false},"excerpt":{"rendered":"<p>7 lutego 2017 roku, Anatol Leszczy\u0144ski prezes Ko\u0142a Mi\u0142o\u015bnik\u00f3w Lasu i Militari\u00f3w LOK przy Akademii Trzeciego Wieku w Olsztynie, przekaza\u0142 na r\u0119ce Pani Bo\u017ceny Przes\u0142aw Nadle\u015bniczemu Nadle\u015bnictwa Jagie\u0142ek, medal zbiorowy &#8222;Za zas\u0142ugi dla Ligi Obrony Kraju&#8221;. Prezes podkre\u015bli\u0142, \u017ce medal jest wyrazem naszej wdzi\u0119czno\u015bci \u00a0za dotychczasow\u0105 wsp\u00f3\u0142prac\u0119 z Nadle\u015bnictwem Jagie\u0142ek. Jest to te\u017c okazja do [&hellip;]<\/p>\n","protected":false},"author":2,"featured_media":0,"comment_status":"open","ping_status":"open","sticky":false,"template":"","format":"standard","meta":{"footnotes":""},"categories":[1,9,6],"tags":[],"class_list":["post-3432","post","type-post","status-publish","format-standard","hentry","category-bez-kategorii","category-ciekawostki","category-odznaczenia"],"_links":{"self":[{"href":"https:\/\/www.milosnicylasu.olsztyn.pl\/index.php?rest_route=\/wp\/v2\/posts\/3432","targetHints":{"allow":["GET"]}}],"collection":[{"href":"https:\/\/www.milosnicylasu.olsztyn.pl\/index.php?rest_route=\/wp\/v2\/posts"}],"about":[{"href":"https:\/\/www.milosnicylasu.olsztyn.pl\/index.php?rest_route=\/wp\/v2\/types\/post"}],"author":[{"embeddable":true,"href":"https:\/\/www.milosnicylasu.olsztyn.pl\/index.php?rest_route=\/wp\/v2\/users\/2"}],"replies":[{"embeddable":true,"href":"https:\/\/www.milosnicylasu.olsztyn.pl\/index.php?rest_route=%2Fwp%2Fv2%2Fcomments&post=3432"}],"version-history":[{"count":3,"href":"https:\/\/www.milosnicylasu.olsztyn.pl\/index.php?rest_route=\/wp\/v2\/posts\/3432\/revisions"}],"predecessor-version":[{"id":3438,"href":"https:\/\/www.milosnicylasu.olsztyn.pl\/index.php?rest_route=\/wp\/v2\/posts\/3432\/revisions\/3438"}],"wp:attachment":[{"href":"https:\/\/www.milosnicylasu.olsztyn.pl\/index.php?rest_route=%2Fwp%2Fv2%2Fmedia&parent=3432"}],"wp:term":[{"taxonomy":"category","embeddable":true,"href":"https:\/\/www.milosnicylasu.olsztyn.pl\/index.php?rest_route=%2Fwp%2Fv2%2Fcategories&post=3432"},{"taxonomy":"post_tag","embeddable":true,"href":"https:\/\/www.milosnicylasu.olsztyn.pl\/index.php?rest_route=%2Fwp%2Fv2%2Ftags&post=3432"}],"curies":[{"name":"wp","href":"https:\/\/api.w.org\/{rel}","templated":true}]}}